{"id":33360,"date":"2022-08-25T13:35:30","date_gmt":"2022-08-25T16:35:30","guid":{"rendered":"https:\/\/atecordoba.org\/?p=33360"},"modified":"2022-08-25T13:45:41","modified_gmt":"2022-08-25T16:45:41","slug":"ate-cerro-la-paritaria-en-holmberg","status":"publish","type":"post","link":"https:\/\/atecordoba.org\/?p=33360","title":{"rendered":"ATE cerr\u00f3 la paritaria en Holmberg"},"content":{"rendered":"\n<div class=\"wp-block-image\"><figure class=\"aligncenter size-large is-resized\"><img loading=\"lazy\" decoding=\"async\" src=\"https:\/\/atecordoba.org\/wp-content\/uploads\/2022\/08\/IMG-20220825-WA0019-1-1024x461.jpg\" alt=\"\" class=\"wp-image-33361\" width=\"768\" height=\"346\" srcset=\"https:\/\/atecordoba.org\/wp-content\/uploads\/2022\/08\/IMG-20220825-WA0019-1-1024x461.jpg 1024w, https:\/\/atecordoba.org\/wp-content\/uploads\/2022\/08\/IMG-20220825-WA0019-1-300x135.jpg 300w, https:\/\/atecordoba.org\/wp-content\/uploads\/2022\/08\/IMG-20220825-WA0019-1-768x346.jpg 768w, https:\/\/atecordoba.org\/wp-content\/uploads\/2022\/08\/IMG-20220825-WA0019-1-1536x691.jpg 1536w, https:\/\/atecordoba.org\/wp-content\/uploads\/2022\/08\/IMG-20220825-WA0019-1-750x338.jpg 750w, https:\/\/atecordoba.org\/wp-content\/uploads\/2022\/08\/IMG-20220825-WA0019-1-1140x513.jpg 1140w, https:\/\/atecordoba.org\/wp-content\/uploads\/2022\/08\/IMG-20220825-WA0019-1.jpg 1600w\" sizes=\"auto, (max-width: 768px) 100vw, 768px\" \/><\/figure><\/div>\n\n\n\n<p>La seccional ATE R\u00edo Cuarto concret\u00f3 hoy el acuerdo salarial, en el marco de la paritaria municipal de la localidad de Holmberg. <\/p>\n\n\n\n<p>La delegaci\u00f3n estatal acord\u00f3 con el Ejecutivo una recomposici\u00f3n del 30% para la segunda parte del a\u00f1o, se suma al 27% anterior. <\/p>\n\n\n\n<p>Adem\u00e1s, se sent\u00f3 el compromiso de que las partes se re\u00fanan nuevamente en enero  para igualar seg\u00fan la pauta inflacionaria del 2022, m\u00e1s la posibilidad de aumento salarial del 2% que debe quedar como aumento por encima del c\u00e1lculo de precios.<\/p>\n\n\n\n<p>Cabe destacar que por gestiones del delegado local, compa\u00f1ero Sergio De Haes, el municipio hizo entrega d\u00edas anteriores de camperas de abrigo para todos y todos los agentes que se desempe\u00f1an en exteriores. <\/p>\n\n\n\n<p>En la oportunidad, ATE hizo entrega de los presentes del d\u00eda de la ni\u00f1ez a las y los afiliados.<\/p>\n","protected":false},"excerpt":{"rendered":"<p>La seccional ATE R\u00edo Cuarto concret\u00f3 hoy el acuerdo salarial, en el marco de la paritaria municipal de la localidad de Holmberg. La delegaci\u00f3n estatal acord\u00f3 con el Ejecutivo una recomposici\u00f3n del 30% para la segunda parte del a\u00f1o, se suma al 27% anterior. Adem\u00e1s, se sent\u00f3 el compromiso de que las partes se re\u00fanan [&hellip;]<\/p>\n","protected":false},"author":7,"featured_media":33363,"comment_status":"open","ping_status":"open","sticky":false,"template":"","format":"standard","meta":{"_exactmetrics_skip_tracking":false,"_exactmetrics_sitenote_active":false,"_exactmetrics_sitenote_note":"","_exactmetrics_sitenote_category":0,"jnews-multi-image_gallery":[],"jnews_single_post":{"subtitle":"Se acord\u00f3 un 30% de recomposici\u00f3n para el segundo semestre y una nueva reuni\u00f3n en enero pr\u00f3ximo para equiparar la inflaci\u00f3n del 2022 y obtener un 2% por encima de la pauta inflacionaria.","format":"standard","video":"","gallery":"","source_name":"","source_url":"","via_name":"","via_url":"","override_template":"0","override":[{"template":"1","single_blog_custom":"","parallax":"1","fullscreen":"1","layout":"right-sidebar","sidebar":"default-sidebar","second_sidebar":"default-sidebar","sticky_sidebar":"1","share_position":"top","share_float_style":"share-monocrhome","show_share_counter":"1","show_view_counter":"1","show_featured":"1","show_post_meta":"1","show_post_author":"1","show_post_author_image":"1","show_post_date":"1","post_date_format":"default","post_date_format_custom":"Y\/m\/d","show_post_category":"1","show_post_reading_time":"0","post_reading_time_wpm":"300","show_zoom_button":"0","zoom_button_out_step":"2","zoom_button_in_step":"3","show_post_tag":"1","show_prev_next_post":"1","show_popup_post":"1","number_popup_post":"1","show_author_box":"0","show_post_related":"0","show_inline_post_related":"0"}],"override_image_size":"0","image_override":[{"single_post_thumbnail_size":"crop-500","single_post_gallery_size":"crop-500"}],"trending_post":"0","trending_post_position":"meta","trending_post_label":"Trending","sponsored_post":"0","sponsored_post_label":"Sponsored by","sponsored_post_name":"","sponsored_post_url":"","sponsored_post_logo_enable":"0","sponsored_post_logo":"","sponsored_post_desc":"","disable_ad":"0"},"jnews_primary_category":{"id":""},"jnews_social_meta":{"fb_title":"","fb_description":"","fb_image":"","twitter_title":"","twitter_description":"","twitter_image":""},"jnews_review":[],"enable_review":"0","type":"percentage","name":"","summary":"","brand":"","sku":"","good":[{"good_text":""}],"bad":[{"bad_text":""}],"score_override":"","override_value":"","rating":[{"rating_text":"","rating_number":"10"}],"price":[{"shop":"","price":"","link":"","icon":""}],"jnews_override_counter":{"override_view_counter":"0","view_counter_number":"0","override_share_counter":"0","share_counter_number":"0","override_like_counter":"0","like_counter_number":"0","override_dislike_counter":"0","dislike_counter_number":"0"},"jnews_post_split":{"enable_post_split":"0","post_split":[{"template":"1","tag":"h2","numbering":"asc","mode":"normal","first":"0","enable_toc":"0","toc_type":"normal"}]},"footnotes":""},"categories":[20],"tags":[622],"class_list":["post-33360","post","type-post","status-publish","format-standard","has-post-thumbnail","hentry","category-municipales","tag-holmberg"],"jetpack_featured_media_url":"https:\/\/atecordoba.org\/wp-content\/uploads\/2022\/08\/holmberg-e1661445882864.jpg","_links":{"self":[{"href":"https:\/\/atecordoba.org\/index.php?rest_route=\/wp\/v2\/posts\/33360","targetHints":{"allow":["GET"]}}],"collection":[{"href":"https:\/\/atecordoba.org\/index.php?rest_route=\/wp\/v2\/posts"}],"about":[{"href":"https:\/\/atecordoba.org\/index.php?rest_route=\/wp\/v2\/types\/post"}],"author":[{"embeddable":true,"href":"https:\/\/atecordoba.org\/index.php?rest_route=\/wp\/v2\/users\/7"}],"replies":[{"embeddable":true,"href":"https:\/\/atecordoba.org\/index.php?rest_route=%2Fwp%2Fv2%2Fcomments&post=33360"}],"version-history":[{"count":2,"href":"https:\/\/atecordoba.org\/index.php?rest_route=\/wp\/v2\/posts\/33360\/revisions"}],"predecessor-version":[{"id":33366,"href":"https:\/\/atecordoba.org\/index.php?rest_route=\/wp\/v2\/posts\/33360\/revisions\/33366"}],"wp:featuredmedia":[{"embeddable":true,"href":"https:\/\/atecordoba.org\/index.php?rest_route=\/wp\/v2\/media\/33363"}],"wp:attachment":[{"href":"https:\/\/atecordoba.org\/index.php?rest_route=%2Fwp%2Fv2%2Fmedia&parent=33360"}],"wp:term":[{"taxonomy":"category","embeddable":true,"href":"https:\/\/atecordoba.org\/index.php?rest_route=%2Fwp%2Fv2%2Fcategories&post=33360"},{"taxonomy":"post_tag","embeddable":true,"href":"https:\/\/atecordoba.org\/index.php?rest_route=%2Fwp%2Fv2%2Ftags&post=33360"}],"curies":[{"name":"wp","href":"https:\/\/api.w.org\/{rel}","templated":true}]}}