{"id":33348,"date":"2022-08-25T12:01:05","date_gmt":"2022-08-25T15:01:05","guid":{"rendered":"https:\/\/atecordoba.org\/?p=33348"},"modified":"2022-08-25T12:05:34","modified_gmt":"2022-08-25T15:05:34","slug":"cardozo-una-renuncia-que-no-exime-de-responsabilidad-de-la-crisis-del-sistema-de-salud-de-cordoba-a-juan-schiaretti","status":"publish","type":"post","link":"https:\/\/atecordoba.org\/?p=33348","title":{"rendered":"Cardozo: una renuncia que no exime de responsabilidad de la crisis del sistema de salud de C\u00f3rdoba a Juan Schiaretti"},"content":{"rendered":"\n<div class=\"wp-block-image\"><figure class=\"aligncenter size-full\"><img loading=\"lazy\" decoding=\"async\" width=\"839\" height=\"559\" src=\"https:\/\/atecordoba.org\/wp-content\/uploads\/2022\/08\/Cardozo-Schiaretti.jpg\" alt=\"\" class=\"wp-image-33350\" srcset=\"https:\/\/atecordoba.org\/wp-content\/uploads\/2022\/08\/Cardozo-Schiaretti.jpg 839w, https:\/\/atecordoba.org\/wp-content\/uploads\/2022\/08\/Cardozo-Schiaretti-300x200.jpg 300w, https:\/\/atecordoba.org\/wp-content\/uploads\/2022\/08\/Cardozo-Schiaretti-768x512.jpg 768w, https:\/\/atecordoba.org\/wp-content\/uploads\/2022\/08\/Cardozo-Schiaretti-750x500.jpg 750w\" sizes=\"auto, (max-width: 839px) 100vw, 839px\" \/><figcaption>Diego Cardozo (izquierda) junto a Juan Schiaretti.<\/figcaption><\/figure><\/div>\n\n\n\n<p><strong>Desde ATE C\u00f3rdoba celebramos la renuncia del ahora ex ministro Diego Cardozo y advertimos, sin embargo, que lo que debe cambiar es la pol\u00edtica de salud del Estado provincial.<\/strong><\/p>\n\n\n\n<p><strong>Desde el comienzo de la pandemia nuestro sindicato exigi\u00f3 la renuncia del funcionario<\/strong> por su p\u00e9sima gesti\u00f3n, a la vez que exig\u00edamos <strong>profundos cambios en la pol\u00edtica de salud<\/strong> que tengan como centro \u201ccuidar a quienes cuidan\u201d con salarios dignos, personal suficiente, condiciones de trabajo y contrataci\u00f3n que den seguridad a nuestras trabajadoras y trabajadores.<\/p>\n\n\n\n<p>El modelo cordobesista (de los agronegocios, el extractivismo, la especulaci\u00f3n financiera) va m\u00e1s all\u00e1 de uno u otro funcionario de turno:<strong> es una verdadera Pol\u00edtica de Estado que favorece la restricci\u00f3n de lo p\u00fablico en favor de lo privado y que precariza, empobrece, maltrata y persigue a las y los trabajadores estatales provinciales.<\/strong><\/p>\n\n\n\n<p><strong>Cardozo renuncia porque ya era insostenible su situaci\u00f3n<\/strong>, el Gobierno provincial ya no puede tapar el sol con la mano y lo sucedido en el Hospital Neonatal fue la gota que colm\u00f3 el vaso, dejando en evidencia el vaciamiento encubierto de los Hospitales p\u00fablicos, la falta de personal que causa una sobrecarga en los agentes activos, el pluriempleo producto de los bajos salarios, las terciarizaciones de servicios (como la Farmacia en manos de San Agust\u00edn), entre tantos otros elementos que una nueva gesti\u00f3n querr\u00e1 \u201coxigenar\u201d <strong>cuando a las pol\u00edticas de ajuste del Gobierno ya se le est\u00e1n acabando todas las posibilidades de sobrevida<\/strong>.<\/p>\n\n\n\n<p>Advertimos, adem\u00e1s, que <strong>el hilo no debe cortarse por lo m\u00e1s d\u00e9bil que somos las y los trabajadores\/as<\/strong>: son quienes mandan los verdaderos responsables de la desidia por la que atraviesa la garantizaci\u00f3n del derecho a la salud en la Provincia.<\/p>\n\n\n\n<p><strong>No queremos las y los trabajadores de salud solo un cambio de forma con esta renuncia<\/strong>. Exigimos un cambio real de contenidos que implique <strong>mayor presupuesto, salario inicial por encima de la canasta familiar,<\/strong> <strong>m\u00e1s personal (en condiciones dignas de contrataci\u00f3n), el fin del maltrato laboral y de la violencia institucional en nuestros \u00e1mbitos de trabajo, el pase a planta permanente, entre otros puntos.<\/strong><\/p>\n\n\n\n<p>La asunci\u00f3n de un nuevo funcionario en la cartera deber\u00e1 tener en cuenta estos puntos y <strong>habilitar el di\u00e1logo con todos los actores sindicales con representatividad en el sector<\/strong> para lograr acuerdos que permitan avances verdaderos y significativos en la pol\u00edtica de salud provincial.<\/p>\n\n\n\n<p><strong>Mientras eso no cambie, cualquier renuncia quedar\u00e1 como una an\u00e9cdota en el derrotero de ataques a quienes sostenemos derechos en el Estado provincial y no como cambios verdaderos en la condici\u00f3n de nuestras trabajadoras y trabajadores.<\/strong><\/p>\n\n\n\n<p class=\"has-text-align-center has-medium-font-size\"><strong>ATE C\u00f3rdoba<\/strong><\/p>\n\n\n\n<p>Comunicado completo <a href=\"https:\/\/atecordoba.org\/wp-content\/uploads\/2022\/08\/25-08-Renuncia-de-Cardozo.pdf\" target=\"_blank\" rel=\"noreferrer noopener\">aqu\u00ed<\/a><\/p>\n\n\n<a href=\"https:\/\/atecordoba.org\/wp-content\/uploads\/2022\/08\/25-08-Renuncia-de-Cardozo.pdf\" class=\"pdfemb-viewer\" style=\"\" data-width=\"max\" data-height=\"max\" data-toolbar=\"bottom\" data-toolbar-fixed=\"off\">25-08-Renuncia-de-Cardozo<\/a>\n<p class=\"wp-block-pdfemb-pdf-embedder-viewer\"><\/p>\n","protected":false},"excerpt":{"rendered":"<p>Desde ATE C\u00f3rdoba celebramos la renuncia del ahora ex ministro Diego Cardozo y advertimos, sin embargo, que lo que debe cambiar es la pol\u00edtica de salud del Estado provincial. Desde el comienzo de la pandemia nuestro sindicato exigi\u00f3 la renuncia del funcionario por su p\u00e9sima gesti\u00f3n, a la vez que exig\u00edamos profundos cambios en la [&hellip;]<\/p>\n","protected":false},"author":6,"featured_media":33350,"comment_status":"open","ping_status":"open","sticky":false,"template":"","format":"standard","meta":{"_exactmetrics_skip_tracking":false,"_exactmetrics_sitenote_active":false,"_exactmetrics_sitenote_note":"","_exactmetrics_sitenote_category":0,"jnews-multi-image_gallery":[],"jnews_single_post":{"subtitle":"Ante la renuncia del Ministro de Salud de la Provincia, Diego Cardozo, ATE C\u00f3rdoba celebr\u00f3 la decisi\u00f3n \"que el sindicato ven\u00eda reclamando desde el comienzo de la pandemia\" y advirti\u00f3, sin embargo, que lo que debe cambiar \"es la pol\u00edtica de salud del Estado provincial\" por un esquema \"que garantice el fin de la precarizaci\u00f3n, salarios dignos y mayor presupuesto\", entre otros puntos.","format":"standard","video":"","gallery":"","source_name":"","source_url":"","via_name":"","via_url":"","override_template":"0","override":[{"template":"1","single_blog_custom":"","parallax":"1","fullscreen":"1","layout":"right-sidebar","sidebar":"default-sidebar","second_sidebar":"default-sidebar","sticky_sidebar":"1","share_position":"top","share_float_style":"share-monocrhome","show_share_counter":"1","show_view_counter":"1","show_featured":"1","show_post_meta":"1","show_post_author":"1","show_post_author_image":"1","show_post_date":"1","post_date_format":"default","post_date_format_custom":"Y\/m\/d","show_post_category":"1","show_post_reading_time":"0","post_reading_time_wpm":"300","show_zoom_button":"0","zoom_button_out_step":"2","zoom_button_in_step":"3","show_post_tag":"1","show_prev_next_post":"1","show_popup_post":"1","number_popup_post":"1","show_author_box":"0","show_post_related":"0","show_inline_post_related":"0"}],"override_image_size":"0","image_override":[{"single_post_thumbnail_size":"crop-500","single_post_gallery_size":"crop-500"}],"trending_post":"0","trending_post_position":"meta","trending_post_label":"Trending","sponsored_post":"0","sponsored_post_label":"Sponsored by","sponsored_post_name":"","sponsored_post_url":"","sponsored_post_logo_enable":"0","sponsored_post_logo":"","sponsored_post_desc":"","disable_ad":"0"},"jnews_primary_category":{"id":""},"jnews_social_meta":{"fb_title":"","fb_description":"","fb_image":"","twitter_title":"","twitter_description":"","twitter_image":""},"jnews_review":[],"enable_review":"0","type":"percentage","name":"","summary":"","brand":"","sku":"","good":[{"good_text":""}],"bad":[{"bad_text":""}],"score_override":"","override_value":"","rating":[{"rating_text":"","rating_number":"10"}],"price":[{"shop":"","price":"","link":"","icon":""}],"jnews_override_counter":{"override_view_counter":"0","view_counter_number":"0","override_share_counter":"0","share_counter_number":"0","override_like_counter":"0","like_counter_number":"0","override_dislike_counter":"0","dislike_counter_number":"0"},"jnews_post_split":{"enable_post_split":"0","post_split":[{"template":"1","tag":"h2","numbering":"asc","mode":"normal","first":"0","enable_toc":"0","toc_type":"normal"}]},"footnotes":""},"categories":[10,53,341,8,957],"tags":[],"class_list":["post-33348","post","type-post","status-publish","format-standard","has-post-thumbnail","hentry","category-accion-politica","category-comunicados-de-prensa","category-cdp","category-provinciales","category-salud"],"jetpack_featured_media_url":"https:\/\/atecordoba.org\/wp-content\/uploads\/2022\/08\/Cardozo-Schiaretti.jpg","_links":{"self":[{"href":"https:\/\/atecordoba.org\/index.php?rest_route=\/wp\/v2\/posts\/33348","targetHints":{"allow":["GET"]}}],"collection":[{"href":"https:\/\/atecordoba.org\/index.php?rest_route=\/wp\/v2\/posts"}],"about":[{"href":"https:\/\/atecordoba.org\/index.php?rest_route=\/wp\/v2\/types\/post"}],"author":[{"embeddable":true,"href":"https:\/\/atecordoba.org\/index.php?rest_route=\/wp\/v2\/users\/6"}],"replies":[{"embeddable":true,"href":"https:\/\/atecordoba.org\/index.php?rest_route=%2Fwp%2Fv2%2Fcomments&post=33348"}],"version-history":[{"count":2,"href":"https:\/\/atecordoba.org\/index.php?rest_route=\/wp\/v2\/posts\/33348\/revisions"}],"predecessor-version":[{"id":33352,"href":"https:\/\/atecordoba.org\/index.php?rest_route=\/wp\/v2\/posts\/33348\/revisions\/33352"}],"wp:featuredmedia":[{"embeddable":true,"href":"https:\/\/atecordoba.org\/index.php?rest_route=\/wp\/v2\/media\/33350"}],"wp:attachment":[{"href":"https:\/\/atecordoba.org\/index.php?rest_route=%2Fwp%2Fv2%2Fmedia&parent=33348"}],"wp:term":[{"taxonomy":"category","embeddable":true,"href":"https:\/\/atecordoba.org\/index.php?rest_route=%2Fwp%2Fv2%2Fcategories&post=33348"},{"taxonomy":"post_tag","embeddable":true,"href":"https:\/\/atecordoba.org\/index.php?rest_route=%2Fwp%2Fv2%2Ftags&post=33348"}],"curies":[{"name":"wp","href":"https:\/\/api.w.org\/{rel}","templated":true}]}}