{"id":33347,"date":"2022-08-25T12:59:48","date_gmt":"2022-08-25T15:59:48","guid":{"rendered":"https:\/\/atecordoba.org\/?p=33347"},"modified":"2022-08-26T09:55:33","modified_gmt":"2022-08-26T12:55:33","slug":"la-vigencia-del-cordobazo-importante-conversatorio-que-realizaron-ate-y-la-ccc-ayer","status":"publish","type":"post","link":"https:\/\/atecordoba.org\/?p=33347","title":{"rendered":"La vigencia del Cordobazo: importante conversatorio que realizaron ayer ATE y la Corriente Ren\u00e9 Salamanca"},"content":{"rendered":"\n<div class=\"wp-block-image\"><figure class=\"aligncenter size-large is-resized\"><img loading=\"lazy\" decoding=\"async\" src=\"https:\/\/atecordoba.org\/wp-content\/uploads\/2022\/08\/IMG_20220824_174341192-1024x576.jpg\" alt=\"\" class=\"wp-image-33353\" width=\"768\" height=\"432\" srcset=\"https:\/\/atecordoba.org\/wp-content\/uploads\/2022\/08\/IMG_20220824_174341192-1024x576.jpg 1024w, https:\/\/atecordoba.org\/wp-content\/uploads\/2022\/08\/IMG_20220824_174341192-300x169.jpg 300w, https:\/\/atecordoba.org\/wp-content\/uploads\/2022\/08\/IMG_20220824_174341192-768x432.jpg 768w, https:\/\/atecordoba.org\/wp-content\/uploads\/2022\/08\/IMG_20220824_174341192-1536x864.jpg 1536w, https:\/\/atecordoba.org\/wp-content\/uploads\/2022\/08\/IMG_20220824_174341192-2048x1152.jpg 2048w, https:\/\/atecordoba.org\/wp-content\/uploads\/2022\/08\/IMG_20220824_174341192-750x422.jpg 750w, https:\/\/atecordoba.org\/wp-content\/uploads\/2022\/08\/IMG_20220824_174341192-1140x641.jpg 1140w\" sizes=\"auto, (max-width: 768px) 100vw, 768px\" \/><\/figure><\/div>\n\n\n\n<p>En el auditorio H\u00e9ctor La Perra Castro de la sede del Consejo Directivo Provincial (CDP) de ATE C\u00f3rdoba, se llev\u00f3 a cabo ayer el conversatorio titulado &#8220;La vigencia del C\u00f3rdobazo, organizaci\u00f3n y lucha del movimiento obrero&#8221; con las exposiciones de Gerardo Luna, ex delegado de Pedriel (SMATA), y Carlos Rang, delegado de ATE Secretar\u00eda de Agricultura Familiar (SAF) y docente de la Universidad Nacional de R\u00edo Cuarto.<\/p>\n\n\n\n<div class=\"wp-block-image\"><figure class=\"aligncenter size-large is-resized\"><img loading=\"lazy\" decoding=\"async\" src=\"https:\/\/atecordoba.org\/wp-content\/uploads\/2022\/08\/IMG_20220824_174322709-1024x576.jpg\" alt=\"\" class=\"wp-image-33354\" width=\"768\" height=\"432\" srcset=\"https:\/\/atecordoba.org\/wp-content\/uploads\/2022\/08\/IMG_20220824_174322709-1024x576.jpg 1024w, https:\/\/atecordoba.org\/wp-content\/uploads\/2022\/08\/IMG_20220824_174322709-300x169.jpg 300w, https:\/\/atecordoba.org\/wp-content\/uploads\/2022\/08\/IMG_20220824_174322709-768x432.jpg 768w, https:\/\/atecordoba.org\/wp-content\/uploads\/2022\/08\/IMG_20220824_174322709-1536x864.jpg 1536w, https:\/\/atecordoba.org\/wp-content\/uploads\/2022\/08\/IMG_20220824_174322709-2048x1152.jpg 2048w, https:\/\/atecordoba.org\/wp-content\/uploads\/2022\/08\/IMG_20220824_174322709-750x422.jpg 750w, https:\/\/atecordoba.org\/wp-content\/uploads\/2022\/08\/IMG_20220824_174322709-1140x641.jpg 1140w\" sizes=\"auto, (max-width: 768px) 100vw, 768px\" \/><\/figure><\/div>\n\n\n\n<p>La actividad cont\u00f3 con la moderaci\u00f3n de la secretaria de prensa de ATE C\u00f3rdoba, Julia Giuliani, estuvo co-organizada con la Corriente Sindical Nacional de Estatales Ren\u00e9 Salamanca. &#8220;Para ATE son fundamentales este tipo de encuentros, que no son solo debates o exposiciones sino que nos permiten tambi\u00e9n avanzar en formaci\u00f3n pol\u00edtica, clave para aprovechar a aquellos compa\u00f1eros que vienen de largos a\u00f1os de militancia. Resulta fundamental formar cuadros en nuestras organizaciones, hablando de qu\u00e9 es lo que pas\u00f3, pero tambi\u00e9n de qu\u00e9 es lo que viene y ante eso necesitamos unidad en la acci\u00f3n, unidad en la lucha de los distintos sectores&#8221;. <\/p>\n\n\n\n<p>La compa\u00f1era Noelia Martino, delegada de Personal Civil y IOSFA e integrante de la Corriente Rene Salamanca, destac\u00f3 la serie de actividades conjuntas que se viene realizando con el CDP y se\u00f1al\u00f3 que estos encuentros &#8220;sirven como faro y gu\u00eda para remarcar que la lucha no termin\u00f3. Tendr\u00e1 otras formas, otras caracter\u00edsticas, Siempre que una lucha sali\u00f3 triunfante es con la unidad del movimiento obrero en su conjunto&#8221;.<\/p>\n\n\n\n<div class=\"wp-block-image\"><figure class=\"aligncenter size-large is-resized\"><img loading=\"lazy\" decoding=\"async\" src=\"https:\/\/atecordoba.org\/wp-content\/uploads\/2022\/08\/IMG_20220824_174311457-1024x576.jpg\" alt=\"\" class=\"wp-image-33355\" width=\"768\" height=\"432\" srcset=\"https:\/\/atecordoba.org\/wp-content\/uploads\/2022\/08\/IMG_20220824_174311457-1024x576.jpg 1024w, https:\/\/atecordoba.org\/wp-content\/uploads\/2022\/08\/IMG_20220824_174311457-300x169.jpg 300w, https:\/\/atecordoba.org\/wp-content\/uploads\/2022\/08\/IMG_20220824_174311457-768x432.jpg 768w, https:\/\/atecordoba.org\/wp-content\/uploads\/2022\/08\/IMG_20220824_174311457-1536x864.jpg 1536w, https:\/\/atecordoba.org\/wp-content\/uploads\/2022\/08\/IMG_20220824_174311457-2048x1152.jpg 2048w, https:\/\/atecordoba.org\/wp-content\/uploads\/2022\/08\/IMG_20220824_174311457-750x422.jpg 750w, https:\/\/atecordoba.org\/wp-content\/uploads\/2022\/08\/IMG_20220824_174311457-1140x641.jpg 1140w\" sizes=\"auto, (max-width: 768px) 100vw, 768px\" \/><\/figure><\/div>\n\n\n\n<p>Por su parte el secretario General de ATE, Federico Giuliani, dio la bienvenida al acto, y apunto la importancia de &#8220;encontrarse y debatir, para acordar un punto de todo lo que hablemos y despu\u00e9s hay que salir a bancar los trapos&#8221;. &#8220;Siendo de la lista verde de ATE saludo que nuestro sindicato le abra las puertas a todas las corrientes, y en ese marco, no es la primera actividad ni va a ser la \u00faltima. Hay que instar a que en este debate se traduzca despu\u00e9s en una cuerpo a cuerpo en la calle&#8221;, acot\u00f3. <\/p>\n\n\n\n<p>Lanzada la charla, en primer t\u00e9rmino el compa\u00f1ero, Luna record\u00f3 cuando La Perra Castro cobij\u00f3 en el local sindical de ATE a las primeras reuniones que se hicieron de la Agrupaci\u00f3n 1\u00b0 de Mayo que integraba, durante la dictadura. El dirigente hizo un recorte de tiempo para afirmar que &#8220;los 10 a\u00f1os que conmovieron a C\u00f3rdoba se extienden desde el &#8217;66 al &#8217;76&#8221;. Describi\u00f3 Luna como se inici\u00f3 la dictadura de Ongan\u00eda, tras el derrocamiento del presidente radical Arturo Illia, y el rol que cumplieron entonces los sindicatos y las organizaciones estudiantiles.<\/p>\n\n\n\n<div class=\"wp-block-image\"><figure class=\"aligncenter size-large is-resized\"><img loading=\"lazy\" decoding=\"async\" src=\"https:\/\/atecordoba.org\/wp-content\/uploads\/2022\/08\/IMG_20220824_174147604_HDR-1024x576.jpg\" alt=\"\" class=\"wp-image-33356\" width=\"768\" height=\"432\" srcset=\"https:\/\/atecordoba.org\/wp-content\/uploads\/2022\/08\/IMG_20220824_174147604_HDR-1024x576.jpg 1024w, https:\/\/atecordoba.org\/wp-content\/uploads\/2022\/08\/IMG_20220824_174147604_HDR-300x169.jpg 300w, https:\/\/atecordoba.org\/wp-content\/uploads\/2022\/08\/IMG_20220824_174147604_HDR-768x432.jpg 768w, https:\/\/atecordoba.org\/wp-content\/uploads\/2022\/08\/IMG_20220824_174147604_HDR-1536x864.jpg 1536w, https:\/\/atecordoba.org\/wp-content\/uploads\/2022\/08\/IMG_20220824_174147604_HDR-2048x1152.jpg 2048w, https:\/\/atecordoba.org\/wp-content\/uploads\/2022\/08\/IMG_20220824_174147604_HDR-750x422.jpg 750w, https:\/\/atecordoba.org\/wp-content\/uploads\/2022\/08\/IMG_20220824_174147604_HDR-1140x641.jpg 1140w\" sizes=\"auto, (max-width: 768px) 100vw, 768px\" \/><\/figure><\/div>\n\n\n\n<p>&#8220;La represi\u00f3n de Ongan\u00eda fue creciendo y conjuntamente la resistencia popular&#8221;, dijo, record\u00f3 la muerte de Santiago Pampill\u00f3n y describi\u00f3 el mapa de la conflictividad que deriv\u00f3 en el Cordobazo, describiendo en detalle el papel de SMATA en la jornada gloriosa del 29 de mayo de 1969. &#8220;Despu\u00e9s del Cordobazo nada fue igual&#8221;, cerr\u00f3 Luna con gran emoci\u00f3n para todos los presentes que siguieron con atenci\u00f3n su exposici\u00f3n&#8221;. <\/p>\n\n\n\n<p>A su turno, Carlos Rang comenz\u00f3 su parte asegurando que hoy, en la perspectiva hist\u00f3rica, las puebladas como el Cordobazo, el Rosariazo y tantas otras &#8220;nos sirven para entender c\u00f3mo se construy\u00f3 el poder de la clase trabajadora en Argentina&#8221;. &#8220;Se super\u00f3 al r\u00e9gimen y al Estado para derrocar una dictadura y generar las condiciones para la transformaci\u00f3n social, que dio nacimiento a las organizaciones revolucionarias que quer\u00edan socavar todas las bases de la sociedad capitalista perif\u00e9rica como es en Argentina&#8221;. &#8220;Ese poder que tuvo la masa cambi\u00f3 las relaciones de fuerza. Por eso a partir de all\u00ed nada fue igual&#8221;, concluy\u00f3.<\/p>\n\n\n\n<p>Para ver la charla completa <a href=\"https:\/\/www.facebook.com\/atecba\/videos\/753533575921971\/\">ingresar aqu\u00ed<\/a> y <a href=\"https:\/\/www.facebook.com\/atecba\/videos\/618746812985387\/\">aqu\u00ed<\/a>.<\/p>\n\n\n\n<p> <\/p>\n","protected":false},"excerpt":{"rendered":"<p>En el auditorio H\u00e9ctor La Perra Castro de la sede del Consejo Directivo Provincial (CDP) de ATE C\u00f3rdoba, se llev\u00f3 a cabo ayer el conversatorio titulado &#8220;La vigencia del C\u00f3rdobazo, organizaci\u00f3n y lucha del movimiento obrero&#8221; con las exposiciones de Gerardo Luna, ex delegado de Pedriel (SMATA), y Carlos Rang, delegado de ATE Secretar\u00eda de [&hellip;]<\/p>\n","protected":false},"author":7,"featured_media":33357,"comment_status":"open","ping_status":"open","sticky":false,"template":"","format":"standard","meta":{"_exactmetrics_skip_tracking":false,"_exactmetrics_sitenote_active":false,"_exactmetrics_sitenote_note":"","_exactmetrics_sitenote_category":0,"jnews-multi-image_gallery":[],"jnews_single_post":{"subtitle":"Los compa\u00f1eros Gerardo Luna y Carlos Rang dieron una charla ayer por la tarde en la sede de ATE C\u00f3rdoba.","format":"standard","video":"","gallery":"","source_name":"","source_url":"","via_name":"","via_url":"","override_template":"0","override":[{"template":"1","single_blog_custom":"","parallax":"1","fullscreen":"1","layout":"right-sidebar","sidebar":"default-sidebar","second_sidebar":"default-sidebar","sticky_sidebar":"1","share_position":"top","share_float_style":"share-monocrhome","show_share_counter":"1","show_view_counter":"1","show_featured":"1","show_post_meta":"1","show_post_author":"1","show_post_author_image":"1","show_post_date":"1","post_date_format":"default","post_date_format_custom":"Y\/m\/d","show_post_category":"1","show_post_reading_time":"0","post_reading_time_wpm":"300","show_zoom_button":"0","zoom_button_out_step":"2","zoom_button_in_step":"3","show_post_tag":"1","show_prev_next_post":"1","show_popup_post":"1","number_popup_post":"1","show_author_box":"0","show_post_related":"0","show_inline_post_related":"0"}],"override_image_size":"0","image_override":[{"single_post_thumbnail_size":"crop-500","single_post_gallery_size":"crop-500"}],"trending_post":"0","trending_post_position":"meta","trending_post_label":"Trending","sponsored_post":"0","sponsored_post_label":"Sponsored by","sponsored_post_name":"","sponsored_post_url":"","sponsored_post_logo_enable":"0","sponsored_post_logo":"","sponsored_post_desc":"","disable_ad":"0"},"jnews_primary_category":{"id":""},"jnews_social_meta":{"fb_title":"","fb_description":"","fb_image":"","twitter_title":"","twitter_description":"","twitter_image":""},"jnews_review":[],"enable_review":"0","type":"percentage","name":"","summary":"","brand":"","sku":"","good":[{"good_text":""}],"bad":[{"bad_text":""}],"score_override":"","override_value":"","rating":[{"rating_text":"","rating_number":"10"}],"price":[{"shop":"","price":"","link":"","icon":""}],"jnews_override_counter":{"override_view_counter":"0","view_counter_number":"0","override_share_counter":"0","share_counter_number":"0","override_like_counter":"0","like_counter_number":"0","override_dislike_counter":"0","dislike_counter_number":"0"},"jnews_post_split":{"enable_post_split":"0","post_split":[{"template":"1","tag":"h2","numbering":"asc","mode":"normal","first":"0","enable_toc":"0","toc_type":"normal"}]},"footnotes":""},"categories":[88],"tags":[830],"class_list":["post-33347","post","type-post","status-publish","format-standard","has-post-thumbnail","hentry","category-formacion","tag-cordobazo"],"jetpack_featured_media_url":"https:\/\/atecordoba.org\/wp-content\/uploads\/2022\/08\/portadacordobazo-scaled-e1661443117140.jpg","_links":{"self":[{"href":"https:\/\/atecordoba.org\/index.php?rest_route=\/wp\/v2\/posts\/33347","targetHints":{"allow":["GET"]}}],"collection":[{"href":"https:\/\/atecordoba.org\/index.php?rest_route=\/wp\/v2\/posts"}],"about":[{"href":"https:\/\/atecordoba.org\/index.php?rest_route=\/wp\/v2\/types\/post"}],"author":[{"embeddable":true,"href":"https:\/\/atecordoba.org\/index.php?rest_route=\/wp\/v2\/users\/7"}],"replies":[{"embeddable":true,"href":"https:\/\/atecordoba.org\/index.php?rest_route=%2Fwp%2Fv2%2Fcomments&post=33347"}],"version-history":[{"count":3,"href":"https:\/\/atecordoba.org\/index.php?rest_route=\/wp\/v2\/posts\/33347\/revisions"}],"predecessor-version":[{"id":33368,"href":"https:\/\/atecordoba.org\/index.php?rest_route=\/wp\/v2\/posts\/33347\/revisions\/33368"}],"wp:featuredmedia":[{"embeddable":true,"href":"https:\/\/atecordoba.org\/index.php?rest_route=\/wp\/v2\/media\/33357"}],"wp:attachment":[{"href":"https:\/\/atecordoba.org\/index.php?rest_route=%2Fwp%2Fv2%2Fmedia&parent=33347"}],"wp:term":[{"taxonomy":"category","embeddable":true,"href":"https:\/\/atecordoba.org\/index.php?rest_route=%2Fwp%2Fv2%2Fcategories&post=33347"},{"taxonomy":"post_tag","embeddable":true,"href":"https:\/\/atecordoba.org\/index.php?rest_route=%2Fwp%2Fv2%2Ftags&post=33347"}],"curies":[{"name":"wp","href":"https:\/\/api.w.org\/{rel}","templated":true}]}}