{"id":33340,"date":"2022-08-25T10:55:24","date_gmt":"2022-08-25T13:55:24","guid":{"rendered":"https:\/\/atecordoba.org\/?p=33340"},"modified":"2022-08-25T10:55:29","modified_gmt":"2022-08-25T13:55:29","slug":"plenario-de-ate-la-ctaa-y-la-unidad-piquetera","status":"publish","type":"post","link":"https:\/\/atecordoba.org\/?p=33340","title":{"rendered":"Plenario de ATE, la CTAA y la Unidad Piquetera"},"content":{"rendered":"\n<div class=\"wp-block-image\"><figure class=\"aligncenter size-large is-resized\"><img loading=\"lazy\" decoding=\"async\" src=\"https:\/\/atecordoba.org\/wp-content\/uploads\/2022\/08\/IMG_20220824_160143_881-2-1024x1024.jpg\" alt=\"\" class=\"wp-image-33341\" width=\"768\" height=\"768\" srcset=\"https:\/\/atecordoba.org\/wp-content\/uploads\/2022\/08\/IMG_20220824_160143_881-2-1024x1024.jpg 1024w, https:\/\/atecordoba.org\/wp-content\/uploads\/2022\/08\/IMG_20220824_160143_881-2-300x300.jpg 300w, https:\/\/atecordoba.org\/wp-content\/uploads\/2022\/08\/IMG_20220824_160143_881-2-150x150.jpg 150w, https:\/\/atecordoba.org\/wp-content\/uploads\/2022\/08\/IMG_20220824_160143_881-2-768x768.jpg 768w, https:\/\/atecordoba.org\/wp-content\/uploads\/2022\/08\/IMG_20220824_160143_881-2-560x560.jpg 560w, https:\/\/atecordoba.org\/wp-content\/uploads\/2022\/08\/IMG_20220824_160143_881-2-75x75.jpg 75w, https:\/\/atecordoba.org\/wp-content\/uploads\/2022\/08\/IMG_20220824_160143_881-2-350x350.jpg 350w, https:\/\/atecordoba.org\/wp-content\/uploads\/2022\/08\/IMG_20220824_160143_881-2-750x750.jpg 750w, https:\/\/atecordoba.org\/wp-content\/uploads\/2022\/08\/IMG_20220824_160143_881-2-1140x1140.jpg 1140w, https:\/\/atecordoba.org\/wp-content\/uploads\/2022\/08\/IMG_20220824_160143_881-2.jpg 1280w\" sizes=\"auto, (max-width: 768px) 100vw, 768px\" \/><\/figure><\/div>\n\n\n\n<p>Frente a la ca\u00edda sistem\u00e1tica del valor de los salarios, en un marco de inflaci\u00f3n generalizada que no se ha detenido en todo el a\u00f1o y ante un cuadro de conflictividad permanente con foco territorial en la avanzada contra el medio ambiente del Gobierno de Schiaretti en el Valle de Punilla, ATE C\u00f3rdoba y la CTA Aut\u00f3noma provincia de C\u00f3rdoba, junto al Polo Obrero realizar\u00e1n hoy a las 14 horas un Plenario de Trabajadores Ocupades y Desocupades en la Plaza V\u00e9lez Sarsfield.<\/p>\n\n\n\n<p>El c\u00f3nclave, abierto a participaci\u00f3n p\u00fablica, se convoca bajo las consignas:<\/p>\n\n\n\n<ul class=\"wp-block-list\"><li>No al Pago al FMI<\/li><li>Ning\u00fan trabajador\/a debajo de la l\u00ednea de la pobreza<\/li><li>Salario m\u00ednimo, vital y m\u00f3vil igual a la canasta familiarPor trabajo genuino<\/li><li>Basta de extractivismo y ecocidio<\/li><\/ul>\n\n\n\n<p>El plenario reunir\u00e1 las demandas de los sectores asalariados y desocupados. El secretario General de ATE y CTA, Federico Giuliani, se\u00f1al\u00f3 al respecto: \u201cla unidad estrat\u00e9gica en la acci\u00f3n con Unidad Piquetera de ocupados y desocupados, se realiza con una misma agenda para marcarle a los gobiernos que solucionen los problemas de los de abajo&#8221;.<\/p>\n\n\n\n<p>En la oportunidad se reclamar\u00e1, una vez m\u00e1s, por el Salario B\u00e1sico Universal.<\/p>\n\n\n\n<p><\/p>\n","protected":false},"excerpt":{"rendered":"<p>Frente a la ca\u00edda sistem\u00e1tica del valor de los salarios, en un marco de inflaci\u00f3n generalizada que no se ha detenido en todo el a\u00f1o y ante un cuadro de conflictividad permanente con foco territorial en la avanzada contra el medio ambiente del Gobierno de Schiaretti en el Valle de Punilla, ATE C\u00f3rdoba y la [&hellip;]<\/p>\n","protected":false},"author":7,"featured_media":33342,"comment_status":"open","ping_status":"open","sticky":false,"template":"","format":"standard","meta":{"_exactmetrics_skip_tracking":false,"_exactmetrics_sitenote_active":false,"_exactmetrics_sitenote_note":"","_exactmetrics_sitenote_category":0,"jnews-multi-image_gallery":[],"jnews_single_post":{"subtitle":"Por el Salario B\u00e1sico Universal y para ponerle un freno al ecocidio en C\u00f3rdoba.","format":"standard","video":"","gallery":"","source_name":"","source_url":"","via_name":"","via_url":"","override_template":"0","override":[{"template":"1","single_blog_custom":"","parallax":"1","fullscreen":"1","layout":"right-sidebar","sidebar":"default-sidebar","second_sidebar":"default-sidebar","sticky_sidebar":"1","share_position":"top","share_float_style":"share-monocrhome","show_share_counter":"1","show_view_counter":"1","show_featured":"1","show_post_meta":"1","show_post_author":"1","show_post_author_image":"1","show_post_date":"1","post_date_format":"default","post_date_format_custom":"Y\/m\/d","show_post_category":"1","show_post_reading_time":"0","post_reading_time_wpm":"300","show_zoom_button":"0","zoom_button_out_step":"2","zoom_button_in_step":"3","show_post_tag":"1","show_prev_next_post":"1","show_popup_post":"1","number_popup_post":"1","show_author_box":"0","show_post_related":"0","show_inline_post_related":"0"}],"override_image_size":"0","image_override":[{"single_post_thumbnail_size":"crop-500","single_post_gallery_size":"crop-500"}],"trending_post":"0","trending_post_position":"meta","trending_post_label":"Trending","sponsored_post":"0","sponsored_post_label":"Sponsored by","sponsored_post_name":"","sponsored_post_url":"","sponsored_post_logo_enable":"0","sponsored_post_logo":"","sponsored_post_desc":"","disable_ad":"0"},"jnews_primary_category":{"id":""},"jnews_social_meta":{"fb_title":"","fb_description":"","fb_image":"","twitter_title":"","twitter_description":"","twitter_image":""},"jnews_review":[],"enable_review":"0","type":"percentage","name":"","summary":"","brand":"","sku":"","good":[{"good_text":""}],"bad":[{"bad_text":""}],"score_override":"","override_value":"","rating":[{"rating_text":"","rating_number":"10"}],"price":[{"shop":"","price":"","link":"","icon":""}],"jnews_override_counter":{"override_view_counter":"0","view_counter_number":"0","override_share_counter":"0","share_counter_number":"0","override_like_counter":"0","like_counter_number":"0","override_dislike_counter":"0","dislike_counter_number":"0"},"jnews_post_split":{"enable_post_split":"0","post_split":[{"template":"1","tag":"h2","numbering":"asc","mode":"normal","first":"0","enable_toc":"0","toc_type":"normal"}]},"footnotes":""},"categories":[341,92],"tags":[1201,1200,1136],"class_list":["post-33340","post","type-post","status-publish","format-standard","has-post-thumbnail","hentry","category-cdp","category-cta","tag-ocupados-y-desocupados","tag-plenario-de-trabajadores","tag-polo-obrero"],"jetpack_featured_media_url":"https:\/\/atecordoba.org\/wp-content\/uploads\/2022\/08\/portadapiquetero-e1661435057372.jpg","_links":{"self":[{"href":"https:\/\/atecordoba.org\/index.php?rest_route=\/wp\/v2\/posts\/33340","targetHints":{"allow":["GET"]}}],"collection":[{"href":"https:\/\/atecordoba.org\/index.php?rest_route=\/wp\/v2\/posts"}],"about":[{"href":"https:\/\/atecordoba.org\/index.php?rest_route=\/wp\/v2\/types\/post"}],"author":[{"embeddable":true,"href":"https:\/\/atecordoba.org\/index.php?rest_route=\/wp\/v2\/users\/7"}],"replies":[{"embeddable":true,"href":"https:\/\/atecordoba.org\/index.php?rest_route=%2Fwp%2Fv2%2Fcomments&post=33340"}],"version-history":[{"count":1,"href":"https:\/\/atecordoba.org\/index.php?rest_route=\/wp\/v2\/posts\/33340\/revisions"}],"predecessor-version":[{"id":33344,"href":"https:\/\/atecordoba.org\/index.php?rest_route=\/wp\/v2\/posts\/33340\/revisions\/33344"}],"wp:featuredmedia":[{"embeddable":true,"href":"https:\/\/atecordoba.org\/index.php?rest_route=\/wp\/v2\/media\/33342"}],"wp:attachment":[{"href":"https:\/\/atecordoba.org\/index.php?rest_route=%2Fwp%2Fv2%2Fmedia&parent=33340"}],"wp:term":[{"taxonomy":"category","embeddable":true,"href":"https:\/\/atecordoba.org\/index.php?rest_route=%2Fwp%2Fv2%2Fcategories&post=33340"},{"taxonomy":"post_tag","embeddable":true,"href":"https:\/\/atecordoba.org\/index.php?rest_route=%2Fwp%2Fv2%2Ftags&post=33340"}],"curies":[{"name":"wp","href":"https:\/\/api.w.org\/{rel}","templated":true}]}}