{"id":33339,"date":"2022-08-25T10:58:01","date_gmt":"2022-08-25T13:58:01","guid":{"rendered":"https:\/\/atecordoba.org\/?p=33339"},"modified":"2022-08-25T10:59:33","modified_gmt":"2022-08-25T13:59:33","slug":"ate-y-al-ctaa-repudian-el-ataque-a-balazos-al-sindicato-de-obreros-y-empleados-aceiteros-de-rosario","status":"publish","type":"post","link":"https:\/\/atecordoba.org\/?p=33339","title":{"rendered":"ATE y al CTAA repudian el ataque a balazos al Sindicato de Obreros y Empleados Aceiteros de Rosario"},"content":{"rendered":"\n<div class=\"wp-block-image\"><figure class=\"aligncenter size-full is-resized\"><img loading=\"lazy\" decoding=\"async\" src=\"https:\/\/atecordoba.org\/wp-content\/uploads\/2022\/08\/Aceiteros.jpg\" alt=\"\" class=\"wp-image-33345\" width=\"653\" height=\"406\" srcset=\"https:\/\/atecordoba.org\/wp-content\/uploads\/2022\/08\/Aceiteros.jpg 965w, https:\/\/atecordoba.org\/wp-content\/uploads\/2022\/08\/Aceiteros-300x187.jpg 300w, https:\/\/atecordoba.org\/wp-content\/uploads\/2022\/08\/Aceiteros-768x478.jpg 768w, https:\/\/atecordoba.org\/wp-content\/uploads\/2022\/08\/Aceiteros-750x466.jpg 750w\" sizes=\"auto, (max-width: 653px) 100vw, 653px\" \/><\/figure><\/div>\n\n\n\n<p>Desde la <strong>Asociaci\u00f3n Trabajadores del Estado (ATE) y la Central de Trabajadores de la Argentina Aut\u00f3noma (CTA-A) repudiamos el ataque a balazos<\/strong> <strong>sobre el frente del edificio del Sindicato de Obreros y Empleados Aceiteros de Rosario (SOEAR)<\/strong>, sito en calle Garc\u00eda Velloso 791 de la Ciudad de Rosario, perpetrado ayer pasadas las 19 horas por personas desconocidas.<\/p>\n\n\n\n<p><strong>El feroz ajuste econ\u00f3mico que est\u00e1n viviendo nuestros pueblos no puede llevarse adelante sin violencia.<\/strong> As\u00ed, el poder utiliza todas las armas a su alcance para intentar acallar la protesta social: <strong>utiliza a las ama\u00f1anadas estructuras del Poder Judicial <\/strong>(en todos sus niveles, provinciales y nacionales) <strong>y a las Polic\u00edas para perseguir, amedrentar, amenazar y encarcelar a dirigentas\/es sociales <\/strong>que emergen de las comunidades en el camino en que estas se organizan para luchar ante tanto derecho vulnerado. Pero <strong>tambi\u00e9n utilizan patotas violentas <\/strong>pagas por corporaciones mafiosas que pretenden conservar sus privilegios a golpes de pu\u00f1os, a punta de pistola.<\/p>\n\n\n\n<p>Sabemos a qu\u00e9 sectores se enfrentan nuestros compa\u00f1eros y compa\u00f1eras del SOEAR cuando luchan por mejores condiciones de trabajo, por mejores salarios, por una justa redistribuci\u00f3n de lo producido por el trabajo de todas y cada una de las trabajadoras y trabajadores de la cadena de valor de la industria oleaginosa. Este complejo agroindustrial es una de las principales ramas de la exportaci\u00f3n de nuestro pa\u00eds que este a\u00f1o tendr\u00e1 un r\u00e9cord de ingresos por aumento en cantidades exportadas as\u00ed como tambi\u00e9n por la suba de los precios internacionales de sus productos: ello les confiere un poder inusitado que parece habilitarlos a tener tratos pol\u00edticos preferenciales, protecciones y omisiones de sus deberes, a la vez que marcar las pautas de convivencia y control hacia toda la sociedad. Es desde estos sectores que se exigen reformas laborales, previsionales, ajuste fiscal, achicamiento del estado, auditor\u00eda a los programas sociales de hambre con los que, a duras penas, sobreviven nuestras clases populares. En ese marco nos preguntamos: <strong>\u00bfcu\u00e1ndo les exigir\u00e1n blanquear sus ganancias?\u00bfcu\u00e1ndo las y los trabajadores participar\u00e1n en las mismas como mandata el Art\u00edculo 14 Bis de nuestra Constituci\u00f3n Nacional?\u00bfcu\u00e1ndo se los auditar\u00e1 econ\u00f3mica y ambientalmente?<\/strong><\/p>\n\n\n\n<p><strong>El Gobierno es responsable de garantizar la seguridad de las y los trabajadores que velan por el cumplimiento de los derechos<\/strong> ordenando inmediatamente a todas las estructuras institucionales a que investiguen el hecho y den con los culpables materiales e intelectuales. Pero, adem\u00e1s de ello, <strong>es responsable de llevar adelante profundas transformaciones redistributivas en nuestro pa\u00eds en tanto y en cuanto estas corporaciones no escatiman en violentar a la sociedad para sostener y ampliar sus privilegios<\/strong>.<\/p>\n\n\n\n<p><strong>Quedamos a entera disposici\u00f3n de las y los compa\u00f1eros\/as del Sindicato de Obreros y Empleados Aceiteros de Rosario para la acciones judiciales, pol\u00edticas y de protesta que consideren importante realizar.<\/strong><\/p>\n\n\n\n<p class=\"has-text-align-center has-medium-font-size\"><strong>ATE y CTA-A Provincia de C\u00f3rdoba<\/strong><\/p>\n\n\n<a href=\"https:\/\/atecordoba.org\/wp-content\/uploads\/2022\/08\/25-08-Comunicado-solidaridad-Aceiteros-Rosario.pdf\" class=\"pdfemb-viewer\" style=\"\" data-width=\"max\" data-height=\"max\" data-toolbar=\"bottom\" data-toolbar-fixed=\"off\">25-08-Comunicado-solidaridad-Aceiteros-Rosario<\/a>\n<p class=\"wp-block-pdfemb-pdf-embedder-viewer\"><\/p>\n","protected":false},"excerpt":{"rendered":"<p>Desde la Asociaci\u00f3n Trabajadores del Estado (ATE) y la Central de Trabajadores de la Argentina Aut\u00f3noma (CTA-A) repudiamos el ataque a balazos sobre el frente del edificio del Sindicato de Obreros y Empleados Aceiteros de Rosario (SOEAR), sito en calle Garc\u00eda Velloso 791 de la Ciudad de Rosario, perpetrado ayer pasadas las 19 horas por [&hellip;]<\/p>\n","protected":false},"author":6,"featured_media":33345,"comment_status":"open","ping_status":"open","sticky":false,"template":"","format":"standard","meta":{"_exactmetrics_skip_tracking":false,"_exactmetrics_sitenote_active":false,"_exactmetrics_sitenote_note":"","_exactmetrics_sitenote_category":0,"jnews-multi-image_gallery":[],"jnews_single_post":{"subtitle":"El sindicato de las y los estatales y la central obrera de la Provincia de C\u00f3rdoba reclamaron que se \"esclarezca el hecho\" y que el Estado \"garantice la seguridad de representantes gremiales, afiliadas\/os y de cada una de las y los trabajadores que pelean por una vida digna\". Exigen, adem\u00e1s, \"profundas transformaciones redistributivas en nuestro pa\u00eds en tanto y en cuanto estas corporaciones no escatiman en violentar a la sociedad para sostener y ampliar sus privilegios\".","format":"standard","video":"","gallery":"","source_name":"","source_url":"","via_name":"","via_url":"","override_template":"0","override":[{"template":"1","single_blog_custom":"","parallax":"1","fullscreen":"1","layout":"right-sidebar","sidebar":"default-sidebar","second_sidebar":"default-sidebar","sticky_sidebar":"1","share_position":"top","share_float_style":"share-monocrhome","show_share_counter":"1","show_view_counter":"1","show_featured":"1","show_post_meta":"1","show_post_author":"1","show_post_author_image":"1","show_post_date":"1","post_date_format":"default","post_date_format_custom":"Y\/m\/d","show_post_category":"1","show_post_reading_time":"0","post_reading_time_wpm":"300","show_zoom_button":"0","zoom_button_out_step":"2","zoom_button_in_step":"3","show_post_tag":"1","show_prev_next_post":"1","show_popup_post":"1","number_popup_post":"1","show_author_box":"0","show_post_related":"0","show_inline_post_related":"0"}],"override_image_size":"0","image_override":[{"single_post_thumbnail_size":"crop-500","single_post_gallery_size":"crop-500"}],"trending_post":"0","trending_post_position":"meta","trending_post_label":"Trending","sponsored_post":"0","sponsored_post_label":"Sponsored by","sponsored_post_name":"","sponsored_post_url":"","sponsored_post_logo_enable":"0","sponsored_post_logo":"","sponsored_post_desc":"","disable_ad":"0"},"jnews_primary_category":{"id":""},"jnews_social_meta":{"fb_title":"","fb_description":"","fb_image":"","twitter_title":"","twitter_description":"","twitter_image":""},"jnews_review":[],"enable_review":"0","type":"percentage","name":"","summary":"","brand":"","sku":"","good":[{"good_text":""}],"bad":[{"bad_text":""}],"score_override":"","override_value":"","rating":[{"rating_text":"","rating_number":"10"}],"price":[{"shop":"","price":"","link":"","icon":""}],"jnews_override_counter":{"override_view_counter":"0","view_counter_number":"0","override_share_counter":"0","share_counter_number":"0","override_like_counter":"0","like_counter_number":"0","override_dislike_counter":"0","dislike_counter_number":"0"},"jnews_post_split":{"enable_post_split":"0","post_split":[{"template":"1","tag":"h2","numbering":"asc","mode":"normal","first":"0","enable_toc":"0","toc_type":"normal"}]},"footnotes":""},"categories":[53],"tags":[],"class_list":["post-33339","post","type-post","status-publish","format-standard","has-post-thumbnail","hentry","category-comunicados-de-prensa"],"jetpack_featured_media_url":"https:\/\/atecordoba.org\/wp-content\/uploads\/2022\/08\/Aceiteros.jpg","_links":{"self":[{"href":"https:\/\/atecordoba.org\/index.php?rest_route=\/wp\/v2\/posts\/33339","targetHints":{"allow":["GET"]}}],"collection":[{"href":"https:\/\/atecordoba.org\/index.php?rest_route=\/wp\/v2\/posts"}],"about":[{"href":"https:\/\/atecordoba.org\/index.php?rest_route=\/wp\/v2\/types\/post"}],"author":[{"embeddable":true,"href":"https:\/\/atecordoba.org\/index.php?rest_route=\/wp\/v2\/users\/6"}],"replies":[{"embeddable":true,"href":"https:\/\/atecordoba.org\/index.php?rest_route=%2Fwp%2Fv2%2Fcomments&post=33339"}],"version-history":[{"count":1,"href":"https:\/\/atecordoba.org\/index.php?rest_route=\/wp\/v2\/posts\/33339\/revisions"}],"predecessor-version":[{"id":33346,"href":"https:\/\/atecordoba.org\/index.php?rest_route=\/wp\/v2\/posts\/33339\/revisions\/33346"}],"wp:featuredmedia":[{"embeddable":true,"href":"https:\/\/atecordoba.org\/index.php?rest_route=\/wp\/v2\/media\/33345"}],"wp:attachment":[{"href":"https:\/\/atecordoba.org\/index.php?rest_route=%2Fwp%2Fv2%2Fmedia&parent=33339"}],"wp:term":[{"taxonomy":"category","embeddable":true,"href":"https:\/\/atecordoba.org\/index.php?rest_route=%2Fwp%2Fv2%2Fcategories&post=33339"},{"taxonomy":"post_tag","embeddable":true,"href":"https:\/\/atecordoba.org\/index.php?rest_route=%2Fwp%2Fv2%2Ftags&post=33339"}],"curies":[{"name":"wp","href":"https:\/\/api.w.org\/{rel}","templated":true}]}}