{"id":33334,"date":"2022-08-24T01:48:00","date_gmt":"2022-08-24T04:48:00","guid":{"rendered":"https:\/\/atecordoba.org\/?p=33334"},"modified":"2022-08-24T15:09:19","modified_gmt":"2022-08-24T18:09:19","slug":"se-concreto-un-nuevo-encuentro-de-madres-territoriales-san-francisco-frontera","status":"publish","type":"post","link":"https:\/\/atecordoba.org\/?p=33334","title":{"rendered":"Se concret\u00f3 un nuevo encuentro de Madres Territoriales San Francisco-Frontera"},"content":{"rendered":"\n<div class=\"wp-block-image\"><figure class=\"aligncenter size-full is-resized\"><img loading=\"lazy\" decoding=\"async\" src=\"https:\/\/atecordoba.org\/wp-content\/uploads\/2022\/08\/IMG-20220824-WA0006.jpg\" alt=\"\" class=\"wp-image-33335\" width=\"705\" height=\"591\" srcset=\"https:\/\/atecordoba.org\/wp-content\/uploads\/2022\/08\/IMG-20220824-WA0006.jpg 940w, https:\/\/atecordoba.org\/wp-content\/uploads\/2022\/08\/IMG-20220824-WA0006-300x251.jpg 300w, https:\/\/atecordoba.org\/wp-content\/uploads\/2022\/08\/IMG-20220824-WA0006-768x644.jpg 768w, https:\/\/atecordoba.org\/wp-content\/uploads\/2022\/08\/IMG-20220824-WA0006-750x629.jpg 750w\" sizes=\"auto, (max-width: 705px) 100vw, 705px\" \/><\/figure><\/div>\n\n\n\n<p>Madres Territoriales, la agrupaci\u00f3n que lucha contra la drogadicci\u00f3n de las y los jovenes de las ciudades de San Francisco y Frontera ( Santa Fe, colindante a la capital del Departamento San Justo), realiz\u00f3 un encuentro para presentar los talleres que llevar\u00e1n a cabo este segundo semestre del a\u00f1o, con apoyo de la seccional ATE San Justo.<\/p>\n\n\n\n<p>La modalidad de los talleres son de manera presencial, a trav\u00e9s de la escucha, los v\u00ednculos e ir buscando alternativas de salida al problema de las dependencias.<\/p>\n\n\n\n<p>Madres Territoriales San Francisco-Frontera es una iniciativa conjunta entre voluntarios de ambas localidades, junto a la Regional CTA-A Aut\u00f3noma y el Departamento de G\u00e9nero y Adicciones ATE Seccional San Justo, que se encuentran trabajando para generar constantemente nuevas propuestas con el objetivo de incentivar el potencial y crecimiento de los j\u00f3venes atravesados por el consumo.<\/p>\n\n\n\n<p>Andrea Carrasco, mentora del programa, coment\u00f3 que \u201cpensamos que en estas etapas de espacios de escucha, contenci\u00f3n y acompa\u00f1amiento se puedan adquirir herramientas para formalizar sus deseos de poder salir de la problem\u00e1tica a trav\u00e9s de estos talleres. Trabajamos sobre la determinaci\u00f3n a que su recuperaci\u00f3n sea sostenible. Hubo muy buena recepci\u00f3n de estos temas por parte del secretario General de ATE Dario Paredes, de los concejales de Frontera Juan Manuel Pastore, Nicol\u00e1s Palomeque y el referente de San Francisco el Doctor Gustavo Piscitello, poni\u00e9ndose al servicio y atenci\u00f3n de nuestras necesidades\u201d.<\/p>\n\n\n\n<p>Los familiares que asisten a estos talleres se sienten c\u00f3modos y contenidos, se comparte una merienda, luego la cena, convirti\u00e9ndonos en una gran familia.<\/p>\n\n\n\n<p>El pr\u00f3ximo encuentro ser\u00e1 el mi\u00e9rcoles 7 de septiembre \u201cdonde los esperamos en nuestro lugarcito c\u00e1lido\u201d, dijo Carrasco. El lugar es la sede del Centro Vecinal Santa Teresita (Calle 9 N\u00b0 942) desde las 18:30 hs. Para los j\u00f3venes y\/o familiares que se quieran sumar deber\u00e1n comunicarse al 3564-651962 o directamente llegarse al lugar. \u201cInvitamos a la sociedad que nos visite por este medio y conozca nuestras actividades\u201d, concluyo la tallerista.<\/p>\n","protected":false},"excerpt":{"rendered":"<p>Madres Territoriales, la agrupaci\u00f3n que lucha contra la drogadicci\u00f3n de las y los jovenes de las ciudades de San Francisco y Frontera ( Santa Fe, colindante a la capital del Departamento San Justo), realiz\u00f3 un encuentro para presentar los talleres que llevar\u00e1n a cabo este segundo semestre del a\u00f1o, con apoyo de la seccional ATE [&hellip;]<\/p>\n","protected":false},"author":7,"featured_media":33336,"comment_status":"open","ping_status":"open","sticky":false,"template":"","format":"standard","meta":{"_exactmetrics_skip_tracking":false,"_exactmetrics_sitenote_active":false,"_exactmetrics_sitenote_note":"","_exactmetrics_sitenote_category":0,"jnews-multi-image_gallery":[],"jnews_single_post":{"subtitle":"La agrupaci\u00f3n es una iniciativa conjunta entre voluntarios de ambas localidades, junto a la Regional CTA-A Aut\u00f3noma y el Departamento de G\u00e9nero y Adicciones ATE Seccional San Justo","format":"standard","video":"","gallery":"","source_name":"","source_url":"","via_name":"","via_url":"","override_template":"0","override":[{"template":"1","single_blog_custom":"","parallax":"1","fullscreen":"1","layout":"right-sidebar","sidebar":"default-sidebar","second_sidebar":"default-sidebar","sticky_sidebar":"1","share_position":"top","share_float_style":"share-monocrhome","show_share_counter":"1","show_view_counter":"1","show_featured":"1","show_post_meta":"1","show_post_author":"1","show_post_author_image":"1","show_post_date":"1","post_date_format":"default","post_date_format_custom":"Y\/m\/d","show_post_category":"1","show_post_reading_time":"0","post_reading_time_wpm":"300","show_zoom_button":"0","zoom_button_out_step":"2","zoom_button_in_step":"3","show_post_tag":"1","show_prev_next_post":"1","show_popup_post":"1","number_popup_post":"1","show_author_box":"0","show_post_related":"0","show_inline_post_related":"0"}],"override_image_size":"0","image_override":[{"single_post_thumbnail_size":"crop-500","single_post_gallery_size":"crop-500"}],"trending_post":"0","trending_post_position":"meta","trending_post_label":"Trending","sponsored_post":"0","sponsored_post_label":"Sponsored by","sponsored_post_name":"","sponsored_post_url":"","sponsored_post_logo_enable":"0","sponsored_post_logo":"","sponsored_post_desc":"","disable_ad":"0"},"jnews_primary_category":{"id":""},"jnews_social_meta":{"fb_title":"","fb_description":"","fb_image":"","twitter_title":"","twitter_description":"","twitter_image":""},"jnews_review":[],"enable_review":"0","type":"percentage","name":"","summary":"","brand":"","sku":"","good":[{"good_text":""}],"bad":[{"bad_text":""}],"score_override":"","override_value":"","rating":[{"rating_text":"","rating_number":"10"}],"price":[{"shop":"","price":"","link":"","icon":""}],"jnews_override_counter":{"override_view_counter":"0","view_counter_number":"0","override_share_counter":"0","share_counter_number":"0","override_like_counter":"0","like_counter_number":"0","override_dislike_counter":"0","dislike_counter_number":"0"},"jnews_post_split":{"enable_post_split":"0","post_split":[{"template":"1","tag":"h2","numbering":"asc","mode":"normal","first":"0","enable_toc":"0","toc_type":"normal"}]},"footnotes":""},"categories":[75,148],"tags":[1180,1198,1199,1181,537],"class_list":["post-33334","post","type-post","status-publish","format-standard","has-post-thumbnail","hentry","category-accion-social","category-san-justo","tag-adicciones","tag-drogadiccion","tag-jovenes-en-recuperacion","tag-madres-territoriales-san-francisco","tag-san-francisco"],"jetpack_featured_media_url":"https:\/\/atecordoba.org\/wp-content\/uploads\/2022\/08\/portadamadresterritoriales-e1661359731272.jpg","_links":{"self":[{"href":"https:\/\/atecordoba.org\/index.php?rest_route=\/wp\/v2\/posts\/33334","targetHints":{"allow":["GET"]}}],"collection":[{"href":"https:\/\/atecordoba.org\/index.php?rest_route=\/wp\/v2\/posts"}],"about":[{"href":"https:\/\/atecordoba.org\/index.php?rest_route=\/wp\/v2\/types\/post"}],"author":[{"embeddable":true,"href":"https:\/\/atecordoba.org\/index.php?rest_route=\/wp\/v2\/users\/7"}],"replies":[{"embeddable":true,"href":"https:\/\/atecordoba.org\/index.php?rest_route=%2Fwp%2Fv2%2Fcomments&post=33334"}],"version-history":[{"count":1,"href":"https:\/\/atecordoba.org\/index.php?rest_route=\/wp\/v2\/posts\/33334\/revisions"}],"predecessor-version":[{"id":33337,"href":"https:\/\/atecordoba.org\/index.php?rest_route=\/wp\/v2\/posts\/33334\/revisions\/33337"}],"wp:featuredmedia":[{"embeddable":true,"href":"https:\/\/atecordoba.org\/index.php?rest_route=\/wp\/v2\/media\/33336"}],"wp:attachment":[{"href":"https:\/\/atecordoba.org\/index.php?rest_route=%2Fwp%2Fv2%2Fmedia&parent=33334"}],"wp:term":[{"taxonomy":"category","embeddable":true,"href":"https:\/\/atecordoba.org\/index.php?rest_route=%2Fwp%2Fv2%2Fcategories&post=33334"},{"taxonomy":"post_tag","embeddable":true,"href":"https:\/\/atecordoba.org\/index.php?rest_route=%2Fwp%2Fv2%2Ftags&post=33334"}],"curies":[{"name":"wp","href":"https:\/\/api.w.org\/{rel}","templated":true}]}}