{"id":33330,"date":"2022-08-24T13:28:26","date_gmt":"2022-08-24T16:28:26","guid":{"rendered":"https:\/\/atecordoba.org\/?p=33330"},"modified":"2022-08-24T13:28:30","modified_gmt":"2022-08-24T16:28:30","slug":"ate-hace-pie-en-radio-nacional-cordoba","status":"publish","type":"post","link":"https:\/\/atecordoba.org\/?p=33330","title":{"rendered":"ATE hace pie en Radio Nacional C\u00f3rdoba"},"content":{"rendered":"\n<div class=\"wp-block-image\"><figure class=\"aligncenter size-large is-resized\"><img loading=\"lazy\" decoding=\"async\" src=\"https:\/\/atecordoba.org\/wp-content\/uploads\/2022\/08\/RNC-1024x768.jpg\" alt=\"\" class=\"wp-image-33331\" width=\"768\" height=\"576\" srcset=\"https:\/\/atecordoba.org\/wp-content\/uploads\/2022\/08\/RNC-1024x768.jpg 1024w, https:\/\/atecordoba.org\/wp-content\/uploads\/2022\/08\/RNC-300x225.jpg 300w, https:\/\/atecordoba.org\/wp-content\/uploads\/2022\/08\/RNC-768x576.jpg 768w, https:\/\/atecordoba.org\/wp-content\/uploads\/2022\/08\/RNC-750x563.jpg 750w, https:\/\/atecordoba.org\/wp-content\/uploads\/2022\/08\/RNC-1140x855.jpg 1140w, https:\/\/atecordoba.org\/wp-content\/uploads\/2022\/08\/RNC.jpg 1440w\" sizes=\"auto, (max-width: 768px) 100vw, 768px\" \/><\/figure><\/div>\n\n\n\n<p>Ayer el secretario General de ATE C\u00f3rdoba, Federico Giuliani, junto al secretario de Formaci\u00f3n C\u00e9sar Theaux mantuvo la primera Audiencia Institucional con el Director de Radio Nacional, Javier Zanetti, y el candidato a Delegado de ATE C\u00f3rdoba, Gonzalo Puig.<\/p>\n\n\n\n<p>En el mes de junio pasado, los trabajadores de Radio Nacional comenzaron un proceso de organizaci\u00f3n en nuestra organizaci\u00f3n. <\/p>\n\n\n\n<p>Giuliani fue a principios de julio hasta la emisora para conocerlos, darles la bienvenida y puntear una agenda de trabajo ante las demandas sectoriales.Se trata de un nuevo sector de trabajo -en este caso del \u00e1mbito Nacional- que se incorpora a la org\u00e1nica del Consejo Directivo Provincial de ATE C\u00f3rdoba.<\/p>\n\n\n\n<p><\/p>\n","protected":false},"excerpt":{"rendered":"<p>Ayer el secretario General de ATE C\u00f3rdoba, Federico Giuliani, junto al secretario de Formaci\u00f3n C\u00e9sar Theaux mantuvo la primera Audiencia Institucional con el Director de Radio Nacional, Javier Zanetti, y el candidato a Delegado de ATE C\u00f3rdoba, Gonzalo Puig. En el mes de junio pasado, los trabajadores de Radio Nacional comenzaron un proceso de organizaci\u00f3n [&hellip;]<\/p>\n","protected":false},"author":7,"featured_media":33332,"comment_status":"open","ping_status":"open","sticky":false,"template":"","format":"standard","meta":{"_exactmetrics_skip_tracking":false,"_exactmetrics_sitenote_active":false,"_exactmetrics_sitenote_note":"","_exactmetrics_sitenote_category":0,"jnews-multi-image_gallery":[],"jnews_single_post":{"subtitle":"En el marco de la recorrida que habitualmente realiza por los sectores de trabajo, Federico Giuliani, fue recibido por el director de la emisora, Luis Zanetti.","format":"standard","video":"","gallery":"","source_name":"","source_url":"","via_name":"","via_url":"","override_template":"0","override":[{"template":"1","single_blog_custom":"","parallax":"1","fullscreen":"1","layout":"right-sidebar","sidebar":"default-sidebar","second_sidebar":"default-sidebar","sticky_sidebar":"1","share_position":"top","share_float_style":"share-monocrhome","show_share_counter":"1","show_view_counter":"1","show_featured":"1","show_post_meta":"1","show_post_author":"1","show_post_author_image":"1","show_post_date":"1","post_date_format":"default","post_date_format_custom":"Y\/m\/d","show_post_category":"1","show_post_reading_time":"0","post_reading_time_wpm":"300","show_zoom_button":"0","zoom_button_out_step":"2","zoom_button_in_step":"3","show_post_tag":"1","show_prev_next_post":"1","show_popup_post":"1","number_popup_post":"1","show_author_box":"0","show_post_related":"0","show_inline_post_related":"0"}],"override_image_size":"0","image_override":[{"single_post_thumbnail_size":"crop-500","single_post_gallery_size":"crop-500"}],"trending_post":"0","trending_post_position":"meta","trending_post_label":"Trending","sponsored_post":"0","sponsored_post_label":"Sponsored by","sponsored_post_name":"","sponsored_post_url":"","sponsored_post_logo_enable":"0","sponsored_post_logo":"","sponsored_post_desc":"","disable_ad":"0"},"jnews_primary_category":{"id":""},"jnews_social_meta":{"fb_title":"","fb_description":"","fb_image":"","twitter_title":"","twitter_description":"","twitter_image":""},"jnews_review":[],"enable_review":"0","type":"percentage","name":"","summary":"","brand":"","sku":"","good":[{"good_text":""}],"bad":[{"bad_text":""}],"score_override":"","override_value":"","rating":[{"rating_text":"","rating_number":"10"}],"price":[{"shop":"","price":"","link":"","icon":""}],"jnews_override_counter":{"override_view_counter":"0","view_counter_number":"0","override_share_counter":"0","share_counter_number":"0","override_like_counter":"0","like_counter_number":"0","override_dislike_counter":"0","dislike_counter_number":"0"},"jnews_post_split":{"enable_post_split":"0","post_split":[{"template":"1","tag":"h2","numbering":"asc","mode":"normal","first":"0","enable_toc":"0","toc_type":"normal"}]},"footnotes":""},"categories":[18],"tags":[1197],"class_list":["post-33330","post","type-post","status-publish","format-standard","has-post-thumbnail","hentry","category-nacionales","tag-radio-nacional-cordoba"],"jetpack_featured_media_url":"https:\/\/atecordoba.org\/wp-content\/uploads\/2022\/08\/RNCportada-e1661358494758.jpg","_links":{"self":[{"href":"https:\/\/atecordoba.org\/index.php?rest_route=\/wp\/v2\/posts\/33330","targetHints":{"allow":["GET"]}}],"collection":[{"href":"https:\/\/atecordoba.org\/index.php?rest_route=\/wp\/v2\/posts"}],"about":[{"href":"https:\/\/atecordoba.org\/index.php?rest_route=\/wp\/v2\/types\/post"}],"author":[{"embeddable":true,"href":"https:\/\/atecordoba.org\/index.php?rest_route=\/wp\/v2\/users\/7"}],"replies":[{"embeddable":true,"href":"https:\/\/atecordoba.org\/index.php?rest_route=%2Fwp%2Fv2%2Fcomments&post=33330"}],"version-history":[{"count":1,"href":"https:\/\/atecordoba.org\/index.php?rest_route=\/wp\/v2\/posts\/33330\/revisions"}],"predecessor-version":[{"id":33333,"href":"https:\/\/atecordoba.org\/index.php?rest_route=\/wp\/v2\/posts\/33330\/revisions\/33333"}],"wp:featuredmedia":[{"embeddable":true,"href":"https:\/\/atecordoba.org\/index.php?rest_route=\/wp\/v2\/media\/33332"}],"wp:attachment":[{"href":"https:\/\/atecordoba.org\/index.php?rest_route=%2Fwp%2Fv2%2Fmedia&parent=33330"}],"wp:term":[{"taxonomy":"category","embeddable":true,"href":"https:\/\/atecordoba.org\/index.php?rest_route=%2Fwp%2Fv2%2Fcategories&post=33330"},{"taxonomy":"post_tag","embeddable":true,"href":"https:\/\/atecordoba.org\/index.php?rest_route=%2Fwp%2Fv2%2Ftags&post=33330"}],"curies":[{"name":"wp","href":"https:\/\/api.w.org\/{rel}","templated":true}]}}