{"id":33309,"date":"2022-08-23T15:38:13","date_gmt":"2022-08-23T18:38:13","guid":{"rendered":"https:\/\/atecordoba.org\/?p=33309"},"modified":"2022-08-23T15:38:19","modified_gmt":"2022-08-23T18:38:19","slug":"federico-giuliani-lo-importante-es-nacionalizar-el-conflicto","status":"publish","type":"post","link":"https:\/\/atecordoba.org\/?p=33309","title":{"rendered":"Federico Giuliani: &#8220;Lo importante es nacionalizar el conflicto&#8221;"},"content":{"rendered":"\n<div class=\"wp-block-image\"><figure class=\"aligncenter size-large is-resized\"><img loading=\"lazy\" decoding=\"async\" src=\"https:\/\/atecordoba.org\/wp-content\/uploads\/2022\/08\/federico-3-1024x682.jpeg\" alt=\"\" class=\"wp-image-33310\" width=\"768\" height=\"512\" srcset=\"https:\/\/atecordoba.org\/wp-content\/uploads\/2022\/08\/federico-3-1024x682.jpeg 1024w, https:\/\/atecordoba.org\/wp-content\/uploads\/2022\/08\/federico-3-300x200.jpeg 300w, https:\/\/atecordoba.org\/wp-content\/uploads\/2022\/08\/federico-3-768x512.jpeg 768w, https:\/\/atecordoba.org\/wp-content\/uploads\/2022\/08\/federico-3-750x500.jpeg 750w, https:\/\/atecordoba.org\/wp-content\/uploads\/2022\/08\/federico-3-1140x760.jpeg 1140w, https:\/\/atecordoba.org\/wp-content\/uploads\/2022\/08\/federico-3.jpeg 1280w\" sizes=\"auto, (max-width: 768px) 100vw, 768px\" \/><\/figure><\/div>\n\n\n\n<p>En una entrevista que brind\u00f3 la semana pasada al podcast <a href=\"https:\/\/estoesloquehay2013.wordpress.com\/2022\/08\/21\/esto-es-lo-que-hay-programa-completo-del-20-08-2022\/\">&#8220;Es lo que hay&#8221;<\/a>, el secretario General de ATE C\u00f3rdoba y la CTA Aut\u00f3noma, brind\u00f3 una serie de definiciones respecto a la situaci\u00f3n que afronta la clase trabajadora, los gobiernos nacional y provincial, y la perspectiva organizativa del campo popular en C\u00f3rdoba. <\/p>\n\n\n\n<p>Giuliani fue consultado respecto a la Jornada de Lucha que la CTAA realiz\u00f3 la semana pasada y dijo que &#8220;lo importante es nacionalizar el conflicto social, sindical y ambiental que hay en Argentina. Hoy la mitad de las provincias est\u00e1n en situaciones de conflictividad muy importantes, ya sea por lo salarial o lo ambiental. Por eso entendemos desde C\u00f3rdoba que m\u00e1s all\u00e1 de las jornadas de lucha hay que construir una huelga general, las condiciones est\u00e1n dadas. No hay plata que alcance para quienes trabajamos, que seguimos siendo pobres si cobramos menos de 119 mil pesos. Eso no sucede en la mayor\u00eda de los asalariados. Y los que no tienen nada ni siquiera pueden arrimar un poco de guiso a la olla&#8221;.<\/p>\n\n\n\n<p>&#8220;En ese marco, agreg\u00f3, las condiciones est\u00e1n dadas para construir una medida de fuerza nacional para revertir el acuerdo con el FMI y no mandarle ni un d\u00f3lar m\u00e1s. Porque esa deuda que estamos pagando es ileg\u00edtima y fraudulenta. Usted paga la deuda que se invierte en obra p\u00fablica, en escuelas, en salud. Ahora, si lo est\u00e1n estafando no se paga: se audita, se judicializa, se investiga. Lamentablemente este gobierno decidi\u00f3 pagar a costa de seguir hambreando a nuestro pueblo. No nos cabe la menor duda que la plata para pagar esa plata sale de los sectores populares, no de los concentrados&#8221;.<\/p>\n\n\n\n<p>&#8220;Nosotros entendemos que para poner un piso de dignidad en Argentina hay que garantizar un salario universal, que sea al menos lo que indica el m\u00ednimo, vital y m\u00f3vil, que hoy es bajo si uno va a lo que plantea la Constituci\u00f3n Nacional en el 14 BIS. Hoy el SMVM est\u00e1 en 45 mil pesos, apenas por debajo de la l\u00ednea de la indigencia. En la misma discusi\u00f3n entran dos cuestiones, por un lado llevarlo a 119 mil pesos que es lo que indica la l\u00ednea de la pobreza, y por otro incorporar a esos millones de compatriotas que no tienen nada a un salario b\u00e1sico para poder discutir una Argentina digna. Por eso la CTA realiz\u00f3 la jornada de lucha con cortes de calles y puentes&#8221;.<\/p>\n\n\n\n<div class=\"wp-block-image\"><figure class=\"alignleft size-large is-resized\"><img loading=\"lazy\" decoding=\"async\" src=\"https:\/\/atecordoba.org\/wp-content\/uploads\/2022\/08\/federico-senaf-1024x576.jpeg\" alt=\"\" class=\"wp-image-33312\" width=\"740\" height=\"416\" srcset=\"https:\/\/atecordoba.org\/wp-content\/uploads\/2022\/08\/federico-senaf-1024x576.jpeg 1024w, https:\/\/atecordoba.org\/wp-content\/uploads\/2022\/08\/federico-senaf-300x169.jpeg 300w, https:\/\/atecordoba.org\/wp-content\/uploads\/2022\/08\/federico-senaf-768x432.jpeg 768w, https:\/\/atecordoba.org\/wp-content\/uploads\/2022\/08\/federico-senaf-750x422.jpeg 750w, https:\/\/atecordoba.org\/wp-content\/uploads\/2022\/08\/federico-senaf.jpeg 1040w\" sizes=\"auto, (max-width: 740px) 100vw, 740px\" \/><\/figure><\/div>\n\n\n\n<p>&#8220;En C\u00f3rdoba \u00a0decidimos hacemos hacer ollas populares, con una actividad central en barrio Marqu\u00e9s Anexo en C\u00f3rdoba Capital, donde hicimos una asamblea planteando la necesidad de la unidad estrat\u00e9gica entre los trabajadores ocupados, en blanco y legalizados, con los informales, en negro y por fuera de la ley laboral, sino tambi\u00e9n con los sectores desocupados, que en este caso lo integran las organizaciones piqueteras&#8221;.<\/p>\n\n\n\n<p><strong>-Siendo miembro de la CTA, c\u00f3mo ves la llegada de Sergio Massa al Ministerio de Econom\u00eda y el congelamiento de la planta de estatales.<\/strong><\/p>\n\n\n\n<p>En primer lugar, quien congel\u00f3 la posibilidad las vacantes del Estado nacional fue Batakis, incumpliendo el compromiso firmado en 2020 por el Estado donde se comprometi\u00f3 a pasar a planta permanente a 30 mil compa\u00f1eros y compa\u00f1eras estatales que hoy est\u00e1n cumpliendo funciones de manera precaria. Lamentablemente, el decreto que firma en los pocos d\u00edas que estuvo esa ministra va a impedir que esa promesa se cumpla, pero adem\u00e1s impide nuevos ingresos necesarios en el Estado si queremos garantizar pol\u00edticas p\u00fablicas.<\/p>\n\n\n\n<p>Por el lado de Massa, se trata del hombre de la embajada yanki en Argentina. No nos cabe la menor duda que es el hombre elegido por el establishment para llevar adelante la parte m\u00e1s sucia del ajuste que falta. Lamentablemente no vimos en los d\u00edas que est\u00e1 ninguna medida que nos muestre un horizonte de esperanza para el pueblo argentino. Siempre se discute lo mismo: como los grupos concentrados se la llevan en pala y los asalariados y el pueblo trabajador sigue perdiendo todos los d\u00edas, por ejemplo, v\u00eda inflaci\u00f3n.<\/p>\n\n\n\n<p>M\u00e1s all\u00e1 que hay formadores de precios que conocemos con nombre y apellido, el gobierno no hace nada para controlarlos y es una enorme transferencia de recursos de abajo para arriba que no tiene control o por ineptitud o por falta de voluntad. Con un Estado presente esta inflaci\u00f3n no podr\u00eda ser la que tenemos en Argentina. Julio fue el mes de m\u00e1s inflaci\u00f3n de los \u00faltimos 30 a\u00f1os, entonces lo de Massa es la cereza del postre para el proceso de ajuste que est\u00e1 en marcha y al cual hay que darlo vuelta marcando la agenda en la calle de los laburantes de a pie.<\/p>\n\n\n\n<p><strong>-\u00bfCrees que el gobierno de Alberto y Massa es algo muy parecido al gobierno de Schiaretti?<\/strong><\/p>\n\n\n\n<p>A nivel provincial hay un gobierno con 23 a\u00f1os en el poder y es una especie de Frankestein creado por De la Sota donde incorpora a la Ucede al peronismo. El partido m\u00e1s liberal fue sumado al ensayo pol\u00edtico republicano. Recordemos que Kammerath termin\u00f3 siendo intendente, cuando De la Sota llega a la gobernaci\u00f3n, y despu\u00e9s huye de la gesti\u00f3n,&nbsp;acusado de corrupci\u00f3n. Hoy est\u00e1 condenado.<\/p>\n\n\n\n<p>A nivel nacional hay un ensayo republicano con la figura de Massa, porque quienes est\u00e1n a cargo del FdT nos dicen que no hay que marchar ni parar, no hacer kilombo para no ser funcionales a la derecha. Pero, qu\u00e9 es Massa sino la derecha, dentro de un frente electoral. Entonces puede haber una similitud en esto que haya un peronismo \u201cprogresista\u201d como el de Capital Federal que representa Alberto Fern\u00e9ndez, con sectores de la derecha como Massa, que terminan gobernando para los intereses de los que m\u00e1s tienen.<\/p>\n\n\n\n<p>Hicimos mucho en la calle durante el macrismo para que ese ensayo de la oligarqu\u00eda recalcitrante durara solo cuatro a\u00f1os. El triunfo del FdT es resultado de la resistencia popular. Ahora, no firmamos un cheque en blanco m\u00e1s all\u00e1 de la pandemia y la herencia macrista, para que al d\u00eda de hoy no tengamos una sola medida que genere bienestar en nuestro pueblo. Hoy son cada vez m\u00e1s los sectores medios que caen en la pobreza y los pobres que caen en la indigencia. Asi que m\u00e1s all\u00e1 de la herencia macrista y la pandemia, a tres a\u00f1os de asumido Alberto no hay medidas que nos beneficien, es llamativo.<\/p>\n\n\n\n<div class=\"wp-block-image\"><figure class=\"alignright size-full\"><img decoding=\"async\" src=\"https:\/\/atecordoba.org\/wp-content\/uploads\/2022\/08\/federico.jpg\" alt=\"\" class=\"wp-image-33311\" \/><\/figure><\/div>\n\n\n\n<p>Tendr\u00edan que haber ido a fondo con Vicentin, esa fue una situaci\u00f3n bisagra que podr\u00eda haber cambiado la correlaci\u00f3n de fuerzas, pero no hubo voluntad porque tampoco lo discutieron con los actores reales. Cuando queres tomar una decisi\u00f3n y no tenes poder popular, suceden estas cosas, y hoy seguimos esperando que la crisis la paguen los sectores concentrados, volviendo a la vieja discusi\u00f3n de la distribuci\u00f3n de la riqueza, sac\u00e1ndole a los que m\u00e1s tienen y no a los que menos tienen para pagarle una deuda al FMI.<\/p>\n\n\n\n<p><strong>\u00bfPor qu\u00e9 la correlaci\u00f3n&nbsp; de fuerza nacional, donde confluyen movimientos sociales y sindicatos, no se logra en C\u00f3rdoba para ponerle un parate al cordobesismo, que est\u00e1 m\u00e1s cerca de Macri que otra cosa?<\/strong><\/p>\n\n\n\n<p>Schiaretti fue el mejor socio de Macri. De todas formas, en C\u00f3rdoba venimos transitando una unidad estrat\u00e9gica en la calle, por m\u00e1s que no se vea en los medios, con el bloque piquetero. Lo electoral es otra discusi\u00f3n, en primer lugar no debemos olvidar que la C\u00f3rdoba paradojal tuvo la Reforma Universitaria y el Cordobazo \u2013con dirigentes como Tosco, la Perra Cstro o Atilio L\u00f3pez- , pero tambi\u00e9n tuvimos una de las dictaduras m\u00e1s tremendas de Latinoam\u00e9rica y fue uno de los territorios donde el terrorismo de Estado hizo m\u00e1s estragos y venimos de una derrota muy dura en los pol\u00edtico y en lo cultural.<\/p>\n\n\n\n<p>Hoy hay un vac\u00edo en los grandes aparatos que son los que permiten llegar a lugares de gobierno. Entre el PJ y la UCR no hay diferencias ideol\u00f3gicas, son c\u00e1scaras vac\u00edas y unidades de negocios que se ponen en marcha tres a\u00f1os antes de la elecci\u00f3n. Los dos plantean una provincia de los agronegocios, que fumigan pueblos enteros y revientan las sierras para hacer autov\u00edas. Y nosotros tenemos una crisis de representatividad pol\u00edtica muy grande en el campo popular en general, no solo los sindicatos o las centrales obreras que tienen dirigente con 30 o 40 a\u00f1os en el cargo. Por caso, Jos\u00e9 Pihen es juez y parte porque firma la paritaria a la baja y al mismo tiempo es legislador por el partido de gobierno. Esto se traslada a los clubes de barrio, a los partidos pol\u00edticos, a los frentes electorales que se arman para las elecciones. No supimos elaborar una fuerza pol\u00edtica potente que vuelva a enamorar a la gente.<\/p>\n\n\n\n<p>El pueblo no se suicida. Muchos dicen que C\u00f3rdoba es amarilla,m que vota a Macri, pero es f\u00e1cil decirlo como dirigente, despu\u00e9s hay que estar en el d\u00eda a d\u00eda de la gente. Nosotros no supimos, no quisimos, no pudimos brindar alternativas potentes que traiga a un peronismo como el de Obreg\u00f3n Cano de 1973 al plano de discusi\u00f3n de una C\u00b4rodoba distintas. Esa es la realidad y hay que hacerse cargo porque nos atraviesa de forma transversal. Para cambiar hay que dejar de lado los sectarismo, los personalismos, formar cuadros. Vea que est\u00e1 hablando de un proyecto pol\u00edtico que encabeza el cordobesismo, integrado por el peronismo y los liberales, pero que tiene un faro ideol\u00f3gico fundamental: la fundaci\u00f3n Mediterr\u00e1nea.<\/p>\n\n\n\n<div class=\"wp-block-image\"><figure class=\"alignleft size-full\"><img loading=\"lazy\" decoding=\"async\" width=\"750\" height=\"498\" src=\"https:\/\/atecordoba.org\/wp-content\/uploads\/2022\/08\/Giuliani_MarchaCarlosPAZ-750x498-1.jpeg\" alt=\"\" class=\"wp-image-33313\" srcset=\"https:\/\/atecordoba.org\/wp-content\/uploads\/2022\/08\/Giuliani_MarchaCarlosPAZ-750x498-1.jpeg 750w, https:\/\/atecordoba.org\/wp-content\/uploads\/2022\/08\/Giuliani_MarchaCarlosPAZ-750x498-1-300x199.jpeg 300w\" sizes=\"auto, (max-width: 750px) 100vw, 750px\" \/><\/figure><\/div>\n\n\n\n<p>Ellos se forman, tienen sus universidades, sus proyectos a mediano y largo plazo, pero nosotros no logramos ponernos de acuerdo en la firma de un documento. Mientras perdemos tiempo en cuestiones secundarias o terciarias, quien va arriba de una lista o abajo, si hacemos una interna, ellos se juntan y planifican. Por lo cual, ac\u00e1 lo que queda es un recambio generacional, formar cuadros y que vuelvan a tomar protagonismo en la posibilidad de armar un programa para la clase trabajadora, las organizaciones sindicales y sociales que est\u00e1n en la lucha. Si los proyectos pol\u00edticos para llevarle a nuestro pueblo vienen desde Buenos Aires le vamos a errar. Ac\u00e1 hay que volver a la savia fundacional del movimiento obrero, en C\u00f3rdoba se parieron dos programas que si hoy se ven, cambiando el lenguaje inclusivo, est\u00e1n plenamente vigentes. Somos los trabajadores quienes generamos la riqueza pero tambi\u00e9n queremos discutir la soberan\u00eda alimentaria, la soberan\u00eda energ\u00e9tica, la soberan\u00eda comunicacional. Es la reivindicaci\u00f3n en la calle, como lo venimos haciendo en C\u00f3rdoba al menos desde ATE y la CTA Aut\u00f3noma, organiz\u00e1ndonos con quienes luchan y no son funcionales y serviles al poder, pero tambi\u00e9n con un programa que logre llevar a nuestra gente ese enamoramiento hacia un nuevo proyecto pol\u00edtico que nos pueda poner de pie en la provincia. Nos falta mucho y hay que ponerse a trabajar en eso, sin personalismos y pensando en las bases organizadas que quieren un destino distinto.&nbsp;<\/p>\n\n\n\n<p><strong>-Esperemos que en la calle se vaya reflejando si hay o no 2023.<\/strong><\/p>\n\n\n\n<p>Falta mucho para el a\u00f1o electoral, lo importante es pensar en nuestra gente, c\u00f3mo hacen hoy nuestros compa\u00f1eros y compa\u00f1eras en las barriadas populares para llenar la olla. Venimos de una elecci\u00f3n en la Central y logramos constituir en Punilla un distrito de la CTAA y nuestros referentes son dirigentes ambientalistas, c\u00f3mo hacemos con esos compa\u00f1eros que hoy est\u00e1n siendo imputados por el solo hecho de pelear para que no sean judicializados.<\/p>\n\n\n\n<p>Hay una pelea ambiental muy importante en C\u00f3rdoba, invisibilizada por los medios, que debe agregarse a esta agenda de lucha que tenemos, recorriendo el territorio, donde el pueblo se expresa todos los d\u00edas, donde nuestros pibes caen v\u00edctimas del gatillo f\u00e1cil de la polic\u00eda o apelan a la salida f\u00e1cil de la droga. Creo que juntar al movimiento sindical combativo, con los trabajos territoriales genuinos, la pelea ambiental, la pelea ambiental, la pelea cultural, va a ser el \u00fanico camino de la agenda del a\u00f1o que viene. Para que esa C\u00f3rdoba del gringo Tosco y el negro Atilio, no solo es posible sino necesaria para traerlos a la actualidad y construir una provincia distinta. Cuando uno la camina y la recorre se ve tan rica y tan concentrada en pocas manos que genera los peores n\u00fameros de desigualdad social, de hambre, de pobreza y de precarizaci\u00f3n laboral.\u00a0<\/p>\n","protected":false},"excerpt":{"rendered":"<p>En una entrevista que brind\u00f3 la semana pasada al podcast &#8220;Es lo que hay&#8221;, el secretario General de ATE C\u00f3rdoba y la CTA Aut\u00f3noma, brind\u00f3 una serie de definiciones respecto a la situaci\u00f3n que afronta la clase trabajadora, los gobiernos nacional y provincial, y la perspectiva organizativa del campo popular en C\u00f3rdoba. Giuliani fue consultado [&hellip;]<\/p>\n","protected":false},"author":7,"featured_media":33311,"comment_status":"open","ping_status":"open","sticky":false,"template":"","format":"standard","meta":{"_exactmetrics_skip_tracking":false,"_exactmetrics_sitenote_active":false,"_exactmetrics_sitenote_note":"","_exactmetrics_sitenote_category":0,"jnews-multi-image_gallery":[],"jnews_single_post":{"subtitle":"\"M\u00e1s all\u00e1 que hay formadores de precios que conocemos con nombre y apellido, el gobierno no hace nada para controlarlos y es una enorme transferencia de recursos de abajo para arriba que no tiene control o por ineptitud o por falta de voluntad. Con un Estado presente esta inflaci\u00f3n no podr\u00eda ser la que tenemos en Argentina\", remarc\u00f3 el dirigente.","format":"standard","video":"","gallery":"","source_name":"","source_url":"","via_name":"","via_url":"","override_template":"0","override":[{"template":"1","single_blog_custom":"","parallax":"1","fullscreen":"1","layout":"right-sidebar","sidebar":"default-sidebar","second_sidebar":"default-sidebar","sticky_sidebar":"1","share_position":"top","share_float_style":"share-monocrhome","show_share_counter":"1","show_view_counter":"1","show_featured":"1","show_post_meta":"1","show_post_author":"1","show_post_author_image":"1","show_post_date":"1","post_date_format":"default","post_date_format_custom":"Y\/m\/d","show_post_category":"1","show_post_reading_time":"0","post_reading_time_wpm":"300","show_zoom_button":"0","zoom_button_out_step":"2","zoom_button_in_step":"3","show_post_tag":"1","show_prev_next_post":"1","show_popup_post":"1","number_popup_post":"1","show_author_box":"0","show_post_related":"0","show_inline_post_related":"0"}],"override_image_size":"0","image_override":[{"single_post_thumbnail_size":"crop-500","single_post_gallery_size":"crop-500"}],"trending_post":"0","trending_post_position":"meta","trending_post_label":"Trending","sponsored_post":"0","sponsored_post_label":"Sponsored by","sponsored_post_name":"","sponsored_post_url":"","sponsored_post_logo_enable":"0","sponsored_post_logo":"","sponsored_post_desc":"","disable_ad":"0"},"jnews_primary_category":{"id":""},"jnews_social_meta":{"fb_title":"","fb_description":"","fb_image":"","twitter_title":"","twitter_description":"","twitter_image":""},"jnews_review":[],"enable_review":"0","type":"percentage","name":"","summary":"","brand":"","sku":"","good":[{"good_text":""}],"bad":[{"bad_text":""}],"score_override":"","override_value":"","rating":[{"rating_text":"","rating_number":"10"}],"price":[{"shop":"","price":"","link":"","icon":""}],"jnews_override_counter":{"override_view_counter":"0","view_counter_number":"0","override_share_counter":"0","share_counter_number":"0","override_like_counter":"0","like_counter_number":"0","override_dislike_counter":"0","dislike_counter_number":"0"},"jnews_post_split":{"enable_post_split":"0","post_split":[{"template":"1","tag":"h2","numbering":"asc","mode":"normal","first":"0","enable_toc":"0","toc_type":"normal"}]},"footnotes":""},"categories":[10,341],"tags":[1027,759],"class_list":["post-33309","post","type-post","status-publish","format-standard","has-post-thumbnail","hentry","category-accion-politica","category-cdp","tag-entrevista","tag-federico-giuliani"],"jetpack_featured_media_url":"https:\/\/atecordoba.org\/wp-content\/uploads\/2022\/08\/federico-e1661279886986.jpg","_links":{"self":[{"href":"https:\/\/atecordoba.org\/index.php?rest_route=\/wp\/v2\/posts\/33309","targetHints":{"allow":["GET"]}}],"collection":[{"href":"https:\/\/atecordoba.org\/index.php?rest_route=\/wp\/v2\/posts"}],"about":[{"href":"https:\/\/atecordoba.org\/index.php?rest_route=\/wp\/v2\/types\/post"}],"author":[{"embeddable":true,"href":"https:\/\/atecordoba.org\/index.php?rest_route=\/wp\/v2\/users\/7"}],"replies":[{"embeddable":true,"href":"https:\/\/atecordoba.org\/index.php?rest_route=%2Fwp%2Fv2%2Fcomments&post=33309"}],"version-history":[{"count":1,"href":"https:\/\/atecordoba.org\/index.php?rest_route=\/wp\/v2\/posts\/33309\/revisions"}],"predecessor-version":[{"id":33314,"href":"https:\/\/atecordoba.org\/index.php?rest_route=\/wp\/v2\/posts\/33309\/revisions\/33314"}],"wp:featuredmedia":[{"embeddable":true,"href":"https:\/\/atecordoba.org\/index.php?rest_route=\/wp\/v2\/media\/33311"}],"wp:attachment":[{"href":"https:\/\/atecordoba.org\/index.php?rest_route=%2Fwp%2Fv2%2Fmedia&parent=33309"}],"wp:term":[{"taxonomy":"category","embeddable":true,"href":"https:\/\/atecordoba.org\/index.php?rest_route=%2Fwp%2Fv2%2Fcategories&post=33309"},{"taxonomy":"post_tag","embeddable":true,"href":"https:\/\/atecordoba.org\/index.php?rest_route=%2Fwp%2Fv2%2Ftags&post=33309"}],"curies":[{"name":"wp","href":"https:\/\/api.w.org\/{rel}","templated":true}]}}