{"id":33294,"date":"2022-08-23T10:47:00","date_gmt":"2022-08-23T13:47:00","guid":{"rendered":"https:\/\/atecordoba.org\/?p=33294"},"modified":"2022-08-23T10:48:01","modified_gmt":"2022-08-23T13:48:01","slug":"la-cta-autonoma-ante-la-embestida-judicial-contra-la-vicepresidenta","status":"publish","type":"post","link":"https:\/\/atecordoba.org\/?p=33294","title":{"rendered":"La CTA Aut\u00f3noma ante la embestida judicial contra la Vicepresidenta"},"content":{"rendered":"\n<div class=\"wp-block-image\"><figure class=\"alignleft size-large is-resized\"><img loading=\"lazy\" decoding=\"async\" src=\"https:\/\/atecordoba.org\/wp-content\/uploads\/2022\/08\/IMG-20220822-WA0270-702x1024.jpg\" alt=\"\" class=\"wp-image-33295\" width=\"403\" height=\"587\" srcset=\"https:\/\/atecordoba.org\/wp-content\/uploads\/2022\/08\/IMG-20220822-WA0270-702x1024.jpg 702w, https:\/\/atecordoba.org\/wp-content\/uploads\/2022\/08\/IMG-20220822-WA0270-206x300.jpg 206w, https:\/\/atecordoba.org\/wp-content\/uploads\/2022\/08\/IMG-20220822-WA0270-768x1120.jpg 768w, https:\/\/atecordoba.org\/wp-content\/uploads\/2022\/08\/IMG-20220822-WA0270-750x1094.jpg 750w, https:\/\/atecordoba.org\/wp-content\/uploads\/2022\/08\/IMG-20220822-WA0270.jpg 794w\" sizes=\"auto, (max-width: 403px) 100vw, 403px\" \/><\/figure><\/div>\n\n\n\n<p>Con la firma de Hugo Cachorro Godoy, secretario General de la CTA Aut\u00f3noma Nacional, junto a la y el secretario Adjunto, Claudia Baigorria y Ricardo Peidro, la Central repudi\u00f3 ayer la  embestida judicial contra la Vicepresidenta Cristina Fern\u00e1ndez de Kirchner. <\/p>\n\n\n\n<p>El comunicado sostiene que &#8220;tras un show medi\u00e1tico de varios d\u00edas que tuvo como protagonista a un fiscal y que poco o nada se pareci\u00f3 a un alegato, se pidi\u00f3 una condena de 12 a\u00f1os contra la vicepresidenta de la Naci\u00f3n, Cristina Fern\u00e1ndez. Se trata de un hecho sin precedentes y de una inusitada gravedad institucional que no es otra cosa que el \u00faltimo cap\u00edtulo de la guerra jur\u00eddica en la Argentina.  <\/p>\n\n\n\n<p>Ya pocos dudan de que se esconde, detr\u00e1s de la parodia judicial, una disputa pol\u00edtica. La farsa est\u00e1 clara: es notoria la falta de pruebas para sostener la acusaci\u00f3n; es forzada e insostenible la manera de vincular a la vicepresidenta con hechos que no la tuvieron ni siquiera como protagonista secundaria; es ins\u00f3lito sostener que el funcionamiento habitual de los \u00f3rganos constitucionales se convierta en una asociaci\u00f3n il\u00edcita.<\/p>\n\n\n\n<p>Lo real es intentar por v\u00eda de esta puesta en escena judicial, una proscripci\u00f3n pol\u00edtica que retrotrae a la Argentina a \u00e9pocas que cre\u00edamos superadas como lo ocurrido durante la autodenominada &#8216;Revoluci\u00f3n Libertadora&#8217; y las consecuentes exclusiones durante d\u00e9cadas de un vasto sector pol\u00edtico. Lo m\u00e1s tr\u00e1gico es que con este nuevo episodio se llega a un hito pr\u00e1cticamente in\u00e9dito de la crisis del sistema judicial argentino, que revela as\u00ed su peor cara.<\/p>\n\n\n\n<p>Hasta que no se resuelva una reforma democr\u00e1tica profunda del Poder Judicial, no habr\u00e1 verdadera democracia en nuestro pa\u00eds ni posibilidad alguna de un modelo social, econ\u00f3mico y pol\u00edtico en favor de las grandes mayor\u00edas populares.<\/p>\n\n\n\n<p>Esperamos que se imponga la verdad y este intento de proscripci\u00f3n no prospere. Que sea el pueblo y \u00fanicamente el pueblo quien decida qui\u00e9nes y c\u00f3mo se gobierna en Argentina a trav\u00e9s del voto popular&#8221;. <\/p>\n\n\n\n<p><\/p>\n","protected":false},"excerpt":{"rendered":"<p>Con la firma de Hugo Cachorro Godoy, secretario General de la CTA Aut\u00f3noma Nacional, junto a la y el secretario Adjunto, Claudia Baigorria y Ricardo Peidro, la Central repudi\u00f3 ayer la embestida judicial contra la Vicepresidenta Cristina Fern\u00e1ndez de Kirchner. El comunicado sostiene que &#8220;tras un show medi\u00e1tico de varios d\u00edas que tuvo como protagonista [&hellip;]<\/p>\n","protected":false},"author":7,"featured_media":33296,"comment_status":"open","ping_status":"open","sticky":false,"template":"","format":"standard","meta":{"_exactmetrics_skip_tracking":false,"_exactmetrics_sitenote_active":false,"_exactmetrics_sitenote_note":"","_exactmetrics_sitenote_category":0,"jnews-multi-image_gallery":[],"jnews_single_post":{"subtitle":"La Central repudi\u00f3 el show medi\u00e1tico judicial donde se somete a Cristina Fern\u00e1ndez a una condena anticipada, habida cuenta de la falta de garant\u00edas procesales que sufri\u00f3 la Vicepresidenta, juzgada por funcionarios judiciales enchastrados de macrismo.","format":"standard","video":"","gallery":"","source_name":"","source_url":"","via_name":"","via_url":"","override_template":"0","override":[{"template":"1","single_blog_custom":"","parallax":"1","fullscreen":"1","layout":"right-sidebar","sidebar":"default-sidebar","second_sidebar":"default-sidebar","sticky_sidebar":"1","share_position":"top","share_float_style":"share-monocrhome","show_share_counter":"1","show_view_counter":"1","show_featured":"1","show_post_meta":"1","show_post_author":"1","show_post_author_image":"1","show_post_date":"1","post_date_format":"default","post_date_format_custom":"Y\/m\/d","show_post_category":"1","show_post_reading_time":"0","post_reading_time_wpm":"300","show_zoom_button":"0","zoom_button_out_step":"2","zoom_button_in_step":"3","show_post_tag":"1","show_prev_next_post":"1","show_popup_post":"1","number_popup_post":"1","show_author_box":"0","show_post_related":"0","show_inline_post_related":"0"}],"override_image_size":"0","image_override":[{"single_post_thumbnail_size":"crop-500","single_post_gallery_size":"crop-500"}],"trending_post":"0","trending_post_position":"meta","trending_post_label":"Trending","sponsored_post":"0","sponsored_post_label":"Sponsored by","sponsored_post_name":"","sponsored_post_url":"","sponsored_post_logo_enable":"0","sponsored_post_logo":"","sponsored_post_desc":"","disable_ad":"0"},"jnews_primary_category":{"id":""},"jnews_social_meta":{"fb_title":"","fb_description":"","fb_image":"","twitter_title":"","twitter_description":"","twitter_image":""},"jnews_review":[],"enable_review":"0","type":"percentage","name":"","summary":"","brand":"","sku":"","good":[{"good_text":""}],"bad":[{"bad_text":""}],"score_override":"","override_value":"","rating":[{"rating_text":"","rating_number":"10"}],"price":[{"shop":"","price":"","link":"","icon":""}],"jnews_override_counter":{"override_view_counter":"0","view_counter_number":"0","override_share_counter":"0","share_counter_number":"0","override_like_counter":"0","like_counter_number":"0","override_dislike_counter":"0","dislike_counter_number":"0"},"jnews_post_split":{"enable_post_split":"0","post_split":[{"template":"1","tag":"h2","numbering":"asc","mode":"normal","first":"0","enable_toc":"0","toc_type":"normal"}]},"footnotes":""},"categories":[10,341],"tags":[1194],"class_list":["post-33294","post","type-post","status-publish","format-standard","has-post-thumbnail","hentry","category-accion-politica","category-cdp","tag-cristina-fernandez-de-kirchner"],"jetpack_featured_media_url":"https:\/\/atecordoba.org\/wp-content\/uploads\/2022\/08\/conduccion-ctaa-e1661262285192.jpeg","_links":{"self":[{"href":"https:\/\/atecordoba.org\/index.php?rest_route=\/wp\/v2\/posts\/33294","targetHints":{"allow":["GET"]}}],"collection":[{"href":"https:\/\/atecordoba.org\/index.php?rest_route=\/wp\/v2\/posts"}],"about":[{"href":"https:\/\/atecordoba.org\/index.php?rest_route=\/wp\/v2\/types\/post"}],"author":[{"embeddable":true,"href":"https:\/\/atecordoba.org\/index.php?rest_route=\/wp\/v2\/users\/7"}],"replies":[{"embeddable":true,"href":"https:\/\/atecordoba.org\/index.php?rest_route=%2Fwp%2Fv2%2Fcomments&post=33294"}],"version-history":[{"count":1,"href":"https:\/\/atecordoba.org\/index.php?rest_route=\/wp\/v2\/posts\/33294\/revisions"}],"predecessor-version":[{"id":33297,"href":"https:\/\/atecordoba.org\/index.php?rest_route=\/wp\/v2\/posts\/33294\/revisions\/33297"}],"wp:featuredmedia":[{"embeddable":true,"href":"https:\/\/atecordoba.org\/index.php?rest_route=\/wp\/v2\/media\/33296"}],"wp:attachment":[{"href":"https:\/\/atecordoba.org\/index.php?rest_route=%2Fwp%2Fv2%2Fmedia&parent=33294"}],"wp:term":[{"taxonomy":"category","embeddable":true,"href":"https:\/\/atecordoba.org\/index.php?rest_route=%2Fwp%2Fv2%2Fcategories&post=33294"},{"taxonomy":"post_tag","embeddable":true,"href":"https:\/\/atecordoba.org\/index.php?rest_route=%2Fwp%2Fv2%2Ftags&post=33294"}],"curies":[{"name":"wp","href":"https:\/\/api.w.org\/{rel}","templated":true}]}}