{"id":33290,"date":"2022-08-23T10:01:36","date_gmt":"2022-08-23T13:01:36","guid":{"rendered":"https:\/\/atecordoba.org\/?p=33290"},"modified":"2022-08-23T11:42:36","modified_gmt":"2022-08-23T14:42:36","slug":"vigencia-del-cordobazo-organizacion-y-lucha-del-movimiento-obrero","status":"publish","type":"post","link":"https:\/\/atecordoba.org\/?p=33290","title":{"rendered":"Vigencia del \u201cCordobazo\u201d: Organizaci\u00f3n y Lucha del Movimiento Obrero"},"content":{"rendered":"\n<div class=\"wp-block-image\"><figure class=\"aligncenter size-full\"><img decoding=\"async\" src=\"https:\/\/atecordoba.org\/wp-content\/uploads\/2022\/08\/cordobazoflyer.jpg\" alt=\"\" class=\"wp-image-33291\" \/><\/figure><\/div>\n\n\n\n<p>Este mi\u00e9rcoles 24 de agosto a las 17 horas, organizado por el Consejo Directivo Provincial de la Asociaci\u00f3n Trabajadores del Estado (ATE-CTAA) C\u00f3rdoba y en el marco del Memorial del Pueblo y la Clase Trabajadora para promover la formaci\u00f3n y capacitaci\u00f3n de cuadros, se llevar\u00e1 a cabo una charla-debate de car\u00e1cter presencial en la sede de calle Entre R\u00edos 450 de la ciudad Capital.<\/p>\n\n\n\n<h3 class=\"wp-block-heading\"><strong>La Convocatoria<\/strong><\/h3>\n\n\n\n<p><strong>Vigencia del \u201cCordobazo\u201d. Organizaci\u00f3n y Lucha del Movimiento Obrero<\/strong><\/p>\n\n\n\n<p><img loading=\"lazy\" decoding=\"async\" width=\"16\" height=\"16\" src=\"https:\/\/static.xx.fbcdn.net\/images\/emoji.php\/v9\/t5c\/1\/16\/1f5d3.png\" alt=\"\ud83d\uddd3\ufe0f\">&nbsp;Mi\u00e9rcoles 24 de agosto-17 horas.<\/p>\n\n\n\n<p><img loading=\"lazy\" decoding=\"async\" width=\"16\" height=\"16\" src=\"https:\/\/static.xx.fbcdn.net\/images\/emoji.php\/v9\/tac\/1\/16\/1f4cc.png\" alt=\"\ud83d\udccc\">&nbsp;ATE Consejo Directivo Provincial C\u00f3rdoba (Entre R\u00edos 450).<\/p>\n\n\n\n<p><img loading=\"lazy\" decoding=\"async\" width=\"16\" height=\"16\" src=\"https:\/\/static.xx.fbcdn.net\/images\/emoji.php\/v9\/t7e\/1\/16\/1f3a4.png\" alt=\"\ud83c\udfa4\"><strong>Exponen:<\/strong><img loading=\"lazy\" decoding=\"async\" width=\"16\" height=\"16\" src=\"https:\/\/static.xx.fbcdn.net\/images\/emoji.php\/v9\/tfb\/1\/16\/1f5e3.png\" alt=\"\ud83d\udde3\ufe0f\">&nbsp;Gerardo Luna: Ex Delegado de Pedriel (SMATA).<\/p>\n\n\n\n<p><img loading=\"lazy\" decoding=\"async\" width=\"16\" height=\"16\" src=\"https:\/\/static.xx.fbcdn.net\/images\/emoji.php\/v9\/tfb\/1\/16\/1f5e3.png\" alt=\"\ud83d\udde3\ufe0f\">&nbsp;Carlos Rang. Delegado de ATE Secretar\u00eda de Agricultura Familiar (SAF)-Docente de la UNRC.<\/p>\n\n\n\n<p><img loading=\"lazy\" decoding=\"async\" width=\"16\" height=\"16\" src=\"https:\/\/static.xx.fbcdn.net\/images\/emoji.php\/v9\/t36\/1\/16\/1f58a.png\" alt=\"\ud83d\udd8a\ufe0f\"><strong>Modera:<\/strong><img loading=\"lazy\" decoding=\"async\" width=\"16\" height=\"16\" src=\"https:\/\/static.xx.fbcdn.net\/images\/emoji.php\/v9\/tb7\/1\/16\/23f3.png\" alt=\"\u23f3\">&nbsp;Julia Giuliani: Secretaria de Prensa y Comunicaci\u00f3n de ATE C\u00f3rdoba.<\/p>\n","protected":false},"excerpt":{"rendered":"<p>Este mi\u00e9rcoles 24 de agosto a las 17 horas, organizado por el Consejo Directivo Provincial de la Asociaci\u00f3n Trabajadores del Estado (ATE-CTAA) C\u00f3rdoba y en el marco del Memorial del Pueblo y la Clase Trabajadora para promover la formaci\u00f3n y capacitaci\u00f3n de cuadros, se llevar\u00e1 a cabo una charla-debate de car\u00e1cter presencial en la sede [&hellip;]<\/p>\n","protected":false},"author":7,"featured_media":33291,"comment_status":"open","ping_status":"open","sticky":false,"template":"","format":"standard","meta":{"_exactmetrics_skip_tracking":false,"_exactmetrics_sitenote_active":false,"_exactmetrics_sitenote_note":"","_exactmetrics_sitenote_category":0,"jnews-multi-image_gallery":[],"jnews_single_post":{"subtitle":"Exponen\u00a0Gerardo Luna, ex delegado de Pedriel (SMATA)y\u00a0Carlos Rang, delegado de ATE de la Secretar\u00eda de Agricultura Familiar y Docente de la UNRC.","format":"standard","video":"","gallery":"","source_name":"","source_url":"","via_name":"","via_url":"","override_template":"0","override":[{"template":"1","single_blog_custom":"","parallax":"1","fullscreen":"1","layout":"right-sidebar","sidebar":"default-sidebar","second_sidebar":"default-sidebar","sticky_sidebar":"1","share_position":"top","share_float_style":"share-monocrhome","show_share_counter":"1","show_view_counter":"1","show_featured":"1","show_post_meta":"1","show_post_author":"1","show_post_author_image":"1","show_post_date":"1","post_date_format":"default","post_date_format_custom":"Y\/m\/d","show_post_category":"1","show_post_reading_time":"0","post_reading_time_wpm":"300","show_zoom_button":"0","zoom_button_out_step":"2","zoom_button_in_step":"3","show_post_tag":"1","show_prev_next_post":"1","show_popup_post":"1","number_popup_post":"1","show_author_box":"0","show_post_related":"0","show_inline_post_related":"0"}],"override_image_size":"0","image_override":[{"single_post_thumbnail_size":"crop-500","single_post_gallery_size":"crop-500"}],"trending_post":"0","trending_post_position":"meta","trending_post_label":"Trending","sponsored_post":"0","sponsored_post_label":"Sponsored by","sponsored_post_name":"","sponsored_post_url":"","sponsored_post_logo_enable":"0","sponsored_post_logo":"","sponsored_post_desc":"","disable_ad":"0"},"jnews_primary_category":{"id":""},"jnews_social_meta":{"fb_title":"","fb_description":"","fb_image":"","twitter_title":"","twitter_description":"","twitter_image":""},"jnews_review":[],"enable_review":"0","type":"percentage","name":"","summary":"","brand":"","sku":"","good":[{"good_text":""}],"bad":[{"bad_text":""}],"score_override":"","override_value":"","rating":[{"rating_text":"","rating_number":"10"}],"price":[{"shop":"","price":"","link":"","icon":""}],"jnews_override_counter":{"override_view_counter":"0","view_counter_number":"0","override_share_counter":"0","share_counter_number":"0","override_like_counter":"0","like_counter_number":"0","override_dislike_counter":"0","dislike_counter_number":"0"},"jnews_post_split":{"enable_post_split":"0","post_split":[{"template":"1","tag":"h2","numbering":"asc","mode":"normal","first":"0","enable_toc":"0","toc_type":"normal"}]},"footnotes":""},"categories":[10],"tags":[],"class_list":["post-33290","post","type-post","status-publish","format-standard","has-post-thumbnail","hentry","category-accion-politica"],"jetpack_featured_media_url":"https:\/\/atecordoba.org\/wp-content\/uploads\/2022\/08\/cordobazoflyer-e1661259731544.jpg","_links":{"self":[{"href":"https:\/\/atecordoba.org\/index.php?rest_route=\/wp\/v2\/posts\/33290","targetHints":{"allow":["GET"]}}],"collection":[{"href":"https:\/\/atecordoba.org\/index.php?rest_route=\/wp\/v2\/posts"}],"about":[{"href":"https:\/\/atecordoba.org\/index.php?rest_route=\/wp\/v2\/types\/post"}],"author":[{"embeddable":true,"href":"https:\/\/atecordoba.org\/index.php?rest_route=\/wp\/v2\/users\/7"}],"replies":[{"embeddable":true,"href":"https:\/\/atecordoba.org\/index.php?rest_route=%2Fwp%2Fv2%2Fcomments&post=33290"}],"version-history":[{"count":2,"href":"https:\/\/atecordoba.org\/index.php?rest_route=\/wp\/v2\/posts\/33290\/revisions"}],"predecessor-version":[{"id":33293,"href":"https:\/\/atecordoba.org\/index.php?rest_route=\/wp\/v2\/posts\/33290\/revisions\/33293"}],"wp:featuredmedia":[{"embeddable":true,"href":"https:\/\/atecordoba.org\/index.php?rest_route=\/wp\/v2\/media\/33291"}],"wp:attachment":[{"href":"https:\/\/atecordoba.org\/index.php?rest_route=%2Fwp%2Fv2%2Fmedia&parent=33290"}],"wp:term":[{"taxonomy":"category","embeddable":true,"href":"https:\/\/atecordoba.org\/index.php?rest_route=%2Fwp%2Fv2%2Fcategories&post=33290"},{"taxonomy":"post_tag","embeddable":true,"href":"https:\/\/atecordoba.org\/index.php?rest_route=%2Fwp%2Fv2%2Ftags&post=33290"}],"curies":[{"name":"wp","href":"https:\/\/api.w.org\/{rel}","templated":true}]}}