{"id":33265,"date":"2022-08-22T15:54:26","date_gmt":"2022-08-22T18:54:26","guid":{"rendered":"https:\/\/atecordoba.org\/?p=33265"},"modified":"2022-08-22T15:55:11","modified_gmt":"2022-08-22T18:55:11","slug":"22-de-agosto-una-delegacion-de-ate-cordoba-y-la-ctaa-cordoba-participan-de-los-actos-en-homenaje-y-conmemoracion-por-la-masacre-de-trelew","status":"publish","type":"post","link":"https:\/\/atecordoba.org\/?p=33265","title":{"rendered":"22 de agosto: una delegaci\u00f3n de ATE C\u00f3rdoba y la CTAA C\u00f3rdoba participa de los actos en homenaje y conmemoraci\u00f3n por la Masacre de Trelew"},"content":{"rendered":"\n<div class=\"wp-block-image\"><figure class=\"aligncenter size-large is-resized\"><img loading=\"lazy\" decoding=\"async\" src=\"https:\/\/atecordoba.org\/wp-content\/uploads\/2022\/08\/WhatsApp-Image-2022-08-22-at-1.14.23-PM-1024x576.jpeg\" alt=\"\" class=\"wp-image-33266\" width=\"768\" height=\"432\" srcset=\"https:\/\/atecordoba.org\/wp-content\/uploads\/2022\/08\/WhatsApp-Image-2022-08-22-at-1.14.23-PM-1024x576.jpeg 1024w, https:\/\/atecordoba.org\/wp-content\/uploads\/2022\/08\/WhatsApp-Image-2022-08-22-at-1.14.23-PM-300x169.jpeg 300w, https:\/\/atecordoba.org\/wp-content\/uploads\/2022\/08\/WhatsApp-Image-2022-08-22-at-1.14.23-PM-768x432.jpeg 768w, https:\/\/atecordoba.org\/wp-content\/uploads\/2022\/08\/WhatsApp-Image-2022-08-22-at-1.14.23-PM-750x422.jpeg 750w, https:\/\/atecordoba.org\/wp-content\/uploads\/2022\/08\/WhatsApp-Image-2022-08-22-at-1.14.23-PM-1140x641.jpeg 1140w, https:\/\/atecordoba.org\/wp-content\/uploads\/2022\/08\/WhatsApp-Image-2022-08-22-at-1.14.23-PM.jpeg 1280w\" sizes=\"auto, (max-width: 768px) 100vw, 768px\" \/><\/figure><\/div>\n\n\n\n<p>Con motivo de cumplirse hoy el 50 aniversario de la Masacre de Trelew, una delegaci\u00f3n integrada por compa\u00f1eros y compa\u00f1eras de ATE C\u00f3rdoba y la CTA C\u00f3rdoba participaron de los actos recordatorios y las actividades reivindicatorias de los m\u00e1rtires fusilados por la dictadura militar, tras la fuga de los presos pol\u00edticos de la Penitenciar\u00eda de Trelew.<\/p>\n\n\n\n<p>El secretario General de la Regional C\u00f3rdoba Capital de la CTA Aut\u00f3noma, Jorge Chalup, encabez\u00f3 la comitiva, que estuvo integrada por compa\u00f1eros y compa\u00f1eras de diversos sectores como el dirigente de la CTA A recientemente electoral en la conducci\u00f3n de C\u00f3rdoba Capital Franco Ayesa, la activista de ATE Marlen Baronetto, la delegada de ATE en el Ministerio de Desarrollo Social, Mar\u00eda Spaventa y Javier Bracamonte, referente de ATE entre elPersonal Civil de las FFAA. <\/p>\n\n\n\n<figure class=\"wp-block-gallery has-nested-images columns-default is-cropped wp-block-gallery-1 is-layout-flex wp-block-gallery-is-layout-flex\">\n<figure class=\"wp-block-image size-large\"><img loading=\"lazy\" decoding=\"async\" width=\"1024\" height=\"577\" data-id=\"33269\" src=\"https:\/\/atecordoba.org\/wp-content\/uploads\/2022\/08\/WhatsApp-Image-2022-08-22-at-1.16.24-PM-1024x577.jpeg\" alt=\"\" class=\"wp-image-33269\" srcset=\"https:\/\/atecordoba.org\/wp-content\/uploads\/2022\/08\/WhatsApp-Image-2022-08-22-at-1.16.24-PM-1024x577.jpeg 1024w, https:\/\/atecordoba.org\/wp-content\/uploads\/2022\/08\/WhatsApp-Image-2022-08-22-at-1.16.24-PM-300x169.jpeg 300w, https:\/\/atecordoba.org\/wp-content\/uploads\/2022\/08\/WhatsApp-Image-2022-08-22-at-1.16.24-PM-768x432.jpeg 768w, https:\/\/atecordoba.org\/wp-content\/uploads\/2022\/08\/WhatsApp-Image-2022-08-22-at-1.16.24-PM-1536x865.jpeg 1536w, https:\/\/atecordoba.org\/wp-content\/uploads\/2022\/08\/WhatsApp-Image-2022-08-22-at-1.16.24-PM-750x422.jpeg 750w, https:\/\/atecordoba.org\/wp-content\/uploads\/2022\/08\/WhatsApp-Image-2022-08-22-at-1.16.24-PM-1140x642.jpeg 1140w, https:\/\/atecordoba.org\/wp-content\/uploads\/2022\/08\/WhatsApp-Image-2022-08-22-at-1.16.24-PM.jpeg 1600w\" sizes=\"auto, (max-width: 1024px) 100vw, 1024px\" \/><\/figure>\n\n\n\n<figure class=\"wp-block-image size-large\"><img loading=\"lazy\" decoding=\"async\" width=\"1024\" height=\"577\" data-id=\"33268\" src=\"https:\/\/atecordoba.org\/wp-content\/uploads\/2022\/08\/WhatsApp-Image-2022-08-22-at-1.22.49-PM-1024x577.jpeg\" alt=\"\" class=\"wp-image-33268\" srcset=\"https:\/\/atecordoba.org\/wp-content\/uploads\/2022\/08\/WhatsApp-Image-2022-08-22-at-1.22.49-PM-1024x577.jpeg 1024w, https:\/\/atecordoba.org\/wp-content\/uploads\/2022\/08\/WhatsApp-Image-2022-08-22-at-1.22.49-PM-300x169.jpeg 300w, https:\/\/atecordoba.org\/wp-content\/uploads\/2022\/08\/WhatsApp-Image-2022-08-22-at-1.22.49-PM-768x432.jpeg 768w, https:\/\/atecordoba.org\/wp-content\/uploads\/2022\/08\/WhatsApp-Image-2022-08-22-at-1.22.49-PM-1536x865.jpeg 1536w, https:\/\/atecordoba.org\/wp-content\/uploads\/2022\/08\/WhatsApp-Image-2022-08-22-at-1.22.49-PM-750x422.jpeg 750w, https:\/\/atecordoba.org\/wp-content\/uploads\/2022\/08\/WhatsApp-Image-2022-08-22-at-1.22.49-PM-1140x642.jpeg 1140w, https:\/\/atecordoba.org\/wp-content\/uploads\/2022\/08\/WhatsApp-Image-2022-08-22-at-1.22.49-PM.jpeg 1600w\" sizes=\"auto, (max-width: 1024px) 100vw, 1024px\" \/><\/figure>\n\n\n\n<figure class=\"wp-block-image size-large\"><img loading=\"lazy\" decoding=\"async\" width=\"1024\" height=\"577\" data-id=\"33267\" src=\"https:\/\/atecordoba.org\/wp-content\/uploads\/2022\/08\/WhatsApp-Image-2022-08-22-at-1.22.50-PM-1024x577.jpeg\" alt=\"\" class=\"wp-image-33267\" srcset=\"https:\/\/atecordoba.org\/wp-content\/uploads\/2022\/08\/WhatsApp-Image-2022-08-22-at-1.22.50-PM-1024x577.jpeg 1024w, https:\/\/atecordoba.org\/wp-content\/uploads\/2022\/08\/WhatsApp-Image-2022-08-22-at-1.22.50-PM-300x169.jpeg 300w, https:\/\/atecordoba.org\/wp-content\/uploads\/2022\/08\/WhatsApp-Image-2022-08-22-at-1.22.50-PM-768x432.jpeg 768w, https:\/\/atecordoba.org\/wp-content\/uploads\/2022\/08\/WhatsApp-Image-2022-08-22-at-1.22.50-PM-1536x865.jpeg 1536w, https:\/\/atecordoba.org\/wp-content\/uploads\/2022\/08\/WhatsApp-Image-2022-08-22-at-1.22.50-PM-750x422.jpeg 750w, https:\/\/atecordoba.org\/wp-content\/uploads\/2022\/08\/WhatsApp-Image-2022-08-22-at-1.22.50-PM-1140x642.jpeg 1140w, https:\/\/atecordoba.org\/wp-content\/uploads\/2022\/08\/WhatsApp-Image-2022-08-22-at-1.22.50-PM.jpeg 1600w\" sizes=\"auto, (max-width: 1024px) 100vw, 1024px\" \/><\/figure>\n<\/figure>\n\n\n\n<p>La delegaci\u00f3n llev\u00f3 a Chubut el fin de semana y particip\u00f3 de variados actos programados para la ocasi\u00f3n. <\/p>\n\n\n\n<p>En ese marco, Chaluptuvo instancias de intercambio con compa\u00f1erxs de distintas regiones del pa\u00eds, entre ellxs, con el Secretario General electo -y actual titular del CDN de ATE Nacional-, Hugo &#8220;Cachorro&#8221; Godoy.<\/p>\n\n\n\n<p>El s\u00e1bado por la tarde se particip\u00f3 de las actividades &#8220;Vida de Perros&#8221;, un trabajo colectivo que rescata la vida de lxs compa\u00f1erxs del PRT-ERP y en la presentaci\u00f3n del libro &#8220;La Patria Fusilada&#8221; de Francisco &#8220;Paco&#8221; Urondo, con la presencia de su hija, \u00c1ngela Urondo.<\/p>\n\n\n\n<p>En tanto el domingo hubo un conversatorio titulado &#8220;50 a\u00f1os despu\u00e9s. Juicio a Bravo&#8221;, &nbsp;ex marino Roberto Bravo fue declarado culpable de cr\u00edmenes ejecutados en la base Almirante Zar, donde murieron los 16 militantes populares, masacrados el 22 de agosto de 1972.<\/p>\n\n\n\n<figure class=\"wp-block-gallery has-nested-images columns-default is-cropped wp-block-gallery-2 is-layout-flex wp-block-gallery-is-layout-flex\">\n<figure class=\"wp-block-image size-large\"><img loading=\"lazy\" decoding=\"async\" width=\"1024\" height=\"577\" data-id=\"33270\" src=\"https:\/\/atecordoba.org\/wp-content\/uploads\/2022\/08\/WhatsApp-Image-2022-08-22-at-1.22.50-PM-1-1024x577.jpeg\" alt=\"\" class=\"wp-image-33270\" srcset=\"https:\/\/atecordoba.org\/wp-content\/uploads\/2022\/08\/WhatsApp-Image-2022-08-22-at-1.22.50-PM-1-1024x577.jpeg 1024w, https:\/\/atecordoba.org\/wp-content\/uploads\/2022\/08\/WhatsApp-Image-2022-08-22-at-1.22.50-PM-1-300x169.jpeg 300w, https:\/\/atecordoba.org\/wp-content\/uploads\/2022\/08\/WhatsApp-Image-2022-08-22-at-1.22.50-PM-1-768x432.jpeg 768w, https:\/\/atecordoba.org\/wp-content\/uploads\/2022\/08\/WhatsApp-Image-2022-08-22-at-1.22.50-PM-1-1536x865.jpeg 1536w, https:\/\/atecordoba.org\/wp-content\/uploads\/2022\/08\/WhatsApp-Image-2022-08-22-at-1.22.50-PM-1-750x422.jpeg 750w, https:\/\/atecordoba.org\/wp-content\/uploads\/2022\/08\/WhatsApp-Image-2022-08-22-at-1.22.50-PM-1-1140x642.jpeg 1140w, https:\/\/atecordoba.org\/wp-content\/uploads\/2022\/08\/WhatsApp-Image-2022-08-22-at-1.22.50-PM-1.jpeg 1600w\" sizes=\"auto, (max-width: 1024px) 100vw, 1024px\" \/><\/figure>\n\n\n\n<figure class=\"wp-block-image size-large\"><img loading=\"lazy\" decoding=\"async\" width=\"1024\" height=\"577\" data-id=\"33271\" src=\"https:\/\/atecordoba.org\/wp-content\/uploads\/2022\/08\/WhatsApp-Image-2022-08-22-at-1.22.43-PM-1024x577.jpeg\" alt=\"\" class=\"wp-image-33271\" srcset=\"https:\/\/atecordoba.org\/wp-content\/uploads\/2022\/08\/WhatsApp-Image-2022-08-22-at-1.22.43-PM-1024x577.jpeg 1024w, https:\/\/atecordoba.org\/wp-content\/uploads\/2022\/08\/WhatsApp-Image-2022-08-22-at-1.22.43-PM-300x169.jpeg 300w, https:\/\/atecordoba.org\/wp-content\/uploads\/2022\/08\/WhatsApp-Image-2022-08-22-at-1.22.43-PM-768x432.jpeg 768w, https:\/\/atecordoba.org\/wp-content\/uploads\/2022\/08\/WhatsApp-Image-2022-08-22-at-1.22.43-PM-1536x865.jpeg 1536w, https:\/\/atecordoba.org\/wp-content\/uploads\/2022\/08\/WhatsApp-Image-2022-08-22-at-1.22.43-PM-750x422.jpeg 750w, https:\/\/atecordoba.org\/wp-content\/uploads\/2022\/08\/WhatsApp-Image-2022-08-22-at-1.22.43-PM-1140x642.jpeg 1140w, https:\/\/atecordoba.org\/wp-content\/uploads\/2022\/08\/WhatsApp-Image-2022-08-22-at-1.22.43-PM.jpeg 1600w\" sizes=\"auto, (max-width: 1024px) 100vw, 1024px\" \/><\/figure>\n\n\n\n<figure class=\"wp-block-image size-large\"><img loading=\"lazy\" decoding=\"async\" width=\"1024\" height=\"577\" data-id=\"33272\" src=\"https:\/\/atecordoba.org\/wp-content\/uploads\/2022\/08\/WhatsApp-Image-2022-08-22-at-1.22.46-PM-1024x577.jpeg\" alt=\"\" class=\"wp-image-33272\" srcset=\"https:\/\/atecordoba.org\/wp-content\/uploads\/2022\/08\/WhatsApp-Image-2022-08-22-at-1.22.46-PM-1024x577.jpeg 1024w, https:\/\/atecordoba.org\/wp-content\/uploads\/2022\/08\/WhatsApp-Image-2022-08-22-at-1.22.46-PM-300x169.jpeg 300w, https:\/\/atecordoba.org\/wp-content\/uploads\/2022\/08\/WhatsApp-Image-2022-08-22-at-1.22.46-PM-768x432.jpeg 768w, https:\/\/atecordoba.org\/wp-content\/uploads\/2022\/08\/WhatsApp-Image-2022-08-22-at-1.22.46-PM-1536x865.jpeg 1536w, https:\/\/atecordoba.org\/wp-content\/uploads\/2022\/08\/WhatsApp-Image-2022-08-22-at-1.22.46-PM-750x422.jpeg 750w, https:\/\/atecordoba.org\/wp-content\/uploads\/2022\/08\/WhatsApp-Image-2022-08-22-at-1.22.46-PM-1140x642.jpeg 1140w, https:\/\/atecordoba.org\/wp-content\/uploads\/2022\/08\/WhatsApp-Image-2022-08-22-at-1.22.46-PM.jpeg 1600w\" sizes=\"auto, (max-width: 1024px) 100vw, 1024px\" \/><\/figure>\n<\/figure>\n\n\n\n<p>Tambi\u00e9n estuvieron presentes en la conferencia &#8220;Dictadura y Archivos&#8221;, presentaci\u00f3n de la Direcci\u00f3n Nacional de Derechos Humanos del Ministerio de Defensa de la Naci\u00f3n y participaron de la visita a la Unidad Penitenciaria Federal U6 de Rawson, de donde se produjo la fuga de los presos pol\u00edticos el 15\/08\/72<\/p>\n\n\n\n<p>De la misma forma, participaron de la vigilia, domingo a la noche hasta lunes 3:15 de la madrugada en Trelew y dijeron presentes en un encuentro encabezado por Sergio Maldonado, hermano de Santiago Maldonado, quien fuera muerto en ocasi\u00f3n de la represi\u00f3n de Gendarmer\u00eda que orden\u00f3 la ex ministra y actual presidenta del Pro, Patricia Bullrich. La familia Maldonado aun aguarda que la Justicia condene a las y los culpables. <\/p>\n\n\n\n<p>Finalmente, el domingo los compa\u00f1eros y las compa\u00f1eras visitaron la Base Aeronaval Almirante Zar, donde accedieron al Memorial y acompa\u00f1aron la colocaci\u00f3n de la Placa Aniversario y la reinauguraci\u00f3n de paneles fotogr\u00e1ficos.<\/p>\n\n\n\n<p>En sendos videos enviados desde el sur, algunos de los integrantes de la delegaci\u00f3n hicieron un balance de las actividades realizadas. <\/p>\n\n\n\n<figure class=\"wp-block-gallery has-nested-images columns-default is-cropped wp-block-gallery-3 is-layout-flex wp-block-gallery-is-layout-flex\">\n<figure class=\"wp-block-image size-large\"><img loading=\"lazy\" decoding=\"async\" width=\"1024\" height=\"577\" data-id=\"33274\" src=\"https:\/\/atecordoba.org\/wp-content\/uploads\/2022\/08\/WhatsApp-Image-2022-08-22-at-1.22.49-PM-1-1024x577.jpeg\" alt=\"\" class=\"wp-image-33274\" srcset=\"https:\/\/atecordoba.org\/wp-content\/uploads\/2022\/08\/WhatsApp-Image-2022-08-22-at-1.22.49-PM-1-1024x577.jpeg 1024w, https:\/\/atecordoba.org\/wp-content\/uploads\/2022\/08\/WhatsApp-Image-2022-08-22-at-1.22.49-PM-1-300x169.jpeg 300w, https:\/\/atecordoba.org\/wp-content\/uploads\/2022\/08\/WhatsApp-Image-2022-08-22-at-1.22.49-PM-1-768x432.jpeg 768w, https:\/\/atecordoba.org\/wp-content\/uploads\/2022\/08\/WhatsApp-Image-2022-08-22-at-1.22.49-PM-1-1536x865.jpeg 1536w, https:\/\/atecordoba.org\/wp-content\/uploads\/2022\/08\/WhatsApp-Image-2022-08-22-at-1.22.49-PM-1-750x422.jpeg 750w, https:\/\/atecordoba.org\/wp-content\/uploads\/2022\/08\/WhatsApp-Image-2022-08-22-at-1.22.49-PM-1-1140x642.jpeg 1140w, https:\/\/atecordoba.org\/wp-content\/uploads\/2022\/08\/WhatsApp-Image-2022-08-22-at-1.22.49-PM-1.jpeg 1600w\" sizes=\"auto, (max-width: 1024px) 100vw, 1024px\" \/><\/figure>\n\n\n\n<figure class=\"wp-block-image size-large\"><img loading=\"lazy\" decoding=\"async\" width=\"1024\" height=\"577\" data-id=\"33275\" src=\"https:\/\/atecordoba.org\/wp-content\/uploads\/2022\/08\/WhatsApp-Image-2022-08-22-at-1.22.41-PM-1024x577.jpeg\" alt=\"\" class=\"wp-image-33275\" srcset=\"https:\/\/atecordoba.org\/wp-content\/uploads\/2022\/08\/WhatsApp-Image-2022-08-22-at-1.22.41-PM-1024x577.jpeg 1024w, https:\/\/atecordoba.org\/wp-content\/uploads\/2022\/08\/WhatsApp-Image-2022-08-22-at-1.22.41-PM-300x169.jpeg 300w, https:\/\/atecordoba.org\/wp-content\/uploads\/2022\/08\/WhatsApp-Image-2022-08-22-at-1.22.41-PM-768x432.jpeg 768w, https:\/\/atecordoba.org\/wp-content\/uploads\/2022\/08\/WhatsApp-Image-2022-08-22-at-1.22.41-PM-1536x865.jpeg 1536w, https:\/\/atecordoba.org\/wp-content\/uploads\/2022\/08\/WhatsApp-Image-2022-08-22-at-1.22.41-PM-750x422.jpeg 750w, https:\/\/atecordoba.org\/wp-content\/uploads\/2022\/08\/WhatsApp-Image-2022-08-22-at-1.22.41-PM-1140x642.jpeg 1140w, https:\/\/atecordoba.org\/wp-content\/uploads\/2022\/08\/WhatsApp-Image-2022-08-22-at-1.22.41-PM.jpeg 1600w\" sizes=\"auto, (max-width: 1024px) 100vw, 1024px\" \/><\/figure>\n\n\n\n<figure class=\"wp-block-image size-large\"><img loading=\"lazy\" decoding=\"async\" width=\"1024\" height=\"577\" data-id=\"33273\" src=\"https:\/\/atecordoba.org\/wp-content\/uploads\/2022\/08\/WhatsApp-Image-2022-08-22-at-1.22.42-PM-1-1024x577.jpeg\" alt=\"\" class=\"wp-image-33273\" srcset=\"https:\/\/atecordoba.org\/wp-content\/uploads\/2022\/08\/WhatsApp-Image-2022-08-22-at-1.22.42-PM-1-1024x577.jpeg 1024w, https:\/\/atecordoba.org\/wp-content\/uploads\/2022\/08\/WhatsApp-Image-2022-08-22-at-1.22.42-PM-1-300x169.jpeg 300w, https:\/\/atecordoba.org\/wp-content\/uploads\/2022\/08\/WhatsApp-Image-2022-08-22-at-1.22.42-PM-1-768x432.jpeg 768w, https:\/\/atecordoba.org\/wp-content\/uploads\/2022\/08\/WhatsApp-Image-2022-08-22-at-1.22.42-PM-1-1536x865.jpeg 1536w, https:\/\/atecordoba.org\/wp-content\/uploads\/2022\/08\/WhatsApp-Image-2022-08-22-at-1.22.42-PM-1-750x422.jpeg 750w, https:\/\/atecordoba.org\/wp-content\/uploads\/2022\/08\/WhatsApp-Image-2022-08-22-at-1.22.42-PM-1-1140x642.jpeg 1140w, https:\/\/atecordoba.org\/wp-content\/uploads\/2022\/08\/WhatsApp-Image-2022-08-22-at-1.22.42-PM-1.jpeg 1600w\" sizes=\"auto, (max-width: 1024px) 100vw, 1024px\" \/><\/figure>\n<\/figure>\n\n\n\n<p>Jorge Chalup apunto que &#8220;es importante participar, como venimos diciendo en ATE y en la CTA, para recuperar la historia. Como dec\u00eda Rodolfo Walsh, la oligarqu\u00eda no quiere que nuestra clase trabajadora no tengo historia, no tenga m\u00e1rtires. Creemos que reivindicar la historia es importante para tener puntos de apoyo de donde construir un futuro&#8221;.<\/p>\n\n\n\n<p>A su turno, Franco Ayesa, record\u00f3 que &#8220;estando en el aeropuerto de Trelew rememoramos donde se entregaron las y los compa\u00f1eros fugados de la c\u00e1rcel, que una semana despu\u00e9s fueron fusilados arteramente en la base Almirante Zar. Creemos que su misi\u00f3n, su tarea, siguen siendo parte de los objetivos de la clase trabajadora que contin\u00faa en la lucha y retoma sus banderas. Porque cuando un compa\u00f1ero cae otro, lo reemplaza, y nuestra forma de tomar esa consigna que utilizaban hace 50 a\u00f1os es reivindicar la memoria hist\u00f3rica pensando en el futuro y en la tarea inconclusa para el desarrollo de la patria&#8221;.<\/p>\n\n\n\n<figure class=\"wp-block-gallery has-nested-images columns-default is-cropped wp-block-gallery-4 is-layout-flex wp-block-gallery-is-layout-flex\">\n<figure class=\"wp-block-image size-large\"><img loading=\"lazy\" decoding=\"async\" width=\"1024\" height=\"577\" data-id=\"33278\" src=\"https:\/\/atecordoba.org\/wp-content\/uploads\/2022\/08\/WhatsApp-Image-2022-08-22-at-1.22.41-PM-1-1024x577.jpeg\" alt=\"\" class=\"wp-image-33278\" srcset=\"https:\/\/atecordoba.org\/wp-content\/uploads\/2022\/08\/WhatsApp-Image-2022-08-22-at-1.22.41-PM-1-1024x577.jpeg 1024w, https:\/\/atecordoba.org\/wp-content\/uploads\/2022\/08\/WhatsApp-Image-2022-08-22-at-1.22.41-PM-1-300x169.jpeg 300w, https:\/\/atecordoba.org\/wp-content\/uploads\/2022\/08\/WhatsApp-Image-2022-08-22-at-1.22.41-PM-1-768x432.jpeg 768w, https:\/\/atecordoba.org\/wp-content\/uploads\/2022\/08\/WhatsApp-Image-2022-08-22-at-1.22.41-PM-1-1536x865.jpeg 1536w, https:\/\/atecordoba.org\/wp-content\/uploads\/2022\/08\/WhatsApp-Image-2022-08-22-at-1.22.41-PM-1-750x422.jpeg 750w, https:\/\/atecordoba.org\/wp-content\/uploads\/2022\/08\/WhatsApp-Image-2022-08-22-at-1.22.41-PM-1-1140x642.jpeg 1140w, https:\/\/atecordoba.org\/wp-content\/uploads\/2022\/08\/WhatsApp-Image-2022-08-22-at-1.22.41-PM-1.jpeg 1600w\" sizes=\"auto, (max-width: 1024px) 100vw, 1024px\" \/><\/figure>\n\n\n\n<figure class=\"wp-block-image size-large\"><img loading=\"lazy\" decoding=\"async\" width=\"1024\" height=\"576\" data-id=\"33277\" src=\"https:\/\/atecordoba.org\/wp-content\/uploads\/2022\/08\/WhatsApp-Image-2022-08-22-at-1.14.24-PM-1024x576.jpeg\" alt=\"\" class=\"wp-image-33277\" srcset=\"https:\/\/atecordoba.org\/wp-content\/uploads\/2022\/08\/WhatsApp-Image-2022-08-22-at-1.14.24-PM-1024x576.jpeg 1024w, https:\/\/atecordoba.org\/wp-content\/uploads\/2022\/08\/WhatsApp-Image-2022-08-22-at-1.14.24-PM-300x169.jpeg 300w, https:\/\/atecordoba.org\/wp-content\/uploads\/2022\/08\/WhatsApp-Image-2022-08-22-at-1.14.24-PM-768x432.jpeg 768w, https:\/\/atecordoba.org\/wp-content\/uploads\/2022\/08\/WhatsApp-Image-2022-08-22-at-1.14.24-PM-1536x864.jpeg 1536w, https:\/\/atecordoba.org\/wp-content\/uploads\/2022\/08\/WhatsApp-Image-2022-08-22-at-1.14.24-PM-750x422.jpeg 750w, https:\/\/atecordoba.org\/wp-content\/uploads\/2022\/08\/WhatsApp-Image-2022-08-22-at-1.14.24-PM-1140x641.jpeg 1140w, https:\/\/atecordoba.org\/wp-content\/uploads\/2022\/08\/WhatsApp-Image-2022-08-22-at-1.14.24-PM.jpeg 1600w\" sizes=\"auto, (max-width: 1024px) 100vw, 1024px\" \/><\/figure>\n\n\n\n<figure class=\"wp-block-image size-large\"><img loading=\"lazy\" decoding=\"async\" width=\"1024\" height=\"576\" data-id=\"33276\" src=\"https:\/\/atecordoba.org\/wp-content\/uploads\/2022\/08\/WhatsApp-Image-2022-08-22-at-1.09.30-PM-1024x576.jpeg\" alt=\"\" class=\"wp-image-33276\" srcset=\"https:\/\/atecordoba.org\/wp-content\/uploads\/2022\/08\/WhatsApp-Image-2022-08-22-at-1.09.30-PM-1024x576.jpeg 1024w, https:\/\/atecordoba.org\/wp-content\/uploads\/2022\/08\/WhatsApp-Image-2022-08-22-at-1.09.30-PM-300x169.jpeg 300w, https:\/\/atecordoba.org\/wp-content\/uploads\/2022\/08\/WhatsApp-Image-2022-08-22-at-1.09.30-PM-768x432.jpeg 768w, https:\/\/atecordoba.org\/wp-content\/uploads\/2022\/08\/WhatsApp-Image-2022-08-22-at-1.09.30-PM-750x422.jpeg 750w, https:\/\/atecordoba.org\/wp-content\/uploads\/2022\/08\/WhatsApp-Image-2022-08-22-at-1.09.30-PM-1140x641.jpeg 1140w, https:\/\/atecordoba.org\/wp-content\/uploads\/2022\/08\/WhatsApp-Image-2022-08-22-at-1.09.30-PM.jpeg 1280w\" sizes=\"auto, (max-width: 1024px) 100vw, 1024px\" \/><\/figure>\n<\/figure>\n\n\n\n<p>De igual manera, Marlene Baronetto reflexion\u00f3 que &#8220;despu\u00e9s de participar tres d\u00edas conmemorando los 50 a\u00f1os de la masacre de Trelew creo que hay que valorar la importancia de la unidad de los que luchan para poder conquistar los imposibles y la b\u00fasqueda de justicia para alcanzar una sociedad justa, inclusiva y soberana. Abrazamos a los familiares, a los presos pol\u00edticos y continuamos con la lucha para que reivindique la memoria, la verdad y la justicia&#8221;.<\/p>\n\n\n\n<p>Por \u00faltimo, Mar\u00eda Spaventa&nbsp;valor\u00f3 que &#8220;estos tres d\u00edas en la Patagonia fueron muy importantes. Participamos de actividades y conocimos detalles del juicio que se sustancia en Miami donde se conden\u00f3 al marino Bravo, uno de los asesinos de la masacre. Estamos manteniendo viva la memoria, reivindicando a nuestros m\u00e1rtires. As\u00ed se lucha: con memoria, verdad y justicia y con mucha alegr\u00eda&#8221;.<\/p>\n\n\n\n<figure class=\"wp-block-gallery has-nested-images columns-default is-cropped wp-block-gallery-5 is-layout-flex wp-block-gallery-is-layout-flex\">\n<figure class=\"wp-block-image size-large\"><img loading=\"lazy\" decoding=\"async\" width=\"1024\" height=\"577\" data-id=\"33282\" src=\"https:\/\/atecordoba.org\/wp-content\/uploads\/2022\/08\/WhatsApp-Image-2022-08-22-at-1.14.30-PM-1024x577.jpeg\" alt=\"\" class=\"wp-image-33282\" srcset=\"https:\/\/atecordoba.org\/wp-content\/uploads\/2022\/08\/WhatsApp-Image-2022-08-22-at-1.14.30-PM-1024x577.jpeg 1024w, https:\/\/atecordoba.org\/wp-content\/uploads\/2022\/08\/WhatsApp-Image-2022-08-22-at-1.14.30-PM-300x169.jpeg 300w, https:\/\/atecordoba.org\/wp-content\/uploads\/2022\/08\/WhatsApp-Image-2022-08-22-at-1.14.30-PM-768x432.jpeg 768w, https:\/\/atecordoba.org\/wp-content\/uploads\/2022\/08\/WhatsApp-Image-2022-08-22-at-1.14.30-PM-1536x865.jpeg 1536w, https:\/\/atecordoba.org\/wp-content\/uploads\/2022\/08\/WhatsApp-Image-2022-08-22-at-1.14.30-PM-750x422.jpeg 750w, https:\/\/atecordoba.org\/wp-content\/uploads\/2022\/08\/WhatsApp-Image-2022-08-22-at-1.14.30-PM-1140x642.jpeg 1140w, https:\/\/atecordoba.org\/wp-content\/uploads\/2022\/08\/WhatsApp-Image-2022-08-22-at-1.14.30-PM.jpeg 1600w\" sizes=\"auto, (max-width: 1024px) 100vw, 1024px\" \/><\/figure>\n\n\n\n<figure class=\"wp-block-image size-large\"><img loading=\"lazy\" decoding=\"async\" width=\"1024\" height=\"576\" data-id=\"33281\" src=\"https:\/\/atecordoba.org\/wp-content\/uploads\/2022\/08\/WhatsApp-Image-2022-08-22-at-1.09.29-PM-1024x576.jpeg\" alt=\"\" class=\"wp-image-33281\" srcset=\"https:\/\/atecordoba.org\/wp-content\/uploads\/2022\/08\/WhatsApp-Image-2022-08-22-at-1.09.29-PM-1024x576.jpeg 1024w, https:\/\/atecordoba.org\/wp-content\/uploads\/2022\/08\/WhatsApp-Image-2022-08-22-at-1.09.29-PM-300x169.jpeg 300w, https:\/\/atecordoba.org\/wp-content\/uploads\/2022\/08\/WhatsApp-Image-2022-08-22-at-1.09.29-PM-768x432.jpeg 768w, https:\/\/atecordoba.org\/wp-content\/uploads\/2022\/08\/WhatsApp-Image-2022-08-22-at-1.09.29-PM-1536x864.jpeg 1536w, https:\/\/atecordoba.org\/wp-content\/uploads\/2022\/08\/WhatsApp-Image-2022-08-22-at-1.09.29-PM-750x422.jpeg 750w, https:\/\/atecordoba.org\/wp-content\/uploads\/2022\/08\/WhatsApp-Image-2022-08-22-at-1.09.29-PM-1140x641.jpeg 1140w, https:\/\/atecordoba.org\/wp-content\/uploads\/2022\/08\/WhatsApp-Image-2022-08-22-at-1.09.29-PM.jpeg 1600w\" sizes=\"auto, (max-width: 1024px) 100vw, 1024px\" \/><\/figure>\n\n\n\n<figure class=\"wp-block-image size-large\"><img loading=\"lazy\" decoding=\"async\" width=\"1024\" height=\"577\" data-id=\"33279\" src=\"https:\/\/atecordoba.org\/wp-content\/uploads\/2022\/08\/WhatsApp-Image-2022-08-22-at-1.22.45-PM-1024x577.jpeg\" alt=\"\" class=\"wp-image-33279\" srcset=\"https:\/\/atecordoba.org\/wp-content\/uploads\/2022\/08\/WhatsApp-Image-2022-08-22-at-1.22.45-PM-1024x577.jpeg 1024w, https:\/\/atecordoba.org\/wp-content\/uploads\/2022\/08\/WhatsApp-Image-2022-08-22-at-1.22.45-PM-300x169.jpeg 300w, https:\/\/atecordoba.org\/wp-content\/uploads\/2022\/08\/WhatsApp-Image-2022-08-22-at-1.22.45-PM-768x432.jpeg 768w, https:\/\/atecordoba.org\/wp-content\/uploads\/2022\/08\/WhatsApp-Image-2022-08-22-at-1.22.45-PM-1536x865.jpeg 1536w, https:\/\/atecordoba.org\/wp-content\/uploads\/2022\/08\/WhatsApp-Image-2022-08-22-at-1.22.45-PM-750x422.jpeg 750w, https:\/\/atecordoba.org\/wp-content\/uploads\/2022\/08\/WhatsApp-Image-2022-08-22-at-1.22.45-PM-1140x642.jpeg 1140w, https:\/\/atecordoba.org\/wp-content\/uploads\/2022\/08\/WhatsApp-Image-2022-08-22-at-1.22.45-PM.jpeg 1600w\" sizes=\"auto, (max-width: 1024px) 100vw, 1024px\" \/><\/figure>\n\n\n\n<figure class=\"wp-block-image size-large\"><img loading=\"lazy\" decoding=\"async\" width=\"1024\" height=\"575\" data-id=\"33280\" src=\"https:\/\/atecordoba.org\/wp-content\/uploads\/2022\/08\/WhatsApp-Image-2022-08-22-at-1.09.28-PM-1024x575.jpeg\" alt=\"\" class=\"wp-image-33280\" srcset=\"https:\/\/atecordoba.org\/wp-content\/uploads\/2022\/08\/WhatsApp-Image-2022-08-22-at-1.09.28-PM-1024x575.jpeg 1024w, https:\/\/atecordoba.org\/wp-content\/uploads\/2022\/08\/WhatsApp-Image-2022-08-22-at-1.09.28-PM-300x169.jpeg 300w, https:\/\/atecordoba.org\/wp-content\/uploads\/2022\/08\/WhatsApp-Image-2022-08-22-at-1.09.28-PM-768x432.jpeg 768w, https:\/\/atecordoba.org\/wp-content\/uploads\/2022\/08\/WhatsApp-Image-2022-08-22-at-1.09.28-PM-1536x863.jpeg 1536w, https:\/\/atecordoba.org\/wp-content\/uploads\/2022\/08\/WhatsApp-Image-2022-08-22-at-1.09.28-PM-750x421.jpeg 750w, https:\/\/atecordoba.org\/wp-content\/uploads\/2022\/08\/WhatsApp-Image-2022-08-22-at-1.09.28-PM-1140x641.jpeg 1140w, https:\/\/atecordoba.org\/wp-content\/uploads\/2022\/08\/WhatsApp-Image-2022-08-22-at-1.09.28-PM.jpeg 1600w\" sizes=\"auto, (max-width: 1024px) 100vw, 1024px\" \/><\/figure>\n<\/figure>\n","protected":false},"excerpt":{"rendered":"<p>Con motivo de cumplirse hoy el 50 aniversario de la Masacre de Trelew, una delegaci\u00f3n integrada por compa\u00f1eros y compa\u00f1eras de ATE C\u00f3rdoba y la CTA C\u00f3rdoba participaron de los actos recordatorios y las actividades reivindicatorias de los m\u00e1rtires fusilados por la dictadura militar, tras la fuga de los presos pol\u00edticos de la Penitenciar\u00eda de [&hellip;]<\/p>\n","protected":false},"author":7,"featured_media":33283,"comment_status":"open","ping_status":"open","sticky":false,"template":"","format":"standard","meta":{"_exactmetrics_skip_tracking":false,"_exactmetrics_sitenote_active":false,"_exactmetrics_sitenote_note":"","_exactmetrics_sitenote_category":0,"jnews-multi-image_gallery":[],"jnews_single_post":{"subtitle":"El dirigente de la CTA Jorge Chalup afirm\u00f3 que \"como dec\u00eda Rodolfo Walsh, la oligarqu\u00eda no quiere que nuestra clase trabajadora no tengo historia, no tenga m\u00e1rtires. Creemos que reivindicar la historia es importante para tener puntos de apoyo de donde construir un futuro\".","format":"standard","video":"","gallery":"","source_name":"","source_url":"","via_name":"","via_url":"","override_template":"0","override":[{"template":"1","single_blog_custom":"","parallax":"1","fullscreen":"1","layout":"right-sidebar","sidebar":"default-sidebar","second_sidebar":"default-sidebar","sticky_sidebar":"1","share_position":"top","share_float_style":"share-monocrhome","show_share_counter":"1","show_view_counter":"1","show_featured":"1","show_post_meta":"1","show_post_author":"1","show_post_author_image":"1","show_post_date":"1","post_date_format":"default","post_date_format_custom":"Y\/m\/d","show_post_category":"1","show_post_reading_time":"0","post_reading_time_wpm":"300","show_zoom_button":"0","zoom_button_out_step":"2","zoom_button_in_step":"3","show_post_tag":"1","show_prev_next_post":"1","show_popup_post":"1","number_popup_post":"1","show_author_box":"0","show_post_related":"0","show_inline_post_related":"0"}],"override_image_size":"0","image_override":[{"single_post_thumbnail_size":"crop-500","single_post_gallery_size":"crop-500"}],"trending_post":"0","trending_post_position":"meta","trending_post_label":"Trending","sponsored_post":"0","sponsored_post_label":"Sponsored by","sponsored_post_name":"","sponsored_post_url":"","sponsored_post_logo_enable":"0","sponsored_post_logo":"","sponsored_post_desc":"","disable_ad":"0"},"jnews_primary_category":{"id":""},"jnews_social_meta":{"fb_title":"","fb_description":"","fb_image":"","twitter_title":"","twitter_description":"","twitter_image":""},"jnews_review":[],"enable_review":"0","type":"percentage","name":"","summary":"","brand":"","sku":"","good":[{"good_text":""}],"bad":[{"bad_text":""}],"score_override":"","override_value":"","rating":[{"rating_text":"","rating_number":"10"}],"price":[{"shop":"","price":"","link":"","icon":""}],"jnews_override_counter":{"override_view_counter":"0","view_counter_number":"0","override_share_counter":"0","share_counter_number":"0","override_like_counter":"0","like_counter_number":"0","override_dislike_counter":"0","dislike_counter_number":"0"},"jnews_post_split":{"enable_post_split":"0","post_split":[{"template":"1","tag":"h2","numbering":"asc","mode":"normal","first":"0","enable_toc":"0","toc_type":"normal"}]},"footnotes":""},"categories":[10,92],"tags":[1189],"class_list":["post-33265","post","type-post","status-publish","format-standard","has-post-thumbnail","hentry","category-accion-politica","category-cta","tag-trelew"],"jetpack_featured_media_url":"https:\/\/atecordoba.org\/wp-content\/uploads\/2022\/08\/portada-e1661194400787.jpeg","_links":{"self":[{"href":"https:\/\/atecordoba.org\/index.php?rest_route=\/wp\/v2\/posts\/33265","targetHints":{"allow":["GET"]}}],"collection":[{"href":"https:\/\/atecordoba.org\/index.php?rest_route=\/wp\/v2\/posts"}],"about":[{"href":"https:\/\/atecordoba.org\/index.php?rest_route=\/wp\/v2\/types\/post"}],"author":[{"embeddable":true,"href":"https:\/\/atecordoba.org\/index.php?rest_route=\/wp\/v2\/users\/7"}],"replies":[{"embeddable":true,"href":"https:\/\/atecordoba.org\/index.php?rest_route=%2Fwp%2Fv2%2Fcomments&post=33265"}],"version-history":[{"count":2,"href":"https:\/\/atecordoba.org\/index.php?rest_route=\/wp\/v2\/posts\/33265\/revisions"}],"predecessor-version":[{"id":33285,"href":"https:\/\/atecordoba.org\/index.php?rest_route=\/wp\/v2\/posts\/33265\/revisions\/33285"}],"wp:featuredmedia":[{"embeddable":true,"href":"https:\/\/atecordoba.org\/index.php?rest_route=\/wp\/v2\/media\/33283"}],"wp:attachment":[{"href":"https:\/\/atecordoba.org\/index.php?rest_route=%2Fwp%2Fv2%2Fmedia&parent=33265"}],"wp:term":[{"taxonomy":"category","embeddable":true,"href":"https:\/\/atecordoba.org\/index.php?rest_route=%2Fwp%2Fv2%2Fcategories&post=33265"},{"taxonomy":"post_tag","embeddable":true,"href":"https:\/\/atecordoba.org\/index.php?rest_route=%2Fwp%2Fv2%2Ftags&post=33265"}],"curies":[{"name":"wp","href":"https:\/\/api.w.org\/{rel}","templated":true}]}}