{"id":33262,"date":"2022-08-22T14:07:06","date_gmt":"2022-08-22T17:07:06","guid":{"rendered":"https:\/\/atecordoba.org\/?p=33262"},"modified":"2022-08-22T14:07:11","modified_gmt":"2022-08-22T17:07:11","slug":"funcionarios-de-anac-visitaran-las-instalaciones-del-aeropuerto-rio-cuarto","status":"publish","type":"post","link":"https:\/\/atecordoba.org\/?p=33262","title":{"rendered":"Funcionarios de ANAC visitar\u00e1n las instalaciones del Aeropuerto R\u00edo Cuarto"},"content":{"rendered":"\n<div class=\"wp-block-image\"><figure class=\"aligncenter size-full\"><img decoding=\"async\" src=\"https:\/\/atecordoba.org\/wp-content\/uploads\/2022\/08\/anaccamiones.jpg\" alt=\"\" class=\"wp-image-33263\" \/><\/figure><\/div>\n\n\n\n<p>Luego de las medidas de fuerza realizadas por los trabajadores de ANAC, desde  el organismo informaron que ma\u00f1ana martes funcionarios de la Direcci\u00f3n de Infraestructura recorrer\u00e1n las instalaciones que hacen uso los bomberos aeron\u00e1uticos.<\/p>\n\n\n\n<p>En el marco del<a href=\"https:\/\/atecordoba.org\/?p=33069\"> plan de lucha dispuesto por ATE ANAC<\/a>, las y los compa\u00f1eros del SSEI (Servicio de Salvamento y Extinci\u00f3n de Incendios) y Fiscalizaci\u00f3n del aeropuerto decidieron en asamblea brindar \u00fanicamente el vuelo comercial s\u00e1bado, domingo y lunes como gesto por los compromisos asumidos por ANAC.<\/p>\n\n\n\n<p>En tanto, ma\u00f1ana se realizar\u00e1 nuevamente una asamblea para definir la continuidad o no de la medida de fuerza.<\/p>\n","protected":false},"excerpt":{"rendered":"<p>Luego de las medidas de fuerza realizadas por los trabajadores de ANAC, desde el organismo informaron que ma\u00f1ana martes funcionarios de la Direcci\u00f3n de Infraestructura recorrer\u00e1n las instalaciones que hacen uso los bomberos aeron\u00e1uticos. En el marco del plan de lucha dispuesto por ATE ANAC, las y los compa\u00f1eros del SSEI (Servicio de Salvamento y [&hellip;]<\/p>\n","protected":false},"author":7,"featured_media":33263,"comment_status":"open","ping_status":"open","sticky":false,"template":"","format":"standard","meta":{"_exactmetrics_skip_tracking":false,"_exactmetrics_sitenote_active":false,"_exactmetrics_sitenote_note":"","_exactmetrics_sitenote_category":0,"jnews-multi-image_gallery":[],"jnews_single_post":{"subtitle":"ATE reclama mejoras urgentes en el Servicio de Salvamento y Extinci\u00f3n de Incendios y Fiscalizaci\u00f3n del aeropuerto.","format":"standard","video":"","gallery":"","source_name":"","source_url":"","via_name":"","via_url":"","override_template":"0","override":[{"template":"1","single_blog_custom":"","parallax":"1","fullscreen":"1","layout":"right-sidebar","sidebar":"default-sidebar","second_sidebar":"default-sidebar","sticky_sidebar":"1","share_position":"top","share_float_style":"share-monocrhome","show_share_counter":"1","show_view_counter":"1","show_featured":"1","show_post_meta":"1","show_post_author":"1","show_post_author_image":"1","show_post_date":"1","post_date_format":"default","post_date_format_custom":"Y\/m\/d","show_post_category":"1","show_post_reading_time":"0","post_reading_time_wpm":"300","show_zoom_button":"0","zoom_button_out_step":"2","zoom_button_in_step":"3","show_post_tag":"1","show_prev_next_post":"1","show_popup_post":"1","number_popup_post":"1","show_author_box":"0","show_post_related":"0","show_inline_post_related":"0"}],"override_image_size":"0","image_override":[{"single_post_thumbnail_size":"crop-500","single_post_gallery_size":"crop-500"}],"trending_post":"0","trending_post_position":"meta","trending_post_label":"Trending","sponsored_post":"0","sponsored_post_label":"Sponsored by","sponsored_post_name":"","sponsored_post_url":"","sponsored_post_logo_enable":"0","sponsored_post_logo":"","sponsored_post_desc":"","disable_ad":"0"},"jnews_primary_category":{"id":""},"jnews_social_meta":{"fb_title":"","fb_description":"","fb_image":"","twitter_title":"","twitter_description":"","twitter_image":""},"jnews_review":[],"enable_review":"0","type":"percentage","name":"","summary":"","brand":"","sku":"","good":[{"good_text":""}],"bad":[{"bad_text":""}],"score_override":"","override_value":"","rating":[{"rating_text":"","rating_number":"10"}],"price":[{"shop":"","price":"","link":"","icon":""}],"jnews_override_counter":{"override_view_counter":"0","view_counter_number":"0","override_share_counter":"0","share_counter_number":"0","override_like_counter":"0","like_counter_number":"0","override_dislike_counter":"0","dislike_counter_number":"0"},"jnews_post_split":{"enable_post_split":"0","post_split":[{"template":"1","tag":"h2","numbering":"asc","mode":"normal","first":"0","enable_toc":"0","toc_type":"normal"}]},"footnotes":""},"categories":[18,12],"tags":[950],"class_list":["post-33262","post","type-post","status-publish","format-standard","has-post-thumbnail","hentry","category-nacionales","category-rio-cuarto","tag-anac-rio-cuarto"],"jetpack_featured_media_url":"https:\/\/atecordoba.org\/wp-content\/uploads\/2022\/08\/anaccamiones-e1661188018963.jpg","_links":{"self":[{"href":"https:\/\/atecordoba.org\/index.php?rest_route=\/wp\/v2\/posts\/33262","targetHints":{"allow":["GET"]}}],"collection":[{"href":"https:\/\/atecordoba.org\/index.php?rest_route=\/wp\/v2\/posts"}],"about":[{"href":"https:\/\/atecordoba.org\/index.php?rest_route=\/wp\/v2\/types\/post"}],"author":[{"embeddable":true,"href":"https:\/\/atecordoba.org\/index.php?rest_route=\/wp\/v2\/users\/7"}],"replies":[{"embeddable":true,"href":"https:\/\/atecordoba.org\/index.php?rest_route=%2Fwp%2Fv2%2Fcomments&post=33262"}],"version-history":[{"count":1,"href":"https:\/\/atecordoba.org\/index.php?rest_route=\/wp\/v2\/posts\/33262\/revisions"}],"predecessor-version":[{"id":33264,"href":"https:\/\/atecordoba.org\/index.php?rest_route=\/wp\/v2\/posts\/33262\/revisions\/33264"}],"wp:featuredmedia":[{"embeddable":true,"href":"https:\/\/atecordoba.org\/index.php?rest_route=\/wp\/v2\/media\/33263"}],"wp:attachment":[{"href":"https:\/\/atecordoba.org\/index.php?rest_route=%2Fwp%2Fv2%2Fmedia&parent=33262"}],"wp:term":[{"taxonomy":"category","embeddable":true,"href":"https:\/\/atecordoba.org\/index.php?rest_route=%2Fwp%2Fv2%2Fcategories&post=33262"},{"taxonomy":"post_tag","embeddable":true,"href":"https:\/\/atecordoba.org\/index.php?rest_route=%2Fwp%2Fv2%2Ftags&post=33262"}],"curies":[{"name":"wp","href":"https:\/\/api.w.org\/{rel}","templated":true}]}}