{"id":33249,"date":"2022-08-22T10:41:04","date_gmt":"2022-08-22T13:41:04","guid":{"rendered":"https:\/\/atecordoba.org\/?p=33249"},"modified":"2022-08-22T10:45:18","modified_gmt":"2022-08-22T13:45:18","slug":"ate-avanza-sellando-acuerdos-salariales-en-distintos-puntos-de-la-provincia","status":"publish","type":"post","link":"https:\/\/atecordoba.org\/?p=33249","title":{"rendered":"ATE avanza sellando acuerdos salariales en distintos puntos de la provincia"},"content":{"rendered":"\n<figure class=\"wp-block-gallery has-nested-images columns-default is-cropped wp-block-gallery-1 is-layout-flex wp-block-gallery-is-layout-flex\">\n<figure class=\"wp-block-image size-large\"><img loading=\"lazy\" decoding=\"async\" width=\"1024\" height=\"571\" data-id=\"33252\" src=\"https:\/\/atecordoba.org\/wp-content\/uploads\/2022\/08\/Screenshot_20220820-172359-491-1024x571.png\" alt=\"\" class=\"wp-image-33252\" srcset=\"https:\/\/atecordoba.org\/wp-content\/uploads\/2022\/08\/Screenshot_20220820-172359-491-1024x571.png 1024w, https:\/\/atecordoba.org\/wp-content\/uploads\/2022\/08\/Screenshot_20220820-172359-491-300x167.png 300w, https:\/\/atecordoba.org\/wp-content\/uploads\/2022\/08\/Screenshot_20220820-172359-491-768x428.png 768w, https:\/\/atecordoba.org\/wp-content\/uploads\/2022\/08\/Screenshot_20220820-172359-491-750x418.png 750w, https:\/\/atecordoba.org\/wp-content\/uploads\/2022\/08\/Screenshot_20220820-172359-491.png 1080w\" sizes=\"auto, (max-width: 1024px) 100vw, 1024px\" \/><\/figure>\n\n\n\n<figure class=\"wp-block-image size-large\"><img loading=\"lazy\" decoding=\"async\" width=\"720\" height=\"326\" data-id=\"33251\" src=\"https:\/\/atecordoba.org\/wp-content\/uploads\/2022\/08\/alcoba-achiras.jpg\" alt=\"\" class=\"wp-image-33251\" srcset=\"https:\/\/atecordoba.org\/wp-content\/uploads\/2022\/08\/alcoba-achiras.jpg 720w, https:\/\/atecordoba.org\/wp-content\/uploads\/2022\/08\/alcoba-achiras-300x136.jpg 300w\" sizes=\"auto, (max-width: 720px) 100vw, 720px\" \/><\/figure>\n\n\n\n<figure class=\"wp-block-image size-large\"><img loading=\"lazy\" decoding=\"async\" width=\"720\" height=\"518\" data-id=\"33250\" src=\"https:\/\/atecordoba.org\/wp-content\/uploads\/2022\/08\/FB_IMG_1661026876351.jpg\" alt=\"\" class=\"wp-image-33250\" srcset=\"https:\/\/atecordoba.org\/wp-content\/uploads\/2022\/08\/FB_IMG_1661026876351.jpg 720w, https:\/\/atecordoba.org\/wp-content\/uploads\/2022\/08\/FB_IMG_1661026876351-300x216.jpg 300w, https:\/\/atecordoba.org\/wp-content\/uploads\/2022\/08\/FB_IMG_1661026876351-120x86.jpg 120w\" sizes=\"auto, (max-width: 720px) 100vw, 720px\" \/><\/figure>\n<\/figure>\n\n\n\n<p>Durante la semana pasada distintas seccionales de ATE en la provincia acordaron recomposiciones salariales en el \u00e1mbito municipal, en el marco de las discusiones paritarias del segundo semestre del a\u00f1o.<\/p>\n\n\n\n<p>As\u00ed, la Delegaci\u00f3n ATE Traslasierra alcanz\u00f3 a acordar una suba salarial del 15% a pagar en septiembre en la localidad de Villa Cura Brochero. <br>El cuerpo de delegados de ATE en la localidad, junto al delegado regional Jorge Galaburri y la delegada regional de los municipales Mary Diaz, obtuvieron adem\u00e1s el compromiso del Ejecutivo para abordar las recategorizaciones pendientes del personal en octubre pr\u00f3ximo, al tiempo que se convocar\u00e1n en lo sucesivo nuevas reuniones paritarias para cerrar el a\u00f1o salarial hasta enero de 2023.<\/p>\n\n\n\n<p>&#8220;Entendemos que a la crisis econ\u00f3mica no la debemos pagar los laburantes, perdiendo contra la inflaci\u00f3n. Unidos y unidas lograremos m\u00e1s&#8221;, remarcaron los dirigentes de ATE Traslasierra.<\/p>\n\n\n\n<p><strong>Achiras<\/strong><\/p>\n\n\n\n<p>Por su parte, la seccional ATE R\u00edo Cuarto inform\u00f3 que culmin\u00f3 las paritarias en la localidad de Achiras, distante a 80 kil\u00f3metros la Capital Alterna provincial. &#8220;Sumamos un 27% hasta el mes de noviembre, que se acumula al 32% otorgado en el primer semestre&#8221;, rese\u00f1\u00f3 la secretaria General Rafaela Alcoba.<\/p>\n\n\n\n<p>Desde el sur provincial adelantaron que est\u00e1 programada una pr\u00f3xima reuni\u00f3n para abordar un nuevo incremento salarial en noviembre pr\u00f3ximo.<\/p>\n\n\n\n<p><strong>San Justo<\/strong><\/p>\n\n\n\n<p>A su vez, la seccional ATE San Justo inform\u00f3 que concluy\u00f3 sendas negociaciones salariales en las localidades de Tr\u00e1nsito y Devoto.<\/p>\n\n\n\n<p>En el primer caso, el secretario General, Dar\u00edo Paredes, encabez\u00f3 la delegaci\u00f3n estatal que se reuni\u00f3 con el secretario de Obras y Servicios P\u00fablicos, Fabi\u00e1n Violo, donde se suscribi\u00f3 un acuerdo salarial que implica un aumento del 15% en septiembre y un 10 % noviembre con mesa de revisi\u00f3n en febrero del 2023.<\/p>\n\n\n\n<p>En la ocasi\u00f3n estuvieron presentes las delegadas de ATE Natalia Ag\u00fcero, Fabiana Carrizo y Alejandra Boccardi.<\/p>\n\n\n\n<div class=\"wp-block-image\"><figure class=\"aligncenter size-large is-resized\"><img loading=\"lazy\" decoding=\"async\" src=\"https:\/\/atecordoba.org\/wp-content\/uploads\/2022\/08\/FB_IMG_1661026917415-1024x460.jpg\" alt=\"\" class=\"wp-image-33253\" width=\"768\" height=\"345\" srcset=\"https:\/\/atecordoba.org\/wp-content\/uploads\/2022\/08\/FB_IMG_1661026917415-1024x460.jpg 1024w, https:\/\/atecordoba.org\/wp-content\/uploads\/2022\/08\/FB_IMG_1661026917415-300x135.jpg 300w, https:\/\/atecordoba.org\/wp-content\/uploads\/2022\/08\/FB_IMG_1661026917415-768x345.jpg 768w, https:\/\/atecordoba.org\/wp-content\/uploads\/2022\/08\/FB_IMG_1661026917415-750x337.jpg 750w, https:\/\/atecordoba.org\/wp-content\/uploads\/2022\/08\/FB_IMG_1661026917415.jpg 1080w\" sizes=\"auto, (max-width: 768px) 100vw, 768px\" \/><\/figure><\/div>\n\n\n\n<p>En tanto en la localidad de Devoto, Paredes firm\u00f3 acta acuerdo con el Ejecutivo municipal, que estuvo representado por el secretario de Gobierno, David Sereno. La delegaci\u00f3n de ATE estuvo integrada, adem\u00e1s, por los dirigentes Mateo Carrizo, Gast\u00f3n Mereles y los delegados municipales Adri\u00e1n Zamudio y Rub\u00e9n G\u00f3mez.<\/p>\n\n\n\n<p>El acuerdo salarial impone el aumento del 5.5% para los meses de agosto, septiembre y octubre, alcanzando hasta el \u00faltimo mes un acumulado anual del 55%. Qued\u00f3 abierta la la convocatoria a una nueva revisi\u00f3n en noviembre. <\/p>\n\n\n\n<div class=\"wp-block-image\"><figure class=\"aligncenter size-full is-resized\"><img loading=\"lazy\" decoding=\"async\" src=\"https:\/\/atecordoba.org\/wp-content\/uploads\/2022\/08\/FB_IMG_1661026912920.jpg\" alt=\"\" class=\"wp-image-33254\" width=\"437\" height=\"720\" srcset=\"https:\/\/atecordoba.org\/wp-content\/uploads\/2022\/08\/FB_IMG_1661026912920.jpg 582w, https:\/\/atecordoba.org\/wp-content\/uploads\/2022\/08\/FB_IMG_1661026912920-182x300.jpg 182w\" sizes=\"auto, (max-width: 437px) 100vw, 437px\" \/><\/figure><\/div>\n","protected":false},"excerpt":{"rendered":"<p>Durante la semana pasada distintas seccionales de ATE en la provincia acordaron recomposiciones salariales en el \u00e1mbito municipal, en el marco de las discusiones paritarias del segundo semestre del a\u00f1o. As\u00ed, la Delegaci\u00f3n ATE Traslasierra alcanz\u00f3 a acordar una suba salarial del 15% a pagar en septiembre en la localidad de Villa Cura Brochero. El [&hellip;]<\/p>\n","protected":false},"author":7,"featured_media":33255,"comment_status":"open","ping_status":"open","sticky":false,"template":"","format":"standard","meta":{"_exactmetrics_skip_tracking":false,"_exactmetrics_sitenote_active":false,"_exactmetrics_sitenote_note":"","_exactmetrics_sitenote_category":0,"jnews-multi-image_gallery":[],"jnews_single_post":{"subtitle":"La semana pasada ATE suscribi\u00f3 acuerdos paritarios en Achiras, Devoto, Tr\u00e1nsito y Villa Cura Brochero. ","format":"standard","video":"","gallery":"","source_name":"","source_url":"","via_name":"","via_url":"","override_template":"0","override":[{"template":"1","single_blog_custom":"","parallax":"1","fullscreen":"1","layout":"right-sidebar","sidebar":"default-sidebar","second_sidebar":"default-sidebar","sticky_sidebar":"1","share_position":"top","share_float_style":"share-monocrhome","show_share_counter":"1","show_view_counter":"1","show_featured":"1","show_post_meta":"1","show_post_author":"1","show_post_author_image":"1","show_post_date":"1","post_date_format":"default","post_date_format_custom":"Y\/m\/d","show_post_category":"1","show_post_reading_time":"0","post_reading_time_wpm":"300","show_zoom_button":"0","zoom_button_out_step":"2","zoom_button_in_step":"3","show_post_tag":"1","show_prev_next_post":"1","show_popup_post":"1","number_popup_post":"1","show_author_box":"0","show_post_related":"0","show_inline_post_related":"0"}],"override_image_size":"0","image_override":[{"single_post_thumbnail_size":"crop-500","single_post_gallery_size":"crop-500"}],"trending_post":"0","trending_post_position":"meta","trending_post_label":"Trending","sponsored_post":"0","sponsored_post_label":"Sponsored by","sponsored_post_name":"","sponsored_post_url":"","sponsored_post_logo_enable":"0","sponsored_post_logo":"","sponsored_post_desc":"","disable_ad":"0"},"jnews_primary_category":{"id":""},"jnews_social_meta":{"fb_title":"Municipales: ATE avanza sellando acuerdos salariales en distintos puntos de la provincia","fb_description":"","fb_image":"","twitter_title":"","twitter_description":"","twitter_image":""},"jnews_review":[],"enable_review":"0","type":"percentage","name":"","summary":"","brand":"","sku":"","good":[{"good_text":""}],"bad":[{"bad_text":""}],"score_override":"","override_value":"","rating":[{"rating_text":"","rating_number":"10"}],"price":[{"shop":"","price":"","link":"","icon":""}],"jnews_override_counter":{"override_view_counter":"0","view_counter_number":"0","override_share_counter":"0","share_counter_number":"0","override_like_counter":"0","like_counter_number":"0","override_dislike_counter":"0","dislike_counter_number":"0"},"jnews_post_split":{"enable_post_split":"0","post_split":[{"template":"1","tag":"h2","numbering":"asc","mode":"normal","first":"0","enable_toc":"0","toc_type":"normal"}]},"footnotes":""},"categories":[1056,20,12,148],"tags":[792,705,781,984],"class_list":["post-33249","post","type-post","status-publish","format-standard","has-post-thumbnail","hentry","category-traslasierra","category-municipales","category-rio-cuarto","category-san-justo","tag-achiras","tag-devoto","tag-transito","tag-villa-cura-brochero"],"jetpack_featured_media_url":"https:\/\/atecordoba.org\/wp-content\/uploads\/2022\/08\/alcobaachiras-e1661175598422.jpg","_links":{"self":[{"href":"https:\/\/atecordoba.org\/index.php?rest_route=\/wp\/v2\/posts\/33249","targetHints":{"allow":["GET"]}}],"collection":[{"href":"https:\/\/atecordoba.org\/index.php?rest_route=\/wp\/v2\/posts"}],"about":[{"href":"https:\/\/atecordoba.org\/index.php?rest_route=\/wp\/v2\/types\/post"}],"author":[{"embeddable":true,"href":"https:\/\/atecordoba.org\/index.php?rest_route=\/wp\/v2\/users\/7"}],"replies":[{"embeddable":true,"href":"https:\/\/atecordoba.org\/index.php?rest_route=%2Fwp%2Fv2%2Fcomments&post=33249"}],"version-history":[{"count":4,"href":"https:\/\/atecordoba.org\/index.php?rest_route=\/wp\/v2\/posts\/33249\/revisions"}],"predecessor-version":[{"id":33261,"href":"https:\/\/atecordoba.org\/index.php?rest_route=\/wp\/v2\/posts\/33249\/revisions\/33261"}],"wp:featuredmedia":[{"embeddable":true,"href":"https:\/\/atecordoba.org\/index.php?rest_route=\/wp\/v2\/media\/33255"}],"wp:attachment":[{"href":"https:\/\/atecordoba.org\/index.php?rest_route=%2Fwp%2Fv2%2Fmedia&parent=33249"}],"wp:term":[{"taxonomy":"category","embeddable":true,"href":"https:\/\/atecordoba.org\/index.php?rest_route=%2Fwp%2Fv2%2Fcategories&post=33249"},{"taxonomy":"post_tag","embeddable":true,"href":"https:\/\/atecordoba.org\/index.php?rest_route=%2Fwp%2Fv2%2Ftags&post=33249"}],"curies":[{"name":"wp","href":"https:\/\/api.w.org\/{rel}","templated":true}]}}