{"id":33224,"date":"2022-08-19T11:08:21","date_gmt":"2022-08-19T14:08:21","guid":{"rendered":"https:\/\/atecordoba.org\/?p=33224"},"modified":"2022-08-19T11:08:25","modified_gmt":"2022-08-19T14:08:25","slug":"ate-repudia-la-pauta-salarial-a-la-baja-informada-ayer-por-el-gobierno-de-schiaretti-y-el-sep","status":"publish","type":"post","link":"https:\/\/atecordoba.org\/?p=33224","title":{"rendered":"ATE repudia la pauta salarial a la baja informada ayer por el Gobierno de Schiaretti y el SEP"},"content":{"rendered":"\n<figure class=\"wp-block-gallery has-nested-images columns-2 is-cropped wp-block-gallery-1 is-layout-flex wp-block-gallery-is-layout-flex\">\n<figure class=\"wp-block-image size-large\"><img loading=\"lazy\" decoding=\"async\" width=\"444\" height=\"200\" data-id=\"33165\" src=\"https:\/\/atecordoba.org\/wp-content\/uploads\/2022\/08\/17-08-Movilizacion-ATE-Educacion-e1660750427855.jpg\" alt=\"\" class=\"wp-image-33165\"\/><\/figure>\n\n\n\n<figure class=\"wp-block-image size-large\"><img loading=\"lazy\" decoding=\"async\" width=\"267\" height=\"200\" data-id=\"33154\" src=\"https:\/\/atecordoba.org\/wp-content\/uploads\/2022\/08\/WhatsApp-Image-2022-08-16-at-1.56.42-PM-e1660744635805.jpeg\" alt=\"\" class=\"wp-image-33154\"\/><\/figure>\n\n\n\n<figure class=\"wp-block-image size-large\"><img loading=\"lazy\" decoding=\"async\" width=\"1599\" height=\"899\" data-id=\"32962\" src=\"https:\/\/atecordoba.org\/wp-content\/uploads\/2022\/08\/WhatsApp-Image-2022-08-02-at-1.27.05-PM-1-1.jpeg\" alt=\"\" class=\"wp-image-32962\" srcset=\"https:\/\/atecordoba.org\/wp-content\/uploads\/2022\/08\/WhatsApp-Image-2022-08-02-at-1.27.05-PM-1-1.jpeg 1599w, https:\/\/atecordoba.org\/wp-content\/uploads\/2022\/08\/WhatsApp-Image-2022-08-02-at-1.27.05-PM-1-1-300x169.jpeg 300w, https:\/\/atecordoba.org\/wp-content\/uploads\/2022\/08\/WhatsApp-Image-2022-08-02-at-1.27.05-PM-1-1-1024x576.jpeg 1024w, https:\/\/atecordoba.org\/wp-content\/uploads\/2022\/08\/WhatsApp-Image-2022-08-02-at-1.27.05-PM-1-1-768x432.jpeg 768w, https:\/\/atecordoba.org\/wp-content\/uploads\/2022\/08\/WhatsApp-Image-2022-08-02-at-1.27.05-PM-1-1-1536x864.jpeg 1536w, https:\/\/atecordoba.org\/wp-content\/uploads\/2022\/08\/WhatsApp-Image-2022-08-02-at-1.27.05-PM-1-1-750x422.jpeg 750w, https:\/\/atecordoba.org\/wp-content\/uploads\/2022\/08\/WhatsApp-Image-2022-08-02-at-1.27.05-PM-1-1-1140x641.jpeg 1140w\" sizes=\"auto, (max-width: 1599px) 100vw, 1599px\" \/><\/figure>\n\n\n\n<figure class=\"wp-block-image size-large\"><img loading=\"lazy\" decoding=\"async\" width=\"350\" height=\"197\" data-id=\"27229\" src=\"https:\/\/atecordoba.org\/wp-content\/uploads\/2021\/08\/12_08_Movilizacion_Paro_Salud_3-e1630336824151.jpg\" alt=\"\" class=\"wp-image-27229\"\/><\/figure>\n<figcaption class=\"blocks-gallery-caption\">Educaci\u00f3n, SENAF, Salud, entre los sectores organizados en ATE que rechazan la pauta salarial por insuficiente<\/figcaption><\/figure>\n\n\n\n<p><\/p>\n\n\n\n<p><strong>ATE C\u00f3rdoba hace p\u00fablico su REPUDIO a la pauta salarial informada ayer por el gobierno provincial<\/strong>, en base a un acuerdo suscripto con los gremios oficialistas.<\/p>\n\n\n\n<p>El acuerdo significa en realidad una recomposici\u00f3n del <strong>63 por ciento anual<\/strong>, frente a una <strong>inflaci\u00f3n que en 2022 se ubicar\u00e1 por encima del 80 por ciento<\/strong>, sufriendo as\u00ed las y los trabajadores una p\u00e9rdida de ingresos reales en el a\u00f1o de alrededor de 20 puntos.<\/p>\n\n\n\n<p>Esto se suma a la <strong>p\u00e9rdida de poder adquisitivo en el \u00faltimo quinque\u00f1o, que en el \u00e1mbito estatal ha significado entre el 25 y 30 por ciento del salario<\/strong>, sumando las pautas salariales a la baja que el SEP viene firmando durante el anterior gobierno de Schiaretti y el actual mandato.<\/p>\n\n\n\n<p>Es totalmente vergonzoso que se informe desde los gremios oficialistas que la pauta salarial firmada hace que los salarios iniciales en julio <strong>apenas rocen los 74 mil pesos<\/strong>, <strong>cuando el propio INDEC publica que para no ser pobre en nuestro pa\u00eds<\/strong> una familia debe contar, como m\u00ednimo, <strong>con 119 mil pesos.<\/strong><\/p>\n\n\n\n<p>Llamamos la atenci\u00f3n, tambi\u00e9n, acerca de que <strong>esta paritaria NO asume en su verdadera dimensi\u00f3n el problema de las precarizaciones, la tercerizaci\u00f3n en el Estado, ni las sumas EN NEGRO<\/strong> de nuestros salarios que, en definitiva, no van al b\u00e1sico, no se cuentan en el aguinaldo y <strong>no se cuentan para<\/strong> <strong>los haberes nuestras jubiladas y jubilados, sumidos en la m\u00e1s absoluta miseria por este Gobierno y su aliado incondicional en el ajuste, el SEP.<\/strong><\/p>\n\n\n\n<p>En consecuencia, <strong>ATE DAR\u00c1 CONTINUIDAD AL PLAN DE ACCIONES DE PROTESTAS CON DISTINTAS MEDIDAS, como quite de colaboraci\u00f3n, reducci\u00f3n de prestaciones, asambleas y cortes de calle.<\/strong><\/p>\n\n\n\n<p>Asimismo, <strong>nuestra organizaci\u00f3n, en unidad con las representaciones sindicales que as\u00ed lo dispongan, CONTINUAR\u00c1 RECLAMANDO UNA APERTURA REAL DE LA PARITARIA<\/strong> que incluya a los verdaderos representantes de todos los sectores provinciales, en virtud que esta exigua pauta salarial no representa la necesidad de las y los trabajadores que, incluso en pandemia, pusieron -y siguen poniendo- todo el esfuerzo para atender las necesidades de la poblaci\u00f3n (como en el caso de las y los trabajadores de la salud que perdieron m\u00e1s de 80 vidas por ello).<\/p>\n\n\n\n<p class=\"has-text-align-center\"><strong>\u00a1SCHIARETTI Y EL SEP SON RESPONSABLES DE NUESTRA POBREZA!<\/strong><\/p>\n\n\n\n<p class=\"has-text-align-center\"><strong>Federico Giuliani<\/strong> <br><em>Secretario General<\/em><br><em>ATE Provincia de C\u00f3rdoba<\/em><\/p>\n\n\n\n<p>Comunicado completo abajo y\/o <a rel=\"noreferrer noopener\" href=\"https:\/\/atecordoba.org\/wp-content\/uploads\/2022\/08\/19-08-Comunicado-Pauta-Provinciales.pdf\" target=\"_blank\">aqu\u00ed<\/a>.<\/p>\n\n\n<a href=\"https:\/\/atecordoba.org\/wp-content\/uploads\/2022\/08\/19-08-Comunicado-Pauta-Provinciales.pdf\" class=\"pdfemb-viewer\" style=\"\" data-width=\"max\" data-height=\"max\" data-toolbar=\"bottom\" data-toolbar-fixed=\"off\">19-08-Comunicado-Pauta-Provinciales<\/a>\n<p class=\"wp-block-pdfemb-pdf-embedder-viewer\"><\/p>\n","protected":false},"excerpt":{"rendered":"<p>ATE C\u00f3rdoba hace p\u00fablico su REPUDIO a la pauta salarial informada ayer por el gobierno provincial, en base a un acuerdo suscripto con los gremios oficialistas. El acuerdo significa en realidad una recomposici\u00f3n del 63 por ciento anual, frente a una inflaci\u00f3n que en 2022 se ubicar\u00e1 por encima del 80 por ciento, sufriendo as\u00ed [&hellip;]<\/p>\n","protected":false},"author":6,"featured_media":27229,"comment_status":"open","ping_status":"open","sticky":false,"template":"","format":"standard","meta":{"_exactmetrics_skip_tracking":false,"_exactmetrics_sitenote_active":false,"_exactmetrics_sitenote_note":"","_exactmetrics_sitenote_category":0,"jnews-multi-image_gallery":[],"jnews_single_post":{"subtitle":"El acuerdo significa en realidad una recomposici\u00f3n de alrededor del 63 por ciento anual, frente a una inflaci\u00f3n que en 2022 se ubicar\u00e1 por encima del 80 por ciento, sufriendo as\u00ed las y los trabajadores una p\u00e9rdida de ingresos reales en el a\u00f1o de alrededor de 20 puntos. Sumas no remunerativas al b\u00e1sico y un salario inicial de 119 mil pesos, entre las exigencias de ATE.","format":"standard","video":"","gallery":"","source_name":"","source_url":"","via_name":"","via_url":"","override_template":"0","override":[{"template":"1","single_blog_custom":"","parallax":"1","fullscreen":"1","layout":"right-sidebar","sidebar":"default-sidebar","second_sidebar":"default-sidebar","sticky_sidebar":"1","share_position":"top","share_float_style":"share-monocrhome","show_share_counter":"1","show_view_counter":"1","show_featured":"1","show_post_meta":"1","show_post_author":"1","show_post_author_image":"1","show_post_date":"1","post_date_format":"default","post_date_format_custom":"Y\/m\/d","show_post_category":"1","show_post_reading_time":"0","post_reading_time_wpm":"300","show_zoom_button":"0","zoom_button_out_step":"2","zoom_button_in_step":"3","show_post_tag":"1","show_prev_next_post":"1","show_popup_post":"1","number_popup_post":"1","show_author_box":"0","show_post_related":"0","show_inline_post_related":"0"}],"override_image_size":"0","image_override":[{"single_post_thumbnail_size":"crop-500","single_post_gallery_size":"crop-500"}],"trending_post":"0","trending_post_position":"meta","trending_post_label":"Trending","sponsored_post":"0","sponsored_post_label":"Sponsored by","sponsored_post_name":"","sponsored_post_url":"","sponsored_post_logo_enable":"0","sponsored_post_logo":"","sponsored_post_desc":"","disable_ad":"0"},"jnews_primary_category":{"id":""},"jnews_social_meta":{"fb_title":"","fb_description":"","fb_image":"","twitter_title":"","twitter_description":"","twitter_image":""},"jnews_review":[],"enable_review":"0","type":"percentage","name":"","summary":"","brand":"","sku":"","good":[{"good_text":""}],"bad":[{"bad_text":""}],"score_override":"","override_value":"","rating":[{"rating_text":"","rating_number":"10"}],"price":[{"shop":"","price":"","link":"","icon":""}],"jnews_override_counter":{"override_view_counter":"0","view_counter_number":"0","override_share_counter":"0","share_counter_number":"0","override_like_counter":"0","like_counter_number":"0","override_dislike_counter":"0","dislike_counter_number":"0"},"jnews_post_split":{"enable_post_split":"0","post_split":[{"template":"1","tag":"h2","numbering":"asc","mode":"normal","first":"0","enable_toc":"0","toc_type":"normal"}]},"footnotes":""},"categories":[53,341,8,957],"tags":[],"class_list":["post-33224","post","type-post","status-publish","format-standard","has-post-thumbnail","hentry","category-comunicados-de-prensa","category-cdp","category-provinciales","category-salud"],"jetpack_featured_media_url":"https:\/\/atecordoba.org\/wp-content\/uploads\/2021\/08\/12_08_Movilizacion_Paro_Salud_3-e1630336824151.jpg","_links":{"self":[{"href":"https:\/\/atecordoba.org\/index.php?rest_route=\/wp\/v2\/posts\/33224","targetHints":{"allow":["GET"]}}],"collection":[{"href":"https:\/\/atecordoba.org\/index.php?rest_route=\/wp\/v2\/posts"}],"about":[{"href":"https:\/\/atecordoba.org\/index.php?rest_route=\/wp\/v2\/types\/post"}],"author":[{"embeddable":true,"href":"https:\/\/atecordoba.org\/index.php?rest_route=\/wp\/v2\/users\/6"}],"replies":[{"embeddable":true,"href":"https:\/\/atecordoba.org\/index.php?rest_route=%2Fwp%2Fv2%2Fcomments&post=33224"}],"version-history":[{"count":2,"href":"https:\/\/atecordoba.org\/index.php?rest_route=\/wp\/v2\/posts\/33224\/revisions"}],"predecessor-version":[{"id":33227,"href":"https:\/\/atecordoba.org\/index.php?rest_route=\/wp\/v2\/posts\/33224\/revisions\/33227"}],"wp:featuredmedia":[{"embeddable":true,"href":"https:\/\/atecordoba.org\/index.php?rest_route=\/wp\/v2\/media\/27229"}],"wp:attachment":[{"href":"https:\/\/atecordoba.org\/index.php?rest_route=%2Fwp%2Fv2%2Fmedia&parent=33224"}],"wp:term":[{"taxonomy":"category","embeddable":true,"href":"https:\/\/atecordoba.org\/index.php?rest_route=%2Fwp%2Fv2%2Fcategories&post=33224"},{"taxonomy":"post_tag","embeddable":true,"href":"https:\/\/atecordoba.org\/index.php?rest_route=%2Fwp%2Fv2%2Ftags&post=33224"}],"curies":[{"name":"wp","href":"https:\/\/api.w.org\/{rel}","templated":true}]}}