{"id":33210,"date":"2022-08-18T16:35:47","date_gmt":"2022-08-18T19:35:47","guid":{"rendered":"https:\/\/atecordoba.org\/?p=33210"},"modified":"2022-08-18T16:36:49","modified_gmt":"2022-08-18T19:36:49","slug":"roberto-pecho-bardach-recordo-la-fuga-del-penal-de-trelew-y-los-fusilamientos-genocidas-de-la-dictadura-de-1972","status":"publish","type":"post","link":"https:\/\/atecordoba.org\/?p=33210","title":{"rendered":"Roberto Pecho Bardach record\u00f3 la fuga del Penal de Trelew y los fusilamientos genocidas de la dictadura de 1972"},"content":{"rendered":"\n<div class=\"wp-block-image\"><figure class=\"aligncenter size-large is-resized\"><img loading=\"lazy\" decoding=\"async\" src=\"https:\/\/atecordoba.org\/wp-content\/uploads\/2022\/08\/familiarestrelew-1024x766.jpg\" alt=\"\" class=\"wp-image-33213\" width=\"768\" height=\"575\" srcset=\"https:\/\/atecordoba.org\/wp-content\/uploads\/2022\/08\/familiarestrelew-1024x766.jpg 1024w, https:\/\/atecordoba.org\/wp-content\/uploads\/2022\/08\/familiarestrelew-300x225.jpg 300w, https:\/\/atecordoba.org\/wp-content\/uploads\/2022\/08\/familiarestrelew-768x575.jpg 768w, https:\/\/atecordoba.org\/wp-content\/uploads\/2022\/08\/familiarestrelew-750x561.jpg 750w, https:\/\/atecordoba.org\/wp-content\/uploads\/2022\/08\/familiarestrelew-1140x853.jpg 1140w, https:\/\/atecordoba.org\/wp-content\/uploads\/2022\/08\/familiarestrelew.jpg 1280w\" sizes=\"auto, (max-width: 768px) 100vw, 768px\" \/><figcaption>Foto de familiares de fusilados de Trelew (CELS)<\/figcaption><\/figure><\/div>\n\n\n\n<p>Este pr\u00f3ximo 22 de agosto se conmemora el 50\u00b0 aniversario de la Masacre de Trelew, el fusilamiento de 19 militantes populares ultimados por la dictadura tras la fuga de los l\u00edderes guerrilleros del penal de Trelew, donde se encontraban encarcelados producto de la represi\u00f3n contra las luchas por la liberaci\u00f3n nacional y el retorno del general Per\u00f3n. <\/p>\n\n\n\n<p>Para recordar los hechos y analizarlos el programa radial de la Secretaria de Prensa de ATE C\u00f3rdoba Entre Todos y Todas entrevist\u00f3 al militante del PRT y referente de los DDHH Roberto Pecho Bardach, que se encuentra entre los organizadores del viaje que partir\u00e1 desde C\u00f3rdoba para estar el lunes en Trelew.<\/p>\n\n\n\n<p>Lo que sigue son algunos tramos de la conversaci\u00f3n:<\/p>\n\n\n\n<p>&#8220;La masacre de Trelew es dif\u00edcil de explicar su entender su contexto. En aquella \u00e9poca las f\u00e1bricas de autos ten\u00edan miles de trabajadores. Durante el Cordobazo esos miles y tantos otros bajaron al centro, cada uno le pod\u00eda decir socialismo nacional o internacional pero cada uno quer\u00eda cambiar la sociedad&#8221;.<\/p>\n\n\n\n<p>&#8220;En el Rodrigazo del a\u00f1o 75 fue el Gran Buenos Aires que avanz\u00f3 sobre la capital y quer\u00edan que vivi\u00e9ramos mejor, con mas salud y educaci\u00f3n, m\u00e1s trabajo, cada uno le dec\u00eda a su manera&#8221;.<\/p>\n\n\n\n<p>&#8220;Lo de Trelew fue ya sucedido el Cordobazo, ah\u00ed estaban los dirigentes de las organizaciones guerrilleras, que planificaron la fuga como los militares nunca se imaginaron: de adentro hacia afuera y no al rev\u00e9s&#8221;.<\/p>\n\n\n\n<p>&#8220;La Fuga: dentro de la c\u00e1rcel se organiz\u00f3 con gran parte de los compa\u00f1eros. El penal se encuentra en un lugar desierto, donde hay muy poca poblaci\u00f3n y mucho personal militar \u2013aparte de los penitenciarios- porque est\u00e1 ah\u00ed cerca la base naval Almirante Zar. Tambi\u00e9n hab\u00eda mucha polic\u00eda federal, es decir, mucha represi\u00f3n&#8221;.<\/p>\n\n\n\n<div class=\"wp-block-image\"><figure class=\"aligncenter size-full is-resized\"><img loading=\"lazy\" decoding=\"async\" src=\"https:\/\/atecordoba.org\/wp-content\/uploads\/2022\/08\/Pecho-Bardach-1.jpeg\" alt=\"\" class=\"wp-image-33215\" width=\"728\" height=\"204\" srcset=\"https:\/\/atecordoba.org\/wp-content\/uploads\/2022\/08\/Pecho-Bardach-1.jpeg 971w, https:\/\/atecordoba.org\/wp-content\/uploads\/2022\/08\/Pecho-Bardach-1-300x84.jpeg 300w, https:\/\/atecordoba.org\/wp-content\/uploads\/2022\/08\/Pecho-Bardach-1-768x215.jpeg 768w, https:\/\/atecordoba.org\/wp-content\/uploads\/2022\/08\/Pecho-Bardach-1-750x210.jpeg 750w\" sizes=\"auto, (max-width: 728px) 100vw, 728px\" \/><figcaption>Roberto Bardach<\/figcaption><\/figure><\/div>\n\n\n\n<p>&#8220;Para el mot\u00edn se logra ingresar un arma y se fabrican otras s\u00edmiles de madera, logran tomar todo el penal. Con eso logran tomar toda la c\u00e1rcel y solo hubo un incidente ah\u00ed cuando un penitenciario llamado Valenzuela dispara, advertido de la situaci\u00f3n, y un compa\u00f1ero lo mata&#8221;.<\/p>\n\n\n\n<p>&#8220;Nuestros m\u00e1ximos dirigentes, donde hab\u00eda gente del PRT, de Montoneros, de las FAR, son los primeros que llegan al aeropuerto y secuestran un avi\u00f3n de Austral que ven\u00eda desde el sur. Paralelamente otro centenar de compa\u00f1eros no pudieron salir de la carcel porque hubo una desinteligencia y los camiones que deb\u00edan trasladarlos no llegaron a tiempo&#8221;.<\/p>\n\n\n\n<p>&#8220;19 compa\u00f1eros llegan tarde al lugar cuando el avi\u00f3n parti\u00f3 y toman el Aeropuerto para luego entregarse, pero previamente piden que vaya un juez y la prensa a verificar que est\u00e1n sanos. Cuando se entregan los militares no los llevan a la c\u00e1rcel sino a la base naval. Todo sucedi\u00f3 el 16 de agosto de 1972&#8221;.<\/p>\n\n\n\n<p>&#8220;El 22 de agosto a la madrugada, hacen salir de las celdas donde estaban y los ametrallan. Luego van celda por celda remat\u00e1ndolos. As\u00ed y todo tres compa\u00f1eros logran salir con vida&#8221;.<\/p>\n\n\n\n<div class=\"wp-block-image\"><figure class=\"aligncenter size-large is-resized\"><img loading=\"lazy\" decoding=\"async\" src=\"https:\/\/atecordoba.org\/wp-content\/uploads\/2022\/08\/Masacrados-1024x576.jpg\" alt=\"\" class=\"wp-image-33216\" width=\"768\" height=\"432\" srcset=\"https:\/\/atecordoba.org\/wp-content\/uploads\/2022\/08\/Masacrados-1024x576.jpg 1024w, https:\/\/atecordoba.org\/wp-content\/uploads\/2022\/08\/Masacrados-300x169.jpg 300w, https:\/\/atecordoba.org\/wp-content\/uploads\/2022\/08\/Masacrados-768x432.jpg 768w, https:\/\/atecordoba.org\/wp-content\/uploads\/2022\/08\/Masacrados-1536x864.jpg 1536w, https:\/\/atecordoba.org\/wp-content\/uploads\/2022\/08\/Masacrados-750x422.jpg 750w, https:\/\/atecordoba.org\/wp-content\/uploads\/2022\/08\/Masacrados-1140x641.jpg 1140w, https:\/\/atecordoba.org\/wp-content\/uploads\/2022\/08\/Masacrados.jpg 1920w\" sizes=\"auto, (max-width: 768px) 100vw, 768px\" \/><figcaption>Parte del grupo de fusilados por la dictadura.<\/figcaption><\/figure><\/div>\n\n\n\n<p>&#8220;En esa \u00e9poca, la gente apoyaba y durante el velorio se cantaba \u201ctodos los guerrilleros son nuestros compa\u00f1eros\u201d. Esto lo cuento para que se entienda que no eran un grupo de mesi\u00e1nicos, era una \u00e9poca que se quer\u00eda cambiar la sociedad. Y esos eran las mejores personas. Recordemos que despu\u00e9s de esa fuga cae la dictadura que estaba en ese momento&#8221;.<\/p>\n\n\n\n<p>&#8220;Este domingo estamos viajamos un grupo grande de gente a conmemorar a esos compa\u00f1eros fusilados. Contamos con el apoyo de muchos sindicatos que nos facilitan medios para llegar hasta Trelew, tambi\u00e9n hay agrupaciones estudiantiles que hicieron un acto en la Facultad de Ciencias Sociales para juntar recursos y darnos apoyo&#8221;.<\/p>\n\n\n\n<p>&#8220;Hay una heterogeneidad de agrupaciones muy interesante, tanto en reflejo de lo que sucedi\u00f3 en 1972 como ahora en la participaci\u00f3n del acto conmemorativo que expresa c\u00f3mo la unidad de los sectores populares es efectiva para avanzar en las luchas del pueblo&#8221;.<\/p>\n","protected":false},"excerpt":{"rendered":"<p>Este pr\u00f3ximo 22 de agosto se conmemora el 50\u00b0 aniversario de la Masacre de Trelew, el fusilamiento de 19 militantes populares ultimados por la dictadura tras la fuga de los l\u00edderes guerrilleros del penal de Trelew, donde se encontraban encarcelados producto de la represi\u00f3n contra las luchas por la liberaci\u00f3n nacional y el retorno del [&hellip;]<\/p>\n","protected":false},"author":7,"featured_media":33214,"comment_status":"open","ping_status":"open","sticky":false,"template":"","format":"standard","meta":{"_exactmetrics_skip_tracking":false,"_exactmetrics_sitenote_active":false,"_exactmetrics_sitenote_note":"","_exactmetrics_sitenote_category":0,"jnews-multi-image_gallery":[],"jnews_single_post":{"subtitle":"El domingo pr\u00f3ximo parten varios colectivos desde C\u00f3rdoba para Trelew donde compa\u00f1eros y compa\u00f1eras participar\u00e1n de los actos de conmemoraci\u00f3n de la masacre en la Base Almirante Zar.","format":"standard","video":"","gallery":"","source_name":"","source_url":"","via_name":"","via_url":"","override_template":"0","override":[{"template":"1","single_blog_custom":"","parallax":"1","fullscreen":"1","layout":"right-sidebar","sidebar":"default-sidebar","second_sidebar":"default-sidebar","sticky_sidebar":"1","share_position":"top","share_float_style":"share-monocrhome","show_share_counter":"1","show_view_counter":"1","show_featured":"1","show_post_meta":"1","show_post_author":"1","show_post_author_image":"1","show_post_date":"1","post_date_format":"default","post_date_format_custom":"Y\/m\/d","show_post_category":"1","show_post_reading_time":"0","post_reading_time_wpm":"300","show_zoom_button":"0","zoom_button_out_step":"2","zoom_button_in_step":"3","show_post_tag":"1","show_prev_next_post":"1","show_popup_post":"1","number_popup_post":"1","show_author_box":"0","show_post_related":"0","show_inline_post_related":"0"}],"override_image_size":"0","image_override":[{"single_post_thumbnail_size":"crop-500","single_post_gallery_size":"crop-500"}],"trending_post":"0","trending_post_position":"meta","trending_post_label":"Trending","sponsored_post":"0","sponsored_post_label":"Sponsored by","sponsored_post_name":"","sponsored_post_url":"","sponsored_post_logo_enable":"0","sponsored_post_logo":"","sponsored_post_desc":"","disable_ad":"0"},"jnews_primary_category":{"id":""},"jnews_social_meta":{"fb_title":"","fb_description":"","fb_image":"","twitter_title":"","twitter_description":"","twitter_image":""},"jnews_review":[],"enable_review":"0","type":"percentage","name":"","summary":"","brand":"","sku":"","good":[{"good_text":""}],"bad":[{"bad_text":""}],"score_override":"","override_value":"","rating":[{"rating_text":"","rating_number":"10"}],"price":[{"shop":"","price":"","link":"","icon":""}],"jnews_override_counter":{"override_view_counter":"0","view_counter_number":"0","override_share_counter":"0","share_counter_number":"0","override_like_counter":"0","like_counter_number":"0","override_dislike_counter":"0","dislike_counter_number":"0"},"jnews_post_split":{"enable_post_split":"0","post_split":[{"template":"1","tag":"h2","numbering":"asc","mode":"normal","first":"0","enable_toc":"0","toc_type":"normal"}]},"footnotes":""},"categories":[10,341,122],"tags":[1189],"class_list":["post-33210","post","type-post","status-publish","format-standard","has-post-thumbnail","hentry","category-accion-politica","category-cdp","category-ddhh","tag-trelew"],"jetpack_featured_media_url":"https:\/\/atecordoba.org\/wp-content\/uploads\/2022\/08\/Pecho-Bardach-e1660851094740.jpeg","_links":{"self":[{"href":"https:\/\/atecordoba.org\/index.php?rest_route=\/wp\/v2\/posts\/33210","targetHints":{"allow":["GET"]}}],"collection":[{"href":"https:\/\/atecordoba.org\/index.php?rest_route=\/wp\/v2\/posts"}],"about":[{"href":"https:\/\/atecordoba.org\/index.php?rest_route=\/wp\/v2\/types\/post"}],"author":[{"embeddable":true,"href":"https:\/\/atecordoba.org\/index.php?rest_route=\/wp\/v2\/users\/7"}],"replies":[{"embeddable":true,"href":"https:\/\/atecordoba.org\/index.php?rest_route=%2Fwp%2Fv2%2Fcomments&post=33210"}],"version-history":[{"count":2,"href":"https:\/\/atecordoba.org\/index.php?rest_route=\/wp\/v2\/posts\/33210\/revisions"}],"predecessor-version":[{"id":33218,"href":"https:\/\/atecordoba.org\/index.php?rest_route=\/wp\/v2\/posts\/33210\/revisions\/33218"}],"wp:featuredmedia":[{"embeddable":true,"href":"https:\/\/atecordoba.org\/index.php?rest_route=\/wp\/v2\/media\/33214"}],"wp:attachment":[{"href":"https:\/\/atecordoba.org\/index.php?rest_route=%2Fwp%2Fv2%2Fmedia&parent=33210"}],"wp:term":[{"taxonomy":"category","embeddable":true,"href":"https:\/\/atecordoba.org\/index.php?rest_route=%2Fwp%2Fv2%2Fcategories&post=33210"},{"taxonomy":"post_tag","embeddable":true,"href":"https:\/\/atecordoba.org\/index.php?rest_route=%2Fwp%2Fv2%2Ftags&post=33210"}],"curies":[{"name":"wp","href":"https:\/\/api.w.org\/{rel}","templated":true}]}}