{"id":33172,"date":"2022-08-17T15:21:04","date_gmt":"2022-08-17T18:21:04","guid":{"rendered":"https:\/\/atecordoba.org\/?p=33172"},"modified":"2022-08-17T15:56:50","modified_gmt":"2022-08-17T18:56:50","slug":"inmediata-liberacion-de-matias-perez-y-fin-a-las-imputaciones-en-punilla","status":"publish","type":"post","link":"https:\/\/atecordoba.org\/?p=33172","title":{"rendered":"Inmediata liberaci\u00f3n de Mat\u00edas P\u00e9rez y fin a las imputaciones en Punilla"},"content":{"rendered":"\n<div class=\"wp-block-image\"><figure class=\"aligncenter size-full is-resized\"><img loading=\"lazy\" decoding=\"async\" src=\"https:\/\/atecordoba.org\/wp-content\/uploads\/2022\/08\/autovia-cosquin_38-cordoba_1613144152.jpg\" alt=\"\" class=\"wp-image-33175\" width=\"675\" height=\"371\" srcset=\"https:\/\/atecordoba.org\/wp-content\/uploads\/2022\/08\/autovia-cosquin_38-cordoba_1613144152.jpg 934w, https:\/\/atecordoba.org\/wp-content\/uploads\/2022\/08\/autovia-cosquin_38-cordoba_1613144152-300x165.jpg 300w, https:\/\/atecordoba.org\/wp-content\/uploads\/2022\/08\/autovia-cosquin_38-cordoba_1613144152-768x422.jpg 768w, https:\/\/atecordoba.org\/wp-content\/uploads\/2022\/08\/autovia-cosquin_38-cordoba_1613144152-750x412.jpg 750w\" sizes=\"auto, (max-width: 675px) 100vw, 675px\" \/><\/figure><\/div>\n\n\n\n<p><strong>La CTA-A de la Provincia de C\u00f3rdoba manifiesta su total repudio y se declara en Estado de Alerta ante los avasallamientos contra los Derechos Humanos y las garant\u00edas individuales y colectivas que se est\u00e1n perpetrando en el Valle de Punilla a partir de las arbitrarias detenciones e imputaciones a Defensores Ambientales por parte del Poder Judicial cordob\u00e9s.<\/strong><\/p>\n\n\n\n<p>Ayer advert\u00edamos y repudi\u00e1bamos la imputaci\u00f3n de <strong>Marcela Mart\u00edn<\/strong>, delegada de ATE del Hospital Colonia Santa Mar\u00eda de Cosqu\u00edn: hoy exigimos el <strong>CESE INMEDIATO DE LA PERSECUCI\u00d3N y la liberaci\u00f3n YA del compa\u00f1ero Mat\u00edas P\u00e9rez<\/strong>, 1er vocal electo de la CEL de la CTA-A Punilla, vecino de la comunidad de Pueblos Originarios Nueve Lunas de San Esteban de quien, hasta esta hora, no tenemos informaci\u00f3n de ad\u00f3nde fue trasladado, bajo qu\u00e9 cargos ni por orden de qu\u00e9 Fiscal\u00eda. Adem\u00e1s de \u00e9l y Mart\u00edn, tambi\u00e9n advertimos que han sido imputados\/as otros dos integrantes de la CEL Punilla: Marco D\u00b4Angelo, docente, y Gabriela Taborda Varela, comunicadora, ambos vocales electos de la CTA-A Local.<\/p>\n\n\n\n<p>Los hechos aducidos por el Poder Judicial para las imputaciones y detenciones se relacionan con la protesta llevada adelante por activistas e integrantes de diversas organizaciones el s\u00e1bado pasado en el centro de la Ciudad de Cosqu\u00edn. All\u00ed, los manifestantes repudiaron la presencia del Intendente de la localidad Gabriel Musso, quien avala la obra de la Autov\u00eda sin realizar las consultas exigidas por las comunidades del Valle. <strong>Tom\u00e1ndose de ese hecho, el Poder Judicial ha comenzado un verdadero raid de imputaciones y detenciones<\/strong> a compa\u00f1eras y compa\u00f1eros que vienen luchando contra el avance de esta obra fara\u00f3nica, poniendo el cuerpo frente a las m\u00e1quinas y evitando el avance de las mismas desde hace meses.<\/p>\n\n\n\n<p>Los argumentos para la negativa a la realizaci\u00f3n de la obra han sido m\u00e1s que mentados por especialistas y vecinos\/as: la destrucci\u00f3n del ambiente, del patrimonio arqueol\u00f3gico y la amenaza de problemas con la provisi\u00f3n de agua potable a todo el Valle y la Ciudad de C\u00f3rdoba son solo algunas de las consecuencias m\u00e1s notables, entre tantas otras. Al no contar con la aprobaci\u00f3n de las comunidades, <strong>la \u00fanica licencia que tiene la obra es la Judicial <\/strong>que se maneja de la manera m\u00e1s brutal que pueda existir y con una parcialidad tal que recuerda a los funcionarios de la \u201cJusticia\u201d de las peores \u00e9pocas de nuestro pa\u00eds, cuando las militancias eran proscriptas, detenidas, perseguidas, con causas armadas, testigos truchos y toda otra artima\u00f1a que pueda existir con tal de hacer avanzar a los poderes econ\u00f3micos que pretenden, desde siempre, adue\u00f1arse de nuestra Patria.<\/p>\n\n\n\n<p>De todas formas, reforzamos nuestra posici\u00f3n: <strong>ning\u00fan circo judicial podr\u00e1 frenar la organizaci\u00f3n de nuestras comunidades -y de la clase trabajadora en su conjunto- que decide vivir en ambientes sanos<\/strong> y persistir en el control soberano de sus territorios y recursos para la vida digna y el buen vivir.<\/p>\n\n\n\n<p class=\"has-text-align-center\"><strong>Federico Giuliani<\/strong><br><em>Secretario General<\/em> <br><em>ATE y CTA-A Provincia de C\u00f3rdoba<\/em><\/p>\n\n\n<a href=\"https:\/\/atecordoba.org\/wp-content\/uploads\/2022\/08\/17-08-Comunicado-Punilla.pdf\" class=\"pdfemb-viewer\" style=\"\" data-width=\"max\" data-height=\"max\" data-toolbar=\"bottom\" data-toolbar-fixed=\"off\">17-08-Comunicado-Punilla<\/a>\n<p class=\"wp-block-pdfemb-pdf-embedder-viewer\"><\/p>\n","protected":false},"excerpt":{"rendered":"<p>La CTA-A de la Provincia de C\u00f3rdoba manifiesta su total repudio y se declara en Estado de Alerta ante los avasallamientos contra los Derechos Humanos y las garant\u00edas individuales y colectivas que se est\u00e1n perpetrando en el Valle de Punilla a partir de las arbitrarias detenciones e imputaciones a Defensores Ambientales por parte del Poder [&hellip;]<\/p>\n","protected":false},"author":6,"featured_media":33175,"comment_status":"open","ping_status":"open","sticky":false,"template":"","format":"standard","meta":{"_exactmetrics_skip_tracking":false,"_exactmetrics_sitenote_active":false,"_exactmetrics_sitenote_note":"","_exactmetrics_sitenote_category":0,"jnews-multi-image_gallery":[],"jnews_single_post":{"subtitle":"P\u00e9rez, 1er Vocal electo la semana pasada para la Comisi\u00f3n Ejecutiva Local (CEL) de la CTA-A Punilla, fue aprehendido hace unas horas en su casa por orden del Poder Judicial Provincial. Otros dos miembros electos tambi\u00e9n se suman a la lista de m\u00e1s de 10 imputados por las protestas contra el avance de la Autov\u00eda en Punilla.","format":"standard","video":"","gallery":"","source_name":"","source_url":"","via_name":"","via_url":"","override_template":"0","override":[{"template":"1","single_blog_custom":"","parallax":"1","fullscreen":"1","layout":"right-sidebar","sidebar":"default-sidebar","second_sidebar":"default-sidebar","sticky_sidebar":"1","share_position":"top","share_float_style":"share-monocrhome","show_share_counter":"1","show_view_counter":"1","show_featured":"1","show_post_meta":"1","show_post_author":"1","show_post_author_image":"1","show_post_date":"1","post_date_format":"default","post_date_format_custom":"Y\/m\/d","show_post_category":"1","show_post_reading_time":"0","post_reading_time_wpm":"300","show_zoom_button":"0","zoom_button_out_step":"2","zoom_button_in_step":"3","show_post_tag":"1","show_prev_next_post":"1","show_popup_post":"1","number_popup_post":"1","show_author_box":"0","show_post_related":"0","show_inline_post_related":"0"}],"override_image_size":"0","image_override":[{"single_post_thumbnail_size":"crop-500","single_post_gallery_size":"crop-500"}],"trending_post":"0","trending_post_position":"meta","trending_post_label":"Trending","sponsored_post":"0","sponsored_post_label":"Sponsored by","sponsored_post_name":"","sponsored_post_url":"","sponsored_post_logo_enable":"0","sponsored_post_logo":"","sponsored_post_desc":"","disable_ad":"0"},"jnews_primary_category":{"id":""},"jnews_social_meta":{"fb_title":"","fb_description":"","fb_image":"","twitter_title":"","twitter_description":"","twitter_image":""},"jnews_review":[],"enable_review":"0","type":"percentage","name":"","summary":"","brand":"","sku":"","good":[{"good_text":""}],"bad":[{"bad_text":""}],"score_override":"","override_value":"","rating":[{"rating_text":"","rating_number":"10"}],"price":[{"shop":"","price":"","link":"","icon":""}],"jnews_override_counter":{"override_view_counter":"0","view_counter_number":"0","override_share_counter":"0","share_counter_number":"0","override_like_counter":"0","like_counter_number":"0","override_dislike_counter":"0","dislike_counter_number":"0"},"jnews_post_split":{"enable_post_split":"0","post_split":[{"template":"1","tag":"h2","numbering":"asc","mode":"normal","first":"0","enable_toc":"0","toc_type":"normal"}]},"footnotes":""},"categories":[10,53,341],"tags":[],"class_list":["post-33172","post","type-post","status-publish","format-standard","has-post-thumbnail","hentry","category-accion-politica","category-comunicados-de-prensa","category-cdp"],"jetpack_featured_media_url":"https:\/\/atecordoba.org\/wp-content\/uploads\/2022\/08\/autovia-cosquin_38-cordoba_1613144152.jpg","_links":{"self":[{"href":"https:\/\/atecordoba.org\/index.php?rest_route=\/wp\/v2\/posts\/33172","targetHints":{"allow":["GET"]}}],"collection":[{"href":"https:\/\/atecordoba.org\/index.php?rest_route=\/wp\/v2\/posts"}],"about":[{"href":"https:\/\/atecordoba.org\/index.php?rest_route=\/wp\/v2\/types\/post"}],"author":[{"embeddable":true,"href":"https:\/\/atecordoba.org\/index.php?rest_route=\/wp\/v2\/users\/6"}],"replies":[{"embeddable":true,"href":"https:\/\/atecordoba.org\/index.php?rest_route=%2Fwp%2Fv2%2Fcomments&post=33172"}],"version-history":[{"count":4,"href":"https:\/\/atecordoba.org\/index.php?rest_route=\/wp\/v2\/posts\/33172\/revisions"}],"predecessor-version":[{"id":33189,"href":"https:\/\/atecordoba.org\/index.php?rest_route=\/wp\/v2\/posts\/33172\/revisions\/33189"}],"wp:featuredmedia":[{"embeddable":true,"href":"https:\/\/atecordoba.org\/index.php?rest_route=\/wp\/v2\/media\/33175"}],"wp:attachment":[{"href":"https:\/\/atecordoba.org\/index.php?rest_route=%2Fwp%2Fv2%2Fmedia&parent=33172"}],"wp:term":[{"taxonomy":"category","embeddable":true,"href":"https:\/\/atecordoba.org\/index.php?rest_route=%2Fwp%2Fv2%2Fcategories&post=33172"},{"taxonomy":"post_tag","embeddable":true,"href":"https:\/\/atecordoba.org\/index.php?rest_route=%2Fwp%2Fv2%2Ftags&post=33172"}],"curies":[{"name":"wp","href":"https:\/\/api.w.org\/{rel}","templated":true}]}}