{"id":33171,"date":"2022-08-17T15:16:52","date_gmt":"2022-08-17T18:16:52","guid":{"rendered":"https:\/\/atecordoba.org\/?p=33171"},"modified":"2022-08-17T16:03:42","modified_gmt":"2022-08-17T19:03:42","slug":"jorge-chalup-sobre-las-elecciones-en-la-ctaa-la-central-estara-abierta-para-todos-aquellos-nos-hayan-votado-o-no-que-crean-en-una-patria-que-contenga-a-todos","status":"publish","type":"post","link":"https:\/\/atecordoba.org\/?p=33171","title":{"rendered":"Jorge Chalup sobre las elecciones en la CTAA: &#8220;la Central estar\u00e1 abierta para todos aquellos, nos hayan votado o no, que crean en una patria que contenga a todos&#8221;"},"content":{"rendered":"\n<div class=\"wp-block-image\"><figure class=\"aligncenter size-full\"><img loading=\"lazy\" decoding=\"async\" width=\"719\" height=\"404\" src=\"https:\/\/atecordoba.org\/wp-content\/uploads\/2022\/08\/WhatsApp-Image-2022-08-17-at-2.11.34-PM.jpeg\" alt=\"\" class=\"wp-image-33176\" srcset=\"https:\/\/atecordoba.org\/wp-content\/uploads\/2022\/08\/WhatsApp-Image-2022-08-17-at-2.11.34-PM.jpeg 719w, https:\/\/atecordoba.org\/wp-content\/uploads\/2022\/08\/WhatsApp-Image-2022-08-17-at-2.11.34-PM-300x169.jpeg 300w\" sizes=\"auto, (max-width: 719px) 100vw, 719px\" \/><\/figure><\/div>\n\n\n\n<p>Jorge Chalup result\u00f3 el electo el jueves pasado como secretario General de la Regional C\u00f3rdoba Capital con el 88.3% de los votos. El compa\u00f1ero referente de la Agencia Territorial C\u00f3rdoba Ministerio de Trabajo de la Naci\u00f3n fue entrevistado por el programa radial Entre Todos y Todas, que emite la Secretar\u00eda de Prensa de ATE C\u00f3rdoba en GEN FM 107.5, para hacer un balance del proceso electoral.<\/p>\n\n\n\n<p>Chalup tendr\u00e1 mandato por cuatro a\u00f1os en el cargo y se declar\u00f3 &#8220;muy contento por la participaci\u00f3n de ATE y de otros sectores en esta elecci\u00f3n. La gran mayor\u00eda eligi\u00f3 este proyecto colectivo de la Lista 1, que encabeza a nivel provincial el compa\u00f1ero Federico Giuliani. Por eso decimos que esta elecci\u00f3n ratifica el rumbo marcado por el compa\u00f1ero: construcci\u00f3n de organizaci\u00f3n, poder popular y, sobre todo, de lucha en los distintos sectores&#8221;.<\/p>\n\n\n\n<div class=\"wp-block-image\"><figure class=\"alignleft size-large is-resized\"><img loading=\"lazy\" decoding=\"async\" src=\"https:\/\/atecordoba.org\/wp-content\/uploads\/2022\/08\/WhatsApp-Image-2022-08-17-at-2.11.34-PM-2-1024x576.jpeg\" alt=\"\" class=\"wp-image-33177\" width=\"512\" height=\"288\" srcset=\"https:\/\/atecordoba.org\/wp-content\/uploads\/2022\/08\/WhatsApp-Image-2022-08-17-at-2.11.34-PM-2-1024x576.jpeg 1024w, https:\/\/atecordoba.org\/wp-content\/uploads\/2022\/08\/WhatsApp-Image-2022-08-17-at-2.11.34-PM-2-300x169.jpeg 300w, https:\/\/atecordoba.org\/wp-content\/uploads\/2022\/08\/WhatsApp-Image-2022-08-17-at-2.11.34-PM-2-768x432.jpeg 768w, https:\/\/atecordoba.org\/wp-content\/uploads\/2022\/08\/WhatsApp-Image-2022-08-17-at-2.11.34-PM-2-750x422.jpeg 750w, https:\/\/atecordoba.org\/wp-content\/uploads\/2022\/08\/WhatsApp-Image-2022-08-17-at-2.11.34-PM-2-1140x641.jpeg 1140w, https:\/\/atecordoba.org\/wp-content\/uploads\/2022\/08\/WhatsApp-Image-2022-08-17-at-2.11.34-PM-2.jpeg 1280w\" sizes=\"auto, (max-width: 512px) 100vw, 512px\" \/><\/figure><\/div>\n\n\n\n<p>El dirigente evalu\u00f3 que la jornada electoral &#8220;sirvi\u00f3 como mensaje para un determinado sector que miente, que ofende y que le fue muy mal porque salieron terceros. Esa forma de hacer pol\u00edtica no va m\u00e1s para los afiliados de la Central. En cambio, hubo reconocimiento para los compa\u00f1eros que trabajan, que est\u00e1n en la calle, no para los que est\u00e1n sentados desde la oficina, los que tienen por \u00fanica militancia pegar un cartel o presentar notas. Es un mensaje para los dirigentes de la oposici\u00f3n, los dirigentes que integran la CTA y ATE que hay una nueva forma de hacer pol\u00edtica y que lo otro no va m\u00e1s, los afiliados no se la bancan&#8221;.<\/p>\n\n\n\n<p><strong>\u00bfQu\u00e9 perspectiva ten\u00e9s de cara al futuro en el marco de un acuerdo con el fondo de ajuste y el ataque que se ve a las organizaciones en general?<\/strong><\/p>\n\n\n\n<p>Jorge Chalup: Nosotros estamos con los compa\u00f1eros, vamos a estar en la calle dando las peleas que haya que dar. Resistimos durante el macrismo, contra sus pol\u00edticas de ajuste o lo que viene dise\u00f1ado desde una oficina en Washington, y ahora ser\u00e1 igual si las pol\u00edticas son de hambre para los sectores populares, de ajuste en el Estado, de concentraci\u00f3n de la riqueza. Ese es el lineamiento trazado, somos coherentes con lo que proponemos hace un mont\u00f3n de tiempo y eso no va a cambiar. <\/p>\n\n\n\n<p>Por otro lado, me parece que se vienen tiempos dif\u00edciles por lo que la unidad se va a dar en la calle y en la lucha, en la defensa de una vida digna. Ah\u00ed nos encontraremos con todos los compa\u00f1eros que se vean convocados por esos temas. Consideramos que la CTA es una herramienta m\u00e1s para la lucha contra los neoliberales y unas pol\u00edticas que solo trajeron a nuestro pueblo hambre y miseria.<\/p>\n\n\n\n<div class=\"wp-block-image\"><figure class=\"alignright size-large is-resized\"><img loading=\"lazy\" decoding=\"async\" src=\"https:\/\/atecordoba.org\/wp-content\/uploads\/2022\/08\/WhatsApp-Image-2022-08-17-at-2.59.13-PM-1024x1024.jpeg\" alt=\"\" class=\"wp-image-33179\" width=\"512\" height=\"512\" srcset=\"https:\/\/atecordoba.org\/wp-content\/uploads\/2022\/08\/WhatsApp-Image-2022-08-17-at-2.59.13-PM-1024x1024.jpeg 1024w, https:\/\/atecordoba.org\/wp-content\/uploads\/2022\/08\/WhatsApp-Image-2022-08-17-at-2.59.13-PM-300x300.jpeg 300w, https:\/\/atecordoba.org\/wp-content\/uploads\/2022\/08\/WhatsApp-Image-2022-08-17-at-2.59.13-PM-150x150.jpeg 150w, https:\/\/atecordoba.org\/wp-content\/uploads\/2022\/08\/WhatsApp-Image-2022-08-17-at-2.59.13-PM-768x768.jpeg 768w, https:\/\/atecordoba.org\/wp-content\/uploads\/2022\/08\/WhatsApp-Image-2022-08-17-at-2.59.13-PM-560x560.jpeg 560w, https:\/\/atecordoba.org\/wp-content\/uploads\/2022\/08\/WhatsApp-Image-2022-08-17-at-2.59.13-PM-75x75.jpeg 75w, https:\/\/atecordoba.org\/wp-content\/uploads\/2022\/08\/WhatsApp-Image-2022-08-17-at-2.59.13-PM-350x350.jpeg 350w, https:\/\/atecordoba.org\/wp-content\/uploads\/2022\/08\/WhatsApp-Image-2022-08-17-at-2.59.13-PM-750x750.jpeg 750w, https:\/\/atecordoba.org\/wp-content\/uploads\/2022\/08\/WhatsApp-Image-2022-08-17-at-2.59.13-PM.jpeg 1080w\" sizes=\"auto, (max-width: 512px) 100vw, 512px\" \/><\/figure><\/div>\n\n\n\n<p><strong>\u00bfQu\u00e9 particularidades tiene la Regional C\u00f3rdoba Capital con el amplio crecimiento en la organizaci\u00f3n territorial? \u00bfComo analiz\u00e1s las perspectivas de continuar creciendo?<\/strong><\/p>\n\n\n\n<p>J.C.: Con mucha expectativa, no solo por el trabajado realizado a partir de la FENAT, y ah\u00ed hay que reconocer el rol de la compa\u00f1era Susana Arribas y de la compa\u00f1era Silvia Alcoba, para ver como se puede articular lo territorial con lo gremial, sea p\u00fablico o privado. El desaf\u00edo es lograr esa articulaci\u00f3n.<\/p>\n\n\n\n<p>Tambi\u00e9n hay una apuesta para el crecimiento en el sector p\u00fablico, sobre todo en lo provincial que es donde m\u00e1s nos est\u00e1 costando, con una pol\u00edtica activa que nos debemos. Y en el sector privado, con gremios que defiendan a trabajadores y trabajadoras, como el CIS o SITRAIC que est\u00e1n haciendo un trabajo importante. Ser\u00e1 una apuesta para que logren tener la mayor representatividad en la medida que se defiendan los derechos de los laburantes. &nbsp;<\/p>\n\n\n\n<p>Tambi\u00e9n vamos a trabajar el tema de formaci\u00f3n, de DDHH. Esperemos que nos d\u00e9 el tiempo, hay un equipo para afrontar los desaf\u00edos.<\/p>\n\n\n\n<p><strong>Felicidades por el trabajo realizado y esperemos que sean cuatro a\u00f1os de mucha lucha.<\/strong><\/p>\n\n\n\n<p>J.C.: El 16 de agosto se cumpli\u00f3 un aniversario del fallecimiento en 2008 de un compa\u00f1ero comandante montonero que dec\u00eda que los sue\u00f1os no se sue\u00f1an sino que se construyen. Hoy tenemos un grupo de compa\u00f1eros con ganas de construir esos sue\u00f1os colectivos de una patria libre, justa y soberana, una patria que contenga a todos, una pa\u00eds que tenga una situaci\u00f3n de pleno empleo, donde no haya chicos que sufren hambre y que tengan las tres comidas diarias, y que tengan expectativa de un futuro.<\/p>\n\n\n\n<p>Por eso, cuando hablamos de construir una vida digna el objetivo es concretar ese sue\u00f1o a trav\u00e9s de la herramienta que es la organizaci\u00f3n sindical y trabajar en conjunto porque la salida no es individual sino colectiva.<\/p>\n\n\n\n<p>Aprovechamos para invitar a todos los compa\u00f1eros, la CTA va a estar abierta para todos aquellos, nos hayan votado o no, que crean en una patria que nos contenga a todos.&nbsp;<\/p>\n\n\n\n<figure class=\"wp-block-gallery has-nested-images columns-default is-cropped wp-block-gallery-1 is-layout-flex wp-block-gallery-is-layout-flex\">\n<figure class=\"wp-block-image size-large\"><a href=\"https:\/\/atecordoba.org\/wp-content\/uploads\/2022\/08\/WhatsApp-Image-2022-08-17-at-2.11.34-PM-4.jpeg\"><img loading=\"lazy\" decoding=\"async\" width=\"867\" height=\"636\" data-id=\"33182\" src=\"https:\/\/atecordoba.org\/wp-content\/uploads\/2022\/08\/WhatsApp-Image-2022-08-17-at-2.11.34-PM-4.jpeg\" alt=\"\" class=\"wp-image-33182\" srcset=\"https:\/\/atecordoba.org\/wp-content\/uploads\/2022\/08\/WhatsApp-Image-2022-08-17-at-2.11.34-PM-4.jpeg 867w, https:\/\/atecordoba.org\/wp-content\/uploads\/2022\/08\/WhatsApp-Image-2022-08-17-at-2.11.34-PM-4-300x220.jpeg 300w, https:\/\/atecordoba.org\/wp-content\/uploads\/2022\/08\/WhatsApp-Image-2022-08-17-at-2.11.34-PM-4-768x563.jpeg 768w, https:\/\/atecordoba.org\/wp-content\/uploads\/2022\/08\/WhatsApp-Image-2022-08-17-at-2.11.34-PM-4-750x550.jpeg 750w\" sizes=\"auto, (max-width: 867px) 100vw, 867px\" \/><\/a><\/figure>\n\n\n\n<figure class=\"wp-block-image size-large\"><a href=\"https:\/\/atecordoba.org\/wp-content\/uploads\/2022\/08\/WhatsApp-Image-2022-08-17-at-2.11.34-PM-1-1.jpeg\"><img loading=\"lazy\" decoding=\"async\" width=\"960\" height=\"720\" data-id=\"33180\" src=\"https:\/\/atecordoba.org\/wp-content\/uploads\/2022\/08\/WhatsApp-Image-2022-08-17-at-2.11.34-PM-1-1.jpeg\" alt=\"\" class=\"wp-image-33180\" srcset=\"https:\/\/atecordoba.org\/wp-content\/uploads\/2022\/08\/WhatsApp-Image-2022-08-17-at-2.11.34-PM-1-1.jpeg 960w, https:\/\/atecordoba.org\/wp-content\/uploads\/2022\/08\/WhatsApp-Image-2022-08-17-at-2.11.34-PM-1-1-300x225.jpeg 300w, https:\/\/atecordoba.org\/wp-content\/uploads\/2022\/08\/WhatsApp-Image-2022-08-17-at-2.11.34-PM-1-1-768x576.jpeg 768w, https:\/\/atecordoba.org\/wp-content\/uploads\/2022\/08\/WhatsApp-Image-2022-08-17-at-2.11.34-PM-1-1-750x563.jpeg 750w\" sizes=\"auto, (max-width: 960px) 100vw, 960px\" \/><\/a><\/figure>\n\n\n\n<figure class=\"wp-block-image size-large\"><a href=\"https:\/\/atecordoba.org\/wp-content\/uploads\/2022\/08\/WhatsApp-Image-2022-08-17-at-2.11.34-PM-3.jpeg\"><img loading=\"lazy\" decoding=\"async\" width=\"1024\" height=\"576\" data-id=\"33181\" src=\"https:\/\/atecordoba.org\/wp-content\/uploads\/2022\/08\/WhatsApp-Image-2022-08-17-at-2.11.34-PM-3-1024x576.jpeg\" alt=\"\" class=\"wp-image-33181\" srcset=\"https:\/\/atecordoba.org\/wp-content\/uploads\/2022\/08\/WhatsApp-Image-2022-08-17-at-2.11.34-PM-3-1024x576.jpeg 1024w, https:\/\/atecordoba.org\/wp-content\/uploads\/2022\/08\/WhatsApp-Image-2022-08-17-at-2.11.34-PM-3-300x169.jpeg 300w, https:\/\/atecordoba.org\/wp-content\/uploads\/2022\/08\/WhatsApp-Image-2022-08-17-at-2.11.34-PM-3-768x432.jpeg 768w, https:\/\/atecordoba.org\/wp-content\/uploads\/2022\/08\/WhatsApp-Image-2022-08-17-at-2.11.34-PM-3-750x422.jpeg 750w, https:\/\/atecordoba.org\/wp-content\/uploads\/2022\/08\/WhatsApp-Image-2022-08-17-at-2.11.34-PM-3-1140x641.jpeg 1140w, https:\/\/atecordoba.org\/wp-content\/uploads\/2022\/08\/WhatsApp-Image-2022-08-17-at-2.11.34-PM-3.jpeg 1280w\" sizes=\"auto, (max-width: 1024px) 100vw, 1024px\" \/><\/a><\/figure>\n<\/figure>\n\n\n\n<p><\/p>\n","protected":false},"excerpt":{"rendered":"<p>Jorge Chalup result\u00f3 el electo el jueves pasado como secretario General de la Regional C\u00f3rdoba Capital con el 88.3% de los votos. El compa\u00f1ero referente de la Agencia Territorial C\u00f3rdoba Ministerio de Trabajo de la Naci\u00f3n fue entrevistado por el programa radial Entre Todos y Todas, que emite la Secretar\u00eda de Prensa de ATE C\u00f3rdoba [&hellip;]<\/p>\n","protected":false},"author":7,"featured_media":33176,"comment_status":"open","ping_status":"open","sticky":false,"template":"","format":"standard","meta":{"_exactmetrics_skip_tracking":false,"_exactmetrics_sitenote_active":false,"_exactmetrics_sitenote_note":"","_exactmetrics_sitenote_category":0,"jnews-multi-image_gallery":[],"jnews_single_post":{"subtitle":"El referente se declar\u00f3 \"muy contento por la participaci\u00f3n de ATE y de otros sectores en esta elecci\u00f3n. La gran mayor\u00eda eligi\u00f3 este proyecto colectivo de la Lista 1, que encabeza a nivel provincial el compa\u00f1ero Federico Giuliani\".","format":"standard","video":"","gallery":"","source_name":"","source_url":"","via_name":"","via_url":"","override_template":"0","override":[{"template":"1","single_blog_custom":"","parallax":"1","fullscreen":"1","layout":"right-sidebar","sidebar":"default-sidebar","second_sidebar":"default-sidebar","sticky_sidebar":"1","share_position":"top","share_float_style":"share-monocrhome","show_share_counter":"1","show_view_counter":"1","show_featured":"1","show_post_meta":"1","show_post_author":"1","show_post_author_image":"1","show_post_date":"1","post_date_format":"default","post_date_format_custom":"Y\/m\/d","show_post_category":"1","show_post_reading_time":"0","post_reading_time_wpm":"300","show_zoom_button":"0","zoom_button_out_step":"2","zoom_button_in_step":"3","show_post_tag":"1","show_prev_next_post":"1","show_popup_post":"1","number_popup_post":"1","show_author_box":"0","show_post_related":"0","show_inline_post_related":"0"}],"override_image_size":"0","image_override":[{"single_post_thumbnail_size":"crop-500","single_post_gallery_size":"crop-500"}],"trending_post":"0","trending_post_position":"meta","trending_post_label":"Trending","sponsored_post":"0","sponsored_post_label":"Sponsored by","sponsored_post_name":"","sponsored_post_url":"","sponsored_post_logo_enable":"0","sponsored_post_logo":"","sponsored_post_desc":"","disable_ad":"0"},"jnews_primary_category":{"id":""},"jnews_social_meta":{"fb_title":"Elecciones en la CTAA: \"la Central estar\u00e1 abierta para todos aquellos, nos hayan votado o no, que crean en una patria que contenga a todos\"","fb_description":"","fb_image":"","twitter_title":"","twitter_description":"","twitter_image":""},"jnews_review":[],"enable_review":"0","type":"percentage","name":"","summary":"","brand":"","sku":"","good":[{"good_text":""}],"bad":[{"bad_text":""}],"score_override":"","override_value":"","rating":[{"rating_text":"","rating_number":"10"}],"price":[{"shop":"","price":"","link":"","icon":""}],"jnews_override_counter":{"override_view_counter":"0","view_counter_number":"0","override_share_counter":"0","share_counter_number":"0","override_like_counter":"0","like_counter_number":"0","override_dislike_counter":"0","dislike_counter_number":"0"},"jnews_post_split":{"enable_post_split":"0","post_split":[{"template":"1","tag":"h2","numbering":"asc","mode":"normal","first":"0","enable_toc":"0","toc_type":"normal"}]},"footnotes":""},"categories":[92],"tags":[1155,1188],"class_list":["post-33171","post","type-post","status-publish","format-standard","has-post-thumbnail","hentry","category-cta","tag-elecciones-ctaa","tag-regional-cordoba-capital"],"jetpack_featured_media_url":"https:\/\/atecordoba.org\/wp-content\/uploads\/2022\/08\/WhatsApp-Image-2022-08-17-at-2.11.34-PM.jpeg","_links":{"self":[{"href":"https:\/\/atecordoba.org\/index.php?rest_route=\/wp\/v2\/posts\/33171","targetHints":{"allow":["GET"]}}],"collection":[{"href":"https:\/\/atecordoba.org\/index.php?rest_route=\/wp\/v2\/posts"}],"about":[{"href":"https:\/\/atecordoba.org\/index.php?rest_route=\/wp\/v2\/types\/post"}],"author":[{"embeddable":true,"href":"https:\/\/atecordoba.org\/index.php?rest_route=\/wp\/v2\/users\/7"}],"replies":[{"embeddable":true,"href":"https:\/\/atecordoba.org\/index.php?rest_route=%2Fwp%2Fv2%2Fcomments&post=33171"}],"version-history":[{"count":2,"href":"https:\/\/atecordoba.org\/index.php?rest_route=\/wp\/v2\/posts\/33171\/revisions"}],"predecessor-version":[{"id":33190,"href":"https:\/\/atecordoba.org\/index.php?rest_route=\/wp\/v2\/posts\/33171\/revisions\/33190"}],"wp:featuredmedia":[{"embeddable":true,"href":"https:\/\/atecordoba.org\/index.php?rest_route=\/wp\/v2\/media\/33176"}],"wp:attachment":[{"href":"https:\/\/atecordoba.org\/index.php?rest_route=%2Fwp%2Fv2%2Fmedia&parent=33171"}],"wp:term":[{"taxonomy":"category","embeddable":true,"href":"https:\/\/atecordoba.org\/index.php?rest_route=%2Fwp%2Fv2%2Fcategories&post=33171"},{"taxonomy":"post_tag","embeddable":true,"href":"https:\/\/atecordoba.org\/index.php?rest_route=%2Fwp%2Fv2%2Ftags&post=33171"}],"curies":[{"name":"wp","href":"https:\/\/api.w.org\/{rel}","templated":true}]}}