{"id":33163,"date":"2022-08-17T12:34:35","date_gmt":"2022-08-17T15:34:35","guid":{"rendered":"https:\/\/atecordoba.org\/?p=33163"},"modified":"2022-08-17T12:34:39","modified_gmt":"2022-08-17T15:34:39","slug":"ate-educacion-se-movilizo-con-los-docentes-en-solidaridad-con-la-familia-de-karina-moyano","status":"publish","type":"post","link":"https:\/\/atecordoba.org\/?p=33163","title":{"rendered":"ATE Educaci\u00f3n se moviliz\u00f3 con los docentes en solidaridad con la familia de Karina Moyano"},"content":{"rendered":"\n<div class=\"wp-block-image\"><figure class=\"aligncenter size-full is-resized\"><img loading=\"lazy\" decoding=\"async\" src=\"https:\/\/atecordoba.org\/wp-content\/uploads\/2022\/08\/17-08-Movilizacion-ATE-Educacion4.jpg\" alt=\"\" class=\"wp-image-33164\" width=\"720\" height=\"542\" srcset=\"https:\/\/atecordoba.org\/wp-content\/uploads\/2022\/08\/17-08-Movilizacion-ATE-Educacion4.jpg 960w, https:\/\/atecordoba.org\/wp-content\/uploads\/2022\/08\/17-08-Movilizacion-ATE-Educacion4-300x226.jpg 300w, https:\/\/atecordoba.org\/wp-content\/uploads\/2022\/08\/17-08-Movilizacion-ATE-Educacion4-768x578.jpg 768w, https:\/\/atecordoba.org\/wp-content\/uploads\/2022\/08\/17-08-Movilizacion-ATE-Educacion4-750x565.jpg 750w\" sizes=\"auto, (max-width: 720px) 100vw, 720px\" \/><\/figure><\/div>\n\n\n\n<p>ATE Educaci\u00f3n estuvo presente ayer, frente al Patio Olmos, en solidaridad con la docente fallecida en el marco de una brutal situaci\u00f3n de acoso laboral, que denuncia la comunidad educativa, realizada por la directora de un establecimiento primario de C\u00f3rdoba Capital. <\/p>\n\n\n\n<p>Karina Moyano, de 38 a\u00f1os, falleci\u00f3 por neumon\u00eda y sufr\u00eda estr\u00e9s a causa del acoso de las autoridades que le imped\u00edan tomarse una licencia m\u00e9dica. <\/p>\n\n\n\n<p>Una multitud se moviliz\u00f3 ya que son gran cantidad las docentes que les ha tocado sufrir situaciones de mobbing. <\/p>\n\n\n\n<div class=\"wp-block-image\"><figure class=\"aligncenter size-large is-resized\"><img loading=\"lazy\" decoding=\"async\" src=\"https:\/\/atecordoba.org\/wp-content\/uploads\/2022\/08\/17-08-Movilizacion-ATE-Educacion-1024x462.jpg\" alt=\"\" class=\"wp-image-33165\" width=\"768\" height=\"347\" \/><\/figure><\/div>\n\n\n\n<p>El referente de ATE Diego Saurina explic\u00f3 la situaci\u00f3n, se\u00f1alando que &#8220;nos solidarizamos con la familia y podemos ver que el apoyo es masivo porque muchas docentes sufrieron situaciones similares. Las directoras presionan para que no se tomen licencias y a su vez son presionadas por inspectoras para que los establecimientos no tengan vacantes&#8221;.<\/p>\n\n\n\n<p>Y apunt\u00f3 a las autoridades provinciales porque &#8220;es situaci\u00f3n de profunda injusticia de una chica de 38 a\u00f1os. Estamos todos conmovidos, veremos desde ATE Educaci\u00f3n que medidas tomamos para seguir visibilizando y presionando al gobierno para que cambie las pol\u00edticas de trato con las docentes&#8221;.<\/p>\n\n\n\n<figure class=\"wp-block-gallery has-nested-images columns-default is-cropped wp-block-gallery-1 is-layout-flex wp-block-gallery-is-layout-flex\">\n<figure class=\"wp-block-image size-large\"><a href=\"https:\/\/atecordoba.org\/wp-content\/uploads\/2022\/08\/17-08-Movilizacion-ATE-Educacion3.jpg\"><img loading=\"lazy\" decoding=\"async\" width=\"960\" height=\"540\" data-id=\"33167\" src=\"https:\/\/atecordoba.org\/wp-content\/uploads\/2022\/08\/17-08-Movilizacion-ATE-Educacion3.jpg\" alt=\"\" class=\"wp-image-33167\" srcset=\"https:\/\/atecordoba.org\/wp-content\/uploads\/2022\/08\/17-08-Movilizacion-ATE-Educacion3.jpg 960w, https:\/\/atecordoba.org\/wp-content\/uploads\/2022\/08\/17-08-Movilizacion-ATE-Educacion3-300x169.jpg 300w, https:\/\/atecordoba.org\/wp-content\/uploads\/2022\/08\/17-08-Movilizacion-ATE-Educacion3-768x432.jpg 768w, https:\/\/atecordoba.org\/wp-content\/uploads\/2022\/08\/17-08-Movilizacion-ATE-Educacion3-750x422.jpg 750w\" sizes=\"auto, (max-width: 960px) 100vw, 960px\" \/><\/a><\/figure>\n\n\n\n<figure class=\"wp-block-image size-large\"><a href=\"https:\/\/atecordoba.org\/wp-content\/uploads\/2022\/08\/17-08-Movilizacion-ATE-Educacion2.jpg\"><img loading=\"lazy\" decoding=\"async\" width=\"960\" height=\"540\" data-id=\"33166\" src=\"https:\/\/atecordoba.org\/wp-content\/uploads\/2022\/08\/17-08-Movilizacion-ATE-Educacion2.jpg\" alt=\"\" class=\"wp-image-33166\" srcset=\"https:\/\/atecordoba.org\/wp-content\/uploads\/2022\/08\/17-08-Movilizacion-ATE-Educacion2.jpg 960w, https:\/\/atecordoba.org\/wp-content\/uploads\/2022\/08\/17-08-Movilizacion-ATE-Educacion2-300x169.jpg 300w, https:\/\/atecordoba.org\/wp-content\/uploads\/2022\/08\/17-08-Movilizacion-ATE-Educacion2-768x432.jpg 768w, https:\/\/atecordoba.org\/wp-content\/uploads\/2022\/08\/17-08-Movilizacion-ATE-Educacion2-750x422.jpg 750w\" sizes=\"auto, (max-width: 960px) 100vw, 960px\" \/><\/a><\/figure>\n<\/figure>\n","protected":false},"excerpt":{"rendered":"<p>ATE Educaci\u00f3n estuvo presente ayer, frente al Patio Olmos, en solidaridad con la docente fallecida en el marco de una brutal situaci\u00f3n de acoso laboral, que denuncia la comunidad educativa, realizada por la directora de un establecimiento primario de C\u00f3rdoba Capital. Karina Moyano, de 38 a\u00f1os, falleci\u00f3 por neumon\u00eda y sufr\u00eda estr\u00e9s a causa del [&hellip;]<\/p>\n","protected":false},"author":7,"featured_media":33165,"comment_status":"open","ping_status":"open","sticky":false,"template":"","format":"standard","meta":{"_exactmetrics_skip_tracking":false,"_exactmetrics_sitenote_active":false,"_exactmetrics_sitenote_note":"","_exactmetrics_sitenote_category":0,"jnews-multi-image_gallery":[],"jnews_single_post":{"subtitle":"La docente, de 38 a\u00f1os, falleci\u00f3 por neumon\u00eda y sufr\u00eda estr\u00e9s a causa del acoso de las autoridades que le imped\u00edan tomarse una licencia m\u00e9dica. ","format":"standard","video":"","gallery":"","source_name":"","source_url":"","via_name":"","via_url":"","override_template":"0","override":[{"template":"1","single_blog_custom":"","parallax":"1","fullscreen":"1","layout":"right-sidebar","sidebar":"default-sidebar","second_sidebar":"default-sidebar","sticky_sidebar":"1","share_position":"top","share_float_style":"share-monocrhome","show_share_counter":"1","show_view_counter":"1","show_featured":"1","show_post_meta":"1","show_post_author":"1","show_post_author_image":"1","show_post_date":"1","post_date_format":"default","post_date_format_custom":"Y\/m\/d","show_post_category":"1","show_post_reading_time":"0","post_reading_time_wpm":"300","show_zoom_button":"0","zoom_button_out_step":"2","zoom_button_in_step":"3","show_post_tag":"1","show_prev_next_post":"1","show_popup_post":"1","number_popup_post":"1","show_author_box":"0","show_post_related":"0","show_inline_post_related":"0"}],"override_image_size":"0","image_override":[{"single_post_thumbnail_size":"crop-500","single_post_gallery_size":"crop-500"}],"trending_post":"0","trending_post_position":"meta","trending_post_label":"Trending","sponsored_post":"0","sponsored_post_label":"Sponsored by","sponsored_post_name":"","sponsored_post_url":"","sponsored_post_logo_enable":"0","sponsored_post_logo":"","sponsored_post_desc":"","disable_ad":"0"},"jnews_primary_category":{"id":""},"jnews_social_meta":{"fb_title":"","fb_description":"","fb_image":"","twitter_title":"","twitter_description":"","twitter_image":""},"jnews_review":[],"enable_review":"0","type":"percentage","name":"","summary":"","brand":"","sku":"","good":[{"good_text":""}],"bad":[{"bad_text":""}],"score_override":"","override_value":"","rating":[{"rating_text":"","rating_number":"10"}],"price":[{"shop":"","price":"","link":"","icon":""}],"jnews_override_counter":{"override_view_counter":"0","view_counter_number":"0","override_share_counter":"0","share_counter_number":"0","override_like_counter":"0","like_counter_number":"0","override_dislike_counter":"0","dislike_counter_number":"0"},"jnews_post_split":{"enable_post_split":"0","post_split":[{"template":"1","tag":"h2","numbering":"asc","mode":"normal","first":"0","enable_toc":"0","toc_type":"normal"}]},"footnotes":""},"categories":[341,564,8],"tags":[368,1187,1103],"class_list":["post-33163","post","type-post","status-publish","format-standard","has-post-thumbnail","hentry","category-cdp","category-educacion","category-provinciales","tag-acoso-laboral","tag-karina-moyano","tag-violencia-y-acoso-en-el-trabajo"],"jetpack_featured_media_url":"https:\/\/atecordoba.org\/wp-content\/uploads\/2022\/08\/17-08-Movilizacion-ATE-Educacion-e1660750427855.jpg","_links":{"self":[{"href":"https:\/\/atecordoba.org\/index.php?rest_route=\/wp\/v2\/posts\/33163","targetHints":{"allow":["GET"]}}],"collection":[{"href":"https:\/\/atecordoba.org\/index.php?rest_route=\/wp\/v2\/posts"}],"about":[{"href":"https:\/\/atecordoba.org\/index.php?rest_route=\/wp\/v2\/types\/post"}],"author":[{"embeddable":true,"href":"https:\/\/atecordoba.org\/index.php?rest_route=\/wp\/v2\/users\/7"}],"replies":[{"embeddable":true,"href":"https:\/\/atecordoba.org\/index.php?rest_route=%2Fwp%2Fv2%2Fcomments&post=33163"}],"version-history":[{"count":1,"href":"https:\/\/atecordoba.org\/index.php?rest_route=\/wp\/v2\/posts\/33163\/revisions"}],"predecessor-version":[{"id":33168,"href":"https:\/\/atecordoba.org\/index.php?rest_route=\/wp\/v2\/posts\/33163\/revisions\/33168"}],"wp:featuredmedia":[{"embeddable":true,"href":"https:\/\/atecordoba.org\/index.php?rest_route=\/wp\/v2\/media\/33165"}],"wp:attachment":[{"href":"https:\/\/atecordoba.org\/index.php?rest_route=%2Fwp%2Fv2%2Fmedia&parent=33163"}],"wp:term":[{"taxonomy":"category","embeddable":true,"href":"https:\/\/atecordoba.org\/index.php?rest_route=%2Fwp%2Fv2%2Fcategories&post=33163"},{"taxonomy":"post_tag","embeddable":true,"href":"https:\/\/atecordoba.org\/index.php?rest_route=%2Fwp%2Fv2%2Ftags&post=33163"}],"curies":[{"name":"wp","href":"https:\/\/api.w.org\/{rel}","templated":true}]}}