{"id":3316,"date":"2013-09-24T17:01:53","date_gmt":"2013-09-24T20:01:53","guid":{"rendered":"http:\/\/www.atecordoba.org\/?p=3316"},"modified":"2013-09-24T17:01:53","modified_gmt":"2013-09-24T20:01:53","slug":"estado-de-alerta-y-movilizacion-en-la-provincia","status":"publish","type":"post","link":"https:\/\/atecordoba.org\/?p=3316","title":{"rendered":"Estado de alerta y movilizaci\u00f3n en la Provincia"},"content":{"rendered":"<p><em>El Concejo Directivo Provincial de ATE C\u00f3rdoba resolvi\u00f3 hoy declarar el estado de alerta y movilizaci\u00f3n en todo el \u00e1mbito del Estado Provincial, a consecuencia de la grave situaci\u00f3n que afronta el sistema sanitario p\u00fablico.<\/em><\/p>\n<p style=\"text-align: center;\"><a href=\"http:\/\/www.atecordoba.org\/wp-content\/uploads\/2013\/09\/frente.png\"><img loading=\"lazy\" decoding=\"async\" class=\" wp-image-3193 aligncenter\" alt=\"frente\" src=\"http:\/\/www.atecordoba.org\/wp-content\/uploads\/2013\/09\/frente.png\" width=\"560\" height=\"420\" \/><\/a><\/p>\n<p style=\"text-align: center;\">\n<p>Esto es resultado de las asambleas realizadas en diversos nosocomios a cargo del Ministerio de Salud de C\u00f3rdoba, donde los trabajadores expresaron su preocupaci\u00f3n, tanto en lo que respecta a las condiciones salariales y la falta de personal, como por la aparatolog\u00eda fuera de servicio en los distintos hospitales.<\/p>\n<p>En tal sentido, cabe se\u00f1alar que en el Hospital de Ni\u00f1os, los delegados de ATE denunciaron que ni el angi\u00f3grafo, ni equipo de radiolog\u00eda ni el broncofibroscopio se encuentran en funcionamiento, en tanto el aparato de c\u00e1mara gamma no cumple con todas sus prestaciones. A su turno, trabajadores del Hospital Pedi\u00e1trico detallaron que tampoco funcionan el equipo principal de rayos y el tom\u00f3grafo.<\/p>\n<p>Igual de grave es la situaci\u00f3n en el Hospital Tr\u00e1nsito C\u00e1ceres de Allende, centro de traumatolog\u00eda de referencia regional, donde no funciona uno de los dos aparatos de rayos disponible; el aparato revelador fue reemplazado por otro de car\u00e1cter \u2018h\u00edbrido\u2019 que funciona a medias. Tampoco est\u00e1 funcionando el ec\u00f3grafo (que carece de personal a cargo) en el centro de salud, que carece de tom\u00f3grafo y de resonador magn\u00e9tico. Ante la necesidad de utilizar cualquiera de estos aparatos, los pacientes se derivan en el 90% de los casos al sector privado (Oulton y Cl\u00ednica V\u00e9lez S\u00e1rsfield), configurando un gasto extra para el Estado provincial. Por \u00faltimo, el Tr\u00e1nsito carece de sistema digitalizado para los estudios, a diferencia de lo que sucede en el C\u00f3rdoba, Misericordia, San Roque Nuevo y de Ni\u00f1os.<\/p>\n<p>A este grave cuadro general, se suma que el Instituto Oncol\u00f3gico Provincial tiene roto el resonador magn\u00e9tico hace 3 meses.<\/p>\n<p>Por otro lado, los trabajadores reclaman la reapertura de la discusi\u00f3n salarial toda vez que el proceso inflacionario, que reconoce el propio gobierno provincial al cuestionar la gesti\u00f3n del Indec, viene socavando el poder adquisitivo de la escasa recomposici\u00f3n de haberes resuelta por la Provincia a principios de a\u00f1o.<\/p>\n<p>En consecuencia, ATE programa en lo sucesivo asambleas y cortes de calle, en reclamo de:<\/p>\n<ul>\n<li>Reapertura de discusi\u00f3n salarial<\/li>\n<li>Nombramiento de personal<\/li>\n<li>Pase a planta de los contratados y monotributistas<\/li>\n<li>Reparaci\u00f3n urgente de la aparatolog\u00eda existente,<\/li>\n<li>Compra de insumos y ropa de trabajo indispensables para el funcionamiento de los hospitales<\/li>\n<\/ul>\n<p>&nbsp;<\/p>\n<p align=\"right\">Mar\u00eda Teresa Romero<\/p>\n<p align=\"right\">Secretaria General<\/p>\n<p align=\"right\">ATE C\u00f3rdoba<\/p>\n","protected":false},"excerpt":{"rendered":"<p>El Concejo Directivo Provincial de ATE C\u00f3rdoba resolvi\u00f3 hoy declarar el estado de alerta y movilizaci\u00f3n en todo el \u00e1mbito del Estado Provincial, a consecuencia de la grave situaci\u00f3n que afronta el sistema sanitario p\u00fablico. Esto es resultado de las asambleas realizadas en diversos nosocomios a cargo del Ministerio de Salud de C\u00f3rdoba, donde los [&hellip;]<\/p>\n","protected":false},"author":1,"featured_media":19220,"comment_status":"open","ping_status":"open","sticky":false,"template":"","format":"standard","meta":{"_exactmetrics_skip_tracking":false,"_exactmetrics_sitenote_active":false,"_exactmetrics_sitenote_note":"","_exactmetrics_sitenote_category":0,"jnews-multi-image_gallery":[],"jnews_single_post":[],"jnews_primary_category":[],"jnews_social_meta":[],"jnews_review":[],"enable_review":"","type":"","name":"","summary":"","brand":"","sku":"","good":[],"bad":[],"score_override":"","override_value":"","rating":[],"price":[],"jnews_override_counter":[],"jnews_post_split":[],"footnotes":""},"categories":[53,8],"tags":[],"class_list":["post-3316","post","type-post","status-publish","format-standard","has-post-thumbnail","hentry","category-comunicados-de-prensa","category-provinciales"],"jetpack_featured_media_url":"https:\/\/atecordoba.org\/wp-content\/uploads\/2020\/05\/logo-nuevochico-e1561581322808.png","_links":{"self":[{"href":"https:\/\/atecordoba.org\/index.php?rest_route=\/wp\/v2\/posts\/3316","targetHints":{"allow":["GET"]}}],"collection":[{"href":"https:\/\/atecordoba.org\/index.php?rest_route=\/wp\/v2\/posts"}],"about":[{"href":"https:\/\/atecordoba.org\/index.php?rest_route=\/wp\/v2\/types\/post"}],"author":[{"embeddable":true,"href":"https:\/\/atecordoba.org\/index.php?rest_route=\/wp\/v2\/users\/1"}],"replies":[{"embeddable":true,"href":"https:\/\/atecordoba.org\/index.php?rest_route=%2Fwp%2Fv2%2Fcomments&post=3316"}],"version-history":[{"count":0,"href":"https:\/\/atecordoba.org\/index.php?rest_route=\/wp\/v2\/posts\/3316\/revisions"}],"wp:featuredmedia":[{"embeddable":true,"href":"https:\/\/atecordoba.org\/index.php?rest_route=\/wp\/v2\/media\/19220"}],"wp:attachment":[{"href":"https:\/\/atecordoba.org\/index.php?rest_route=%2Fwp%2Fv2%2Fmedia&parent=3316"}],"wp:term":[{"taxonomy":"category","embeddable":true,"href":"https:\/\/atecordoba.org\/index.php?rest_route=%2Fwp%2Fv2%2Fcategories&post=3316"},{"taxonomy":"post_tag","embeddable":true,"href":"https:\/\/atecordoba.org\/index.php?rest_route=%2Fwp%2Fv2%2Ftags&post=3316"}],"curies":[{"name":"wp","href":"https:\/\/api.w.org\/{rel}","templated":true}]}}