{"id":33158,"date":"2022-08-17T11:44:57","date_gmt":"2022-08-17T14:44:57","guid":{"rendered":"https:\/\/atecordoba.org\/?p=33158"},"modified":"2022-08-17T12:47:51","modified_gmt":"2022-08-17T15:47:51","slug":"muertes-en-el-neonatal-acompanamos-a-las-familias-en-el-dolor-y-pedimos-la-inmediata-renuncia-del-ministro-de-salud-cardozo","status":"publish","type":"post","link":"https:\/\/atecordoba.org\/?p=33158","title":{"rendered":"Muertes en el Neonatal: Acompa\u00f1amos a las familias en el dolor y pedimos la inmediata renuncia del Ministro de Salud Cardozo"},"content":{"rendered":"\n<div class=\"wp-block-image\"><figure class=\"aligncenter size-full is-resized\"><img loading=\"lazy\" decoding=\"async\" src=\"https:\/\/atecordoba.org\/wp-content\/uploads\/2022\/08\/bandera-neonatal-e1660747380248-edited.jpg\" alt=\"\" class=\"wp-image-33159\" width=\"618\" height=\"347\" srcset=\"https:\/\/atecordoba.org\/wp-content\/uploads\/2022\/08\/bandera-neonatal-e1660747380248-edited.jpg 383w, https:\/\/atecordoba.org\/wp-content\/uploads\/2022\/08\/bandera-neonatal-e1660747380248-edited-300x168.jpg 300w\" sizes=\"auto, (max-width: 618px) 100vw, 618px\" \/><\/figure><\/div>\n\n\n\n<p>El <strong>ocultamiento y tergiversaci\u00f3n de informaci\u00f3n p\u00fablica<\/strong> para aparentar un supuesto estado de \u201cnormalidad\u201d en un sistema de salud p\u00fablica que en la Provincia se cae a pedazos por DECISI\u00d3N del Gobierno de Juan Schiaretti, <strong>es algo a lo que la cartera del ministro Diego Cardozo nos tiene acostumbrados a los trabajadores y trabajadoras<\/strong>. Cada vez que solicitamos m\u00e1s personal en condiciones contractuales y salariales dignas para cumplir con los requerimientos de un sistema de salud a la altura de las necesidades de nuestro pueblo, la <strong>respuesta oficial ha sido la mentira, la manipulaci\u00f3n, la persecuci\u00f3n, con la clara intencionalidad de beneficiar al sistema privado de prestaciones de salud.<\/strong><\/p>\n\n\n\n<p>Hoy, <strong>ante los hechos de p\u00fablico conocimiento en el Hospital Materno Neonatal, nos toca lamentar las tr\u00e1gicas consecuencias de esta Pol\u00edtica de Estado de desmembramiento del sistema p\u00fablico de salud.<\/strong> Nuestra Provincia est\u00e1 repleta de funcionarios m\u00e1s preocupados en sus carreras pol\u00edticas personales que en hacer que las cosas funcionen como debieran y aqu\u00ed est\u00e1n las consecuencias. Por ello, porque todo esto podr\u00eda haberse evitado, es que acompa\u00f1amos en el dolor a esas familias que son nuestras familias usuarias del sistema y son tambi\u00e9n esas familias que atendemos a diario en nuestras instituciones p\u00fablicas. Por ese motivo, <strong>pedimos Justicia YA<\/strong>: que el Poder Judicial investigue sin ninguna tergiversaci\u00f3n ni alteraci\u00f3n ni dilaci\u00f3n en las pruebas y que, para que ello suceda, <strong>el ministro Cardozo RENUNCIE junto con los\/las responsables pol\u00edticos m\u00e1ximos del Ministerio.<\/strong><\/p>\n\n\n\n<p>Es tiempo de <strong>Justicia ante el dolor<\/strong> y <strong>Justicia Social para que nada de esto vuelva a ocurrir<\/strong>:<\/p>\n\n\n\n<ul class=\"wp-block-list\" style=\"font-size:16px\"><li>Justicia para las v\u00edctimas;<\/li><li>Salarios y condiciones de contrataci\u00f3n dignas para las y los trabajadores;<\/li><li>\u00a1Basta de recortes y de beneficiar a la salud privada!<\/li><li>El Gobierno es responsable<\/li><\/ul>\n\n\n\n<p class=\"has-text-align-center\"><strong><em>ATE C\u00d3RDOBA<\/em><\/strong><\/p>\n\n\n<a href=\"https:\/\/atecordoba.org\/wp-content\/uploads\/2022\/08\/17-08-Comunicado-Neonatal.pdf\" class=\"pdfemb-viewer\" style=\"\" data-width=\"max\" data-height=\"max\" data-toolbar=\"bottom\" data-toolbar-fixed=\"off\">17-08-Comunicado-Neonatal<\/a>\n<p class=\"wp-block-pdfemb-pdf-embedder-viewer\"><\/p>\n","protected":false},"excerpt":{"rendered":"<p>El ocultamiento y tergiversaci\u00f3n de informaci\u00f3n p\u00fablica para aparentar un supuesto estado de \u201cnormalidad\u201d en un sistema de salud p\u00fablica que en la Provincia se cae a pedazos por DECISI\u00d3N del Gobierno de Juan Schiaretti, es algo a lo que la cartera del ministro Diego Cardozo nos tiene acostumbrados a los trabajadores y trabajadoras. Cada [&hellip;]<\/p>\n","protected":false},"author":6,"featured_media":33159,"comment_status":"open","ping_status":"open","sticky":false,"template":"","format":"standard","meta":{"_exactmetrics_skip_tracking":false,"_exactmetrics_sitenote_active":false,"_exactmetrics_sitenote_note":"","_exactmetrics_sitenote_category":0,"jnews-multi-image_gallery":[],"jnews_single_post":{"subtitle":"ATE conden\u00f3 la \"pol\u00edtica de estado\" de ocultamiento y tergiversaci\u00f3n de informaci\u00f3n p\u00fablica y exigi\u00f3 por mejores condiciones de trabajo y contrataci\u00f3n para un sistema p\u00fablico de salud que funcione ya que en la actualidad, desde el Gobierno, hay una \"clara intencionalidad de beneficiar al sistema privado de prestaciones de salud\".","format":"standard","video":"","gallery":"","source_name":"","source_url":"","via_name":"","via_url":"","override_template":"0","override":[{"template":"1","single_blog_custom":"","parallax":"1","fullscreen":"1","layout":"right-sidebar","sidebar":"default-sidebar","second_sidebar":"default-sidebar","sticky_sidebar":"1","share_position":"top","share_float_style":"share-monocrhome","show_share_counter":"1","show_view_counter":"1","show_featured":"1","show_post_meta":"1","show_post_author":"1","show_post_author_image":"1","show_post_date":"1","post_date_format":"default","post_date_format_custom":"Y\/m\/d","show_post_category":"1","show_post_reading_time":"0","post_reading_time_wpm":"300","show_zoom_button":"0","zoom_button_out_step":"2","zoom_button_in_step":"3","show_post_tag":"1","show_prev_next_post":"1","show_popup_post":"1","number_popup_post":"1","show_author_box":"0","show_post_related":"0","show_inline_post_related":"0"}],"override_image_size":"0","image_override":[{"single_post_thumbnail_size":"crop-500","single_post_gallery_size":"crop-500"}],"trending_post":"0","trending_post_position":"meta","trending_post_label":"Trending","sponsored_post":"0","sponsored_post_label":"Sponsored by","sponsored_post_name":"","sponsored_post_url":"","sponsored_post_logo_enable":"0","sponsored_post_logo":"","sponsored_post_desc":"","disable_ad":"0"},"jnews_primary_category":{"id":""},"jnews_social_meta":{"fb_title":"","fb_description":"","fb_image":"","twitter_title":"","twitter_description":"","twitter_image":""},"jnews_review":[],"enable_review":"0","type":"percentage","name":"","summary":"","brand":"","sku":"","good":[{"good_text":""}],"bad":[{"bad_text":""}],"score_override":"","override_value":"","rating":[{"rating_text":"","rating_number":"10"}],"price":[{"shop":"","price":"","link":"","icon":""}],"jnews_override_counter":{"override_view_counter":"0","view_counter_number":"0","override_share_counter":"0","share_counter_number":"0","override_like_counter":"0","like_counter_number":"0","override_dislike_counter":"0","dislike_counter_number":"0"},"jnews_post_split":{"enable_post_split":"0","post_split":[{"template":"1","tag":"h2","numbering":"asc","mode":"normal","first":"0","enable_toc":"0","toc_type":"normal"}]},"footnotes":""},"categories":[53,341,8],"tags":[],"class_list":["post-33158","post","type-post","status-publish","format-standard","has-post-thumbnail","hentry","category-comunicados-de-prensa","category-cdp","category-provinciales"],"jetpack_featured_media_url":"https:\/\/atecordoba.org\/wp-content\/uploads\/2022\/08\/bandera-neonatal-e1660747380248-edited.jpg","_links":{"self":[{"href":"https:\/\/atecordoba.org\/index.php?rest_route=\/wp\/v2\/posts\/33158","targetHints":{"allow":["GET"]}}],"collection":[{"href":"https:\/\/atecordoba.org\/index.php?rest_route=\/wp\/v2\/posts"}],"about":[{"href":"https:\/\/atecordoba.org\/index.php?rest_route=\/wp\/v2\/types\/post"}],"author":[{"embeddable":true,"href":"https:\/\/atecordoba.org\/index.php?rest_route=\/wp\/v2\/users\/6"}],"replies":[{"embeddable":true,"href":"https:\/\/atecordoba.org\/index.php?rest_route=%2Fwp%2Fv2%2Fcomments&post=33158"}],"version-history":[{"count":3,"href":"https:\/\/atecordoba.org\/index.php?rest_route=\/wp\/v2\/posts\/33158\/revisions"}],"predecessor-version":[{"id":33170,"href":"https:\/\/atecordoba.org\/index.php?rest_route=\/wp\/v2\/posts\/33158\/revisions\/33170"}],"wp:featuredmedia":[{"embeddable":true,"href":"https:\/\/atecordoba.org\/index.php?rest_route=\/wp\/v2\/media\/33159"}],"wp:attachment":[{"href":"https:\/\/atecordoba.org\/index.php?rest_route=%2Fwp%2Fv2%2Fmedia&parent=33158"}],"wp:term":[{"taxonomy":"category","embeddable":true,"href":"https:\/\/atecordoba.org\/index.php?rest_route=%2Fwp%2Fv2%2Fcategories&post=33158"},{"taxonomy":"post_tag","embeddable":true,"href":"https:\/\/atecordoba.org\/index.php?rest_route=%2Fwp%2Fv2%2Ftags&post=33158"}],"curies":[{"name":"wp","href":"https:\/\/api.w.org\/{rel}","templated":true}]}}