{"id":33153,"date":"2022-08-17T10:57:27","date_gmt":"2022-08-17T13:57:27","guid":{"rendered":"https:\/\/atecordoba.org\/?p=33153"},"modified":"2022-08-17T10:59:54","modified_gmt":"2022-08-17T13:59:54","slug":"salud-el-hospital-de-ninos-y-la-maternidad-provincial-se-movilizan-manana-al-hombre-urbano-en-rechazo-de-la-pauta-salarial","status":"publish","type":"post","link":"https:\/\/atecordoba.org\/?p=33153","title":{"rendered":"Salud: el Hospital de Ni\u00f1os y la Maternidad Provincial se movilizan ma\u00f1ana al Hombre Urbano en rechazo de la pauta salarial"},"content":{"rendered":"\n<div class=\"wp-block-image\"><figure class=\"aligncenter size-large\"><img loading=\"lazy\" decoding=\"async\" width=\"1024\" height=\"768\" src=\"https:\/\/atecordoba.org\/wp-content\/uploads\/2022\/08\/WhatsApp-Image-2022-08-16-at-1.56.42-PM-1024x768.jpeg\" alt=\"\" class=\"wp-image-33154\" \/><\/figure><\/div>\n\n\n\n<p>En el marco de la actualizaci\u00f3n del segundo tramo de la paritaria provincial, el sector salud se viene expresando en rechazo de las propuestas que el gobierno de Schiaretti deja trascender en la prensa, en su b\u00fasqueda de un acuerdo con los gremios afines, planteando claramente una recomposici\u00f3n a la baja de los salarios provinciales que impacta brutalmente en los haberes del personal de los hospitales.<\/p>\n\n\n\n<p>Ayer, una asamblea llevada a cabo en la Maternidad Provincial -la tercera en la quincena- rechaz\u00f3 la pauta oficial, que se encuentra muy por debajo del \u00edndice inflacionario para este a\u00f1o e implica una reducci\u00f3n del ya alica\u00eddo poder adquisitivo de las y los trabajadores hospitalarios. <\/p>\n\n\n\n<p>Y resolvi\u00f3 movilizarse junto al Hospital de Ni\u00f1os al nudo vial del Hombre Urbano para dar a conocer el rechazo del personal a la pauta provincial.<\/p>\n\n\n\n<p>En tal sentido, el delegado de la Maternidad y referente del sector, Diego Saurina, explic\u00f3 la situaci\u00f3n en el programa de radio Entre Todos y Todas, que la Secretaria de Prensa de ATE C\u00f3rdoba emite cada martes en GEN FM 107.5.<\/p>\n\n\n\n<p>El dirigente se\u00f1al\u00f3 que &#8220;estamos muy enojados con el gobierno provincial y la burocracia del SEP y UEPC, porque si bien el gobierno mejor\u00f3 un poquitito la oferta salarial, sigue siendo absolutamente insuficiente. Hay una inflaci\u00f3n proyectadas del 90%, con suerte, que es mentirosa porque la que nos afecta a es la inflaci\u00f3n de los alimentos y esa subi\u00f3 mas del 100%. Decir que 70% es muy buen aumento para todo el a\u00f1o es falso, m\u00e1s teniendo en cuenta que le suman el bono, hay una contabilidad extra\u00f1a ah\u00ed. Se est\u00e1 generando mucha bronca en los hospitales y de a poco se est\u00e1 comenzando a reaccionar&#8221;.<\/p>\n\n\n\n<p>Adem\u00e1s Saurina advirti\u00f3 que la asamblea de la Maternidad &#8220;defini\u00f3 acompa\u00f1ar una propuesta del Hospital de Ni\u00f1os, para realizar una protesta en el nudo Vial del Hombre Urbano para visibilizar el conflicto&#8221;.<\/p>\n\n\n\n<p>&#8220;Si Schiaretti no mejora la oferta la paz social se va a terminar rompiendo y vamos a salir todos pelear por un salario que est\u00e9 por encima de la canasta familiar de 120 mil pesos. Porque, a su vez, el gobierno le sigue metiendo la mano en el bolsillo a los jubilados porque al poner tramos no remunerativos, como el bono, eso no se computa para el porcentaje que terminan cobrando los jubilados y as\u00ed se siguen deprimiendo los salarios de los activos y los haberes de los jubilados provinciales&#8221;, afirm\u00f3. <\/p>\n\n\n\n<p>La asamblea de la Maternidad reclam\u00f3 tambi\u00e9n que ATE y el resto de los gremios de la salud sean incluidos como paritarios representativos del sector. <\/p>\n\n\n\n<p><strong>Precarizaci\u00f3n<\/strong><\/p>\n\n\n\n<p>Por otro lado, pero en la misma l\u00ednea, Saurina se refiri\u00f3 a los anuncios sobre mejoras en los contratos y pases a planta permanente. &#8220;Estos cambios en el escalaf\u00f3n no tienen detalles concretos, se iban a aplicar para que impacte en una mejora de la oferta salarial, pasando tambi\u00e9n de contratos temporales a indefinidos y algunos pases a planta permanente, pero no se producen avances en eso hasta el momento. Son promesas que caen en el vac\u00edo porque nosotros queremos que tanto el personal comprendido en la ley 7233 y 7325 puedan realizar concursos concursos, que los trabajadores cubran las suplencias seg\u00fan las normas y que los contratos ingresen tambi\u00e9n por concurso como dice la ley&#8221;, asegur\u00f3.<\/p>\n\n\n\n<p>&#8220;La Provincia no quiere para que los compa\u00f1eros no tengan estabilidad laboral. Incluso creemos que se van a caer algunos contratos y eso nos tiene preocupados porque tenemos que defender cada puesto de trabajo&#8221;, concluy\u00f3.<\/p>\n","protected":false},"excerpt":{"rendered":"<p>En el marco de la actualizaci\u00f3n del segundo tramo de la paritaria provincial, el sector salud se viene expresando en rechazo de las propuestas que el gobierno de Schiaretti deja trascender en la prensa, en su b\u00fasqueda de un acuerdo con los gremios afines, planteando claramente una recomposici\u00f3n a la baja de los salarios provinciales [&hellip;]<\/p>\n","protected":false},"author":7,"featured_media":33154,"comment_status":"open","ping_status":"open","sticky":false,"template":"","format":"standard","meta":{"_exactmetrics_skip_tracking":false,"_exactmetrics_sitenote_active":false,"_exactmetrics_sitenote_note":"","_exactmetrics_sitenote_category":0,"jnews-multi-image_gallery":[],"jnews_single_post":{"subtitle":"Las asamblea de ambos centros de salud invitaron a otros hospitales a participar de la protesta.","format":"standard","video":"","gallery":"","source_name":"","source_url":"","via_name":"","via_url":"","override_template":"0","override":[{"template":"1","single_blog_custom":"","parallax":"1","fullscreen":"1","layout":"right-sidebar","sidebar":"default-sidebar","second_sidebar":"default-sidebar","sticky_sidebar":"1","share_position":"top","share_float_style":"share-monocrhome","show_share_counter":"1","show_view_counter":"1","show_featured":"1","show_post_meta":"1","show_post_author":"1","show_post_author_image":"1","show_post_date":"1","post_date_format":"default","post_date_format_custom":"Y\/m\/d","show_post_category":"1","show_post_reading_time":"0","post_reading_time_wpm":"300","show_zoom_button":"0","zoom_button_out_step":"2","zoom_button_in_step":"3","show_post_tag":"1","show_prev_next_post":"1","show_popup_post":"1","number_popup_post":"1","show_author_box":"0","show_post_related":"0","show_inline_post_related":"0"}],"override_image_size":"0","image_override":[{"single_post_thumbnail_size":"crop-500","single_post_gallery_size":"crop-500"}],"trending_post":"0","trending_post_position":"meta","trending_post_label":"Trending","sponsored_post":"0","sponsored_post_label":"Sponsored by","sponsored_post_name":"","sponsored_post_url":"","sponsored_post_logo_enable":"0","sponsored_post_logo":"","sponsored_post_desc":"","disable_ad":"0"},"jnews_primary_category":{"id":""},"jnews_social_meta":{"fb_title":"","fb_description":"","fb_image":"","twitter_title":"","twitter_description":"","twitter_image":""},"jnews_review":[],"enable_review":"0","type":"percentage","name":"","summary":"","brand":"","sku":"","good":[{"good_text":""}],"bad":[{"bad_text":""}],"score_override":"","override_value":"","rating":[{"rating_text":"","rating_number":"10"}],"price":[{"shop":"","price":"","link":"","icon":""}],"jnews_override_counter":{"override_view_counter":"0","view_counter_number":"0","override_share_counter":"0","share_counter_number":"0","override_like_counter":"0","like_counter_number":"0","override_dislike_counter":"0","dislike_counter_number":"0"},"jnews_post_split":{"enable_post_split":"0","post_split":[{"template":"1","tag":"h2","numbering":"asc","mode":"normal","first":"0","enable_toc":"0","toc_type":"normal"}]},"footnotes":""},"categories":[8],"tags":[436,365,508],"class_list":["post-33153","post","type-post","status-publish","format-standard","has-post-thumbnail","hentry","category-provinciales","tag-equipo-de-salud-provincial","tag-hospital-de-ninos","tag-maternidad-provincial"],"jetpack_featured_media_url":"https:\/\/atecordoba.org\/wp-content\/uploads\/2022\/08\/WhatsApp-Image-2022-08-16-at-1.56.42-PM-e1660744635805.jpeg","_links":{"self":[{"href":"https:\/\/atecordoba.org\/index.php?rest_route=\/wp\/v2\/posts\/33153","targetHints":{"allow":["GET"]}}],"collection":[{"href":"https:\/\/atecordoba.org\/index.php?rest_route=\/wp\/v2\/posts"}],"about":[{"href":"https:\/\/atecordoba.org\/index.php?rest_route=\/wp\/v2\/types\/post"}],"author":[{"embeddable":true,"href":"https:\/\/atecordoba.org\/index.php?rest_route=\/wp\/v2\/users\/7"}],"replies":[{"embeddable":true,"href":"https:\/\/atecordoba.org\/index.php?rest_route=%2Fwp%2Fv2%2Fcomments&post=33153"}],"version-history":[{"count":2,"href":"https:\/\/atecordoba.org\/index.php?rest_route=\/wp\/v2\/posts\/33153\/revisions"}],"predecessor-version":[{"id":33157,"href":"https:\/\/atecordoba.org\/index.php?rest_route=\/wp\/v2\/posts\/33153\/revisions\/33157"}],"wp:featuredmedia":[{"embeddable":true,"href":"https:\/\/atecordoba.org\/index.php?rest_route=\/wp\/v2\/media\/33154"}],"wp:attachment":[{"href":"https:\/\/atecordoba.org\/index.php?rest_route=%2Fwp%2Fv2%2Fmedia&parent=33153"}],"wp:term":[{"taxonomy":"category","embeddable":true,"href":"https:\/\/atecordoba.org\/index.php?rest_route=%2Fwp%2Fv2%2Fcategories&post=33153"},{"taxonomy":"post_tag","embeddable":true,"href":"https:\/\/atecordoba.org\/index.php?rest_route=%2Fwp%2Fv2%2Ftags&post=33153"}],"curies":[{"name":"wp","href":"https:\/\/api.w.org\/{rel}","templated":true}]}}