{"id":33149,"date":"2022-08-17T10:13:35","date_gmt":"2022-08-17T13:13:35","guid":{"rendered":"https:\/\/atecordoba.org\/?p=33149"},"modified":"2022-08-17T10:13:36","modified_gmt":"2022-08-17T13:13:36","slug":"reincorporacion-inmediata-del-companero-despedido-en-la-empresa-tantal-de-rio-tercero","status":"publish","type":"post","link":"https:\/\/atecordoba.org\/?p=33149","title":{"rendered":"Reincorporaci\u00f3n INMEDIATA del compa\u00f1ero despedido en la empresa TANTAL de R\u00edo Tercero"},"content":{"rendered":"\n<div class=\"wp-block-image\"><figure class=\"aligncenter size-large\"><img loading=\"lazy\" decoding=\"async\" width=\"1024\" height=\"576\" src=\"https:\/\/atecordoba.org\/wp-content\/uploads\/2022\/08\/Quimicos-Tantal-1024x576.jpg\" alt=\"\" class=\"wp-image-33151\" srcset=\"https:\/\/atecordoba.org\/wp-content\/uploads\/2022\/08\/Quimicos-Tantal-1024x576.jpg 1024w, https:\/\/atecordoba.org\/wp-content\/uploads\/2022\/08\/Quimicos-Tantal-300x169.jpg 300w, https:\/\/atecordoba.org\/wp-content\/uploads\/2022\/08\/Quimicos-Tantal-768x432.jpg 768w, https:\/\/atecordoba.org\/wp-content\/uploads\/2022\/08\/Quimicos-Tantal-1536x864.jpg 1536w, https:\/\/atecordoba.org\/wp-content\/uploads\/2022\/08\/Quimicos-Tantal-750x422.jpg 750w, https:\/\/atecordoba.org\/wp-content\/uploads\/2022\/08\/Quimicos-Tantal-1140x641.jpg 1140w, https:\/\/atecordoba.org\/wp-content\/uploads\/2022\/08\/Quimicos-Tantal.jpg 2048w\" sizes=\"auto, (max-width: 1024px) 100vw, 1024px\" \/><figcaption>Trabajadores del SPIQyP en Asamblea en el port\u00f3n de Tantal.<\/figcaption><\/figure><\/div>\n\n\n\n<p>La Asociaci\u00f3n de Trabajadoras\/es del Estado (ATE) y la Central de Trabajadoras\/es de la Argentina Aut\u00f3noma (CTA-A) de la Provincia de C\u00f3rdoba se solidarizan con el reclamo del Sindicato del Personal de las Industrias Qu\u00edmicas y Petroqu\u00edmicas (SPIQyP) de R\u00edo Tercero ante el despido de un trabajador realizado ayer por la empresa Tantal de Santa Rosa de Calamuchita y se declaran en &#8220;Estado de Alerta&#8221; hasta que se produzca la reinstalaci\u00f3n del compa\u00f1ero en su lugar de trabajo.<\/p>\n\n\n\n<p>Esta maniobra perversa e intimidatoria va en perjuicio del conjunto de las y los trabajadores Qu\u00edmicos y Petroqu\u00edmicos (en un principio) y contra la clase trabajadora en su conjunto toda vez que un despido sin causa debilita al conjunto de las luchas por la recomposici\u00f3n de las fuentes laborales y los salarios dignos.<\/p>\n\n\n\n<p>Entendiendo esto, el SPIQyP organiz\u00f3, en el port\u00f3n del establecimiento, una asamblea con trabajadores y trabajadoras: la misma resolvi\u00f3 la realizaci\u00f3n de un paro hasta que el compa\u00f1ero vuelva como corresponde a su puesto de trabajo.<\/p>\n\n\n\n<p>Desde ATE y la CTA-A de la Provincia de C\u00f3rdoba ratificamos la unidad de los trabajadores qu\u00edmicos y petroqu\u00edmicos con las y los trabajadores Estatales y todos aquellos que conformamos los gremios privados y espacios barriales y comunitarios de la CTA-A de la Provincia. En ese marco, nos declaramos EN ALERTA en apoyo y solidaridad con todos los compa\u00f1eros y compa\u00f1eras de Tantal organizados en el SPIQyP de R\u00edo Tercero.<\/p>\n\n\n\n<p>Advertimos a la patronal que si no reincorporan al trabajador (no \u201ccolaborador\u201d como nos denominan en su p\u00e1gina) lo \u00fanico que conseguir\u00e1n es que el conflicto escale con las solidaridades de todo el movimiento obrero, situaci\u00f3n totalmente evitable a la que no deseamos llegar pero a la que estamos totalmente dispuestos si persisten en el amedrentamiento de nuestros compa\u00f1eros.<\/p>\n\n\n\n<p class=\"has-text-align-center\"><strong>Federico Giuliani<\/strong> <br><em>Secretario General<\/em> <br><em>ATE y CTA-A Provincia de C\u00f3rdoba<\/em><\/p>\n\n\n<a href=\"https:\/\/atecordoba.org\/wp-content\/uploads\/2022\/08\/17-08-Comunicado-Solidaridad-SPIQyP-Rio-III.pdf\" class=\"pdfemb-viewer\" style=\"\" data-width=\"max\" data-height=\"max\" data-toolbar=\"bottom\" data-toolbar-fixed=\"off\">17-08-Comunicado-Solidaridad-SPIQyP-Rio-III<\/a>\n<p class=\"wp-block-pdfemb-pdf-embedder-viewer\"><\/p>\n","protected":false},"excerpt":{"rendered":"<p>La Asociaci\u00f3n de Trabajadoras\/es del Estado (ATE) y la Central de Trabajadoras\/es de la Argentina Aut\u00f3noma (CTA-A) de la Provincia de C\u00f3rdoba se solidarizan con el reclamo del Sindicato del Personal de las Industrias Qu\u00edmicas y Petroqu\u00edmicas (SPIQyP) de R\u00edo Tercero ante el despido de un trabajador realizado ayer por la empresa Tantal de Santa [&hellip;]<\/p>\n","protected":false},"author":6,"featured_media":33151,"comment_status":"open","ping_status":"open","sticky":false,"template":"","format":"standard","meta":{"_exactmetrics_skip_tracking":false,"_exactmetrics_sitenote_active":false,"_exactmetrics_sitenote_note":"","_exactmetrics_sitenote_category":0,"jnews-multi-image_gallery":[],"jnews_single_post":{"subtitle":"ATE y la CTAA manifestaron su solidaridad con el Sindicato del Personal de las Industrias Qu\u00edmicas y Petroqu\u00edmicas (SPIQyP) de R\u00edo Tercero y se declara en \"Estado de Alerta\" hasta que se produzca la reincorporaci\u00f3n.","format":"standard","video":"","gallery":"","source_name":"","source_url":"","via_name":"","via_url":"","override_template":"0","override":[{"template":"1","single_blog_custom":"","parallax":"1","fullscreen":"1","layout":"right-sidebar","sidebar":"default-sidebar","second_sidebar":"default-sidebar","sticky_sidebar":"1","share_position":"top","share_float_style":"share-monocrhome","show_share_counter":"1","show_view_counter":"1","show_featured":"1","show_post_meta":"1","show_post_author":"1","show_post_author_image":"1","show_post_date":"1","post_date_format":"default","post_date_format_custom":"Y\/m\/d","show_post_category":"1","show_post_reading_time":"0","post_reading_time_wpm":"300","show_zoom_button":"0","zoom_button_out_step":"2","zoom_button_in_step":"3","show_post_tag":"1","show_prev_next_post":"1","show_popup_post":"1","number_popup_post":"1","show_author_box":"0","show_post_related":"0","show_inline_post_related":"0"}],"override_image_size":"0","image_override":[{"single_post_thumbnail_size":"crop-500","single_post_gallery_size":"crop-500"}],"trending_post":"0","trending_post_position":"meta","trending_post_label":"Trending","sponsored_post":"0","sponsored_post_label":"Sponsored by","sponsored_post_name":"","sponsored_post_url":"","sponsored_post_logo_enable":"0","sponsored_post_logo":"","sponsored_post_desc":"","disable_ad":"0"},"jnews_primary_category":{"id":""},"jnews_social_meta":{"fb_title":"","fb_description":"","fb_image":"","twitter_title":"","twitter_description":"","twitter_image":""},"jnews_review":[],"enable_review":"0","type":"percentage","name":"","summary":"","brand":"","sku":"","good":[{"good_text":""}],"bad":[{"bad_text":""}],"score_override":"","override_value":"","rating":[{"rating_text":"","rating_number":"10"}],"price":[{"shop":"","price":"","link":"","icon":""}],"jnews_override_counter":{"override_view_counter":"0","view_counter_number":"0","override_share_counter":"0","share_counter_number":"0","override_like_counter":"0","like_counter_number":"0","override_dislike_counter":"0","dislike_counter_number":"0"},"jnews_post_split":{"enable_post_split":"0","post_split":[{"template":"1","tag":"h2","numbering":"asc","mode":"normal","first":"0","enable_toc":"0","toc_type":"normal"}]},"footnotes":""},"categories":[53,92],"tags":[],"class_list":["post-33149","post","type-post","status-publish","format-standard","has-post-thumbnail","hentry","category-comunicados-de-prensa","category-cta"],"jetpack_featured_media_url":"https:\/\/atecordoba.org\/wp-content\/uploads\/2022\/08\/Quimicos-Tantal.jpg","_links":{"self":[{"href":"https:\/\/atecordoba.org\/index.php?rest_route=\/wp\/v2\/posts\/33149","targetHints":{"allow":["GET"]}}],"collection":[{"href":"https:\/\/atecordoba.org\/index.php?rest_route=\/wp\/v2\/posts"}],"about":[{"href":"https:\/\/atecordoba.org\/index.php?rest_route=\/wp\/v2\/types\/post"}],"author":[{"embeddable":true,"href":"https:\/\/atecordoba.org\/index.php?rest_route=\/wp\/v2\/users\/6"}],"replies":[{"embeddable":true,"href":"https:\/\/atecordoba.org\/index.php?rest_route=%2Fwp%2Fv2%2Fcomments&post=33149"}],"version-history":[{"count":1,"href":"https:\/\/atecordoba.org\/index.php?rest_route=\/wp\/v2\/posts\/33149\/revisions"}],"predecessor-version":[{"id":33152,"href":"https:\/\/atecordoba.org\/index.php?rest_route=\/wp\/v2\/posts\/33149\/revisions\/33152"}],"wp:featuredmedia":[{"embeddable":true,"href":"https:\/\/atecordoba.org\/index.php?rest_route=\/wp\/v2\/media\/33151"}],"wp:attachment":[{"href":"https:\/\/atecordoba.org\/index.php?rest_route=%2Fwp%2Fv2%2Fmedia&parent=33149"}],"wp:term":[{"taxonomy":"category","embeddable":true,"href":"https:\/\/atecordoba.org\/index.php?rest_route=%2Fwp%2Fv2%2Fcategories&post=33149"},{"taxonomy":"post_tag","embeddable":true,"href":"https:\/\/atecordoba.org\/index.php?rest_route=%2Fwp%2Fv2%2Ftags&post=33149"}],"curies":[{"name":"wp","href":"https:\/\/api.w.org\/{rel}","templated":true}]}}