{"id":33140,"date":"2022-08-16T15:32:27","date_gmt":"2022-08-16T18:32:27","guid":{"rendered":"https:\/\/atecordoba.org\/?p=33140"},"modified":"2022-08-17T09:36:33","modified_gmt":"2022-08-17T12:36:33","slug":"criminalizacion-de-la-protesta-solidaridad-con-la-delegada-de-ate-marcela-martin-imputan-por-una-manifestacion-en-cosquin","status":"publish","type":"post","link":"https:\/\/atecordoba.org\/?p=33140","title":{"rendered":"Criminalizaci\u00f3n de la protesta: solidaridad con la delegada de ATE Marcela Mart\u00edn imputada por una manifestaci\u00f3n en Cosqu\u00edn"},"content":{"rendered":"\n<div class=\"wp-block-image\"><figure class=\"aligncenter size-large is-resized\"><img loading=\"lazy\" decoding=\"async\" src=\"https:\/\/atecordoba.org\/wp-content\/uploads\/2022\/08\/autovia-cosquin-1024x576.jpg\" alt=\"\" class=\"wp-image-33141\" width=\"768\" height=\"432\" \/><\/figure><\/div>\n\n\n\n<p>En el marco del conflicto ambiental que envuelve al Valle de Punilla, a partir del proyecto de Autov\u00eda que impone el gobierno de Schiaretti, el s\u00e1bado se produjo una protesta en el centro de Cosqu\u00edn donde activistas e integrantes de diversas organizaciones repudiaron la presencia del Intendente de la localidad, Gabriel Musso. <\/p>\n\n\n\n<p>En la oportunidad, las y los manifestantes repudiaron la pol\u00edtica de la municipalidad de avalar la obra faraonica que afectar\u00e1 fuertemente las cuencas h\u00eddricas del valle de Punilla, yacimientos arqueol\u00f3gicos y grandes zonas del disminuido bosque nativo. <\/p>\n\n\n\n<p>Entre las manifestantes se encontraba la delegada de ATE de Colonia Santa Mar\u00eda, Marcela Mart\u00edn, que hoy fue notificada de la imputaci\u00f3n en su contra. <\/p>\n\n\n\n<p>Desde ATE C\u00f3rdoba expresamos nuestra solidaridad con la compa\u00f1era delegada y exhortamos al poder judicial provincial a detener esta carrera desenfrenada por judicializar la protesta social, mientras hace caso omiso al tratamiento de todas las denuncias judiciales que proponen las asambleas ambientales para que se deje de afectar el medio ambiente en C\u00f3rdoba. <\/p>\n\n\n\n<p>Es una muestra de profundo cinismo que mientras la justicia se muestra muy r\u00e1pida para imputar a militantes populares, se cajonea la medida cautelar presentada para evitar la continuidad de una obra como la Autov\u00eda, que no cuenta con la necesaria licencia social. <\/p>\n\n\n\n<p class=\"has-text-align-center\">Federico Giuliani <\/p>\n\n\n\n<p class=\"has-text-align-center\">Secretario General<\/p>\n","protected":false},"excerpt":{"rendered":"<p>En el marco del conflicto ambiental que envuelve al Valle de Punilla, a partir del proyecto de Autov\u00eda que impone el gobierno de Schiaretti, el s\u00e1bado se produjo una protesta en el centro de Cosqu\u00edn donde activistas e integrantes de diversas organizaciones repudiaron la presencia del Intendente de la localidad, Gabriel Musso. En la oportunidad, [&hellip;]<\/p>\n","protected":false},"author":7,"featured_media":33141,"comment_status":"open","ping_status":"open","sticky":false,"template":"","format":"standard","meta":{"_exactmetrics_skip_tracking":false,"_exactmetrics_sitenote_active":false,"_exactmetrics_sitenote_note":"","_exactmetrics_sitenote_category":0,"jnews-multi-image_gallery":[],"jnews_single_post":{"subtitle":"Mientras la justicia se muestra muy r\u00e1pidas para imputar a militantes populares, se cajonea la medida cautelar presentada para evitar la continuidad de una obra como la Autov\u00eda, que no cuenta con la necesaria licencia social. ","format":"standard","video":"","gallery":"","source_name":"","source_url":"","via_name":"","via_url":"","override_template":"0","override":[{"template":"1","single_blog_custom":"","parallax":"1","fullscreen":"1","layout":"right-sidebar","sidebar":"default-sidebar","second_sidebar":"default-sidebar","sticky_sidebar":"1","share_position":"top","share_float_style":"share-monocrhome","show_share_counter":"1","show_view_counter":"1","show_featured":"1","show_post_meta":"1","show_post_author":"1","show_post_author_image":"1","show_post_date":"1","post_date_format":"default","post_date_format_custom":"Y\/m\/d","show_post_category":"1","show_post_reading_time":"0","post_reading_time_wpm":"300","show_zoom_button":"0","zoom_button_out_step":"2","zoom_button_in_step":"3","show_post_tag":"1","show_prev_next_post":"1","show_popup_post":"1","number_popup_post":"1","show_author_box":"0","show_post_related":"0","show_inline_post_related":"0"}],"override_image_size":"0","image_override":[{"single_post_thumbnail_size":"crop-500","single_post_gallery_size":"crop-500"}],"trending_post":"0","trending_post_position":"meta","trending_post_label":"Trending","sponsored_post":"0","sponsored_post_label":"Sponsored by","sponsored_post_name":"","sponsored_post_url":"","sponsored_post_logo_enable":"0","sponsored_post_logo":"","sponsored_post_desc":"","disable_ad":"0"},"jnews_primary_category":{"id":""},"jnews_social_meta":{"fb_title":"","fb_description":"","fb_image":"","twitter_title":"","twitter_description":"","twitter_image":""},"jnews_review":[],"enable_review":"0","type":"percentage","name":"","summary":"","brand":"","sku":"","good":[{"good_text":""}],"bad":[{"bad_text":""}],"score_override":"","override_value":"","rating":[{"rating_text":"","rating_number":"10"}],"price":[{"shop":"","price":"","link":"","icon":""}],"jnews_override_counter":{"override_view_counter":"0","view_counter_number":"0","override_share_counter":"0","share_counter_number":"0","override_like_counter":"0","like_counter_number":"0","override_dislike_counter":"0","dislike_counter_number":"0"},"jnews_post_split":{"enable_post_split":"0","post_split":[{"template":"1","tag":"h2","numbering":"asc","mode":"normal","first":"0","enable_toc":"0","toc_type":"normal"}]},"footnotes":""},"categories":[10],"tags":[],"class_list":["post-33140","post","type-post","status-publish","format-standard","has-post-thumbnail","hentry","category-accion-politica"],"jetpack_featured_media_url":"https:\/\/atecordoba.org\/wp-content\/uploads\/2022\/08\/autovia-cosquin-e1660674728635.jpg","_links":{"self":[{"href":"https:\/\/atecordoba.org\/index.php?rest_route=\/wp\/v2\/posts\/33140","targetHints":{"allow":["GET"]}}],"collection":[{"href":"https:\/\/atecordoba.org\/index.php?rest_route=\/wp\/v2\/posts"}],"about":[{"href":"https:\/\/atecordoba.org\/index.php?rest_route=\/wp\/v2\/types\/post"}],"author":[{"embeddable":true,"href":"https:\/\/atecordoba.org\/index.php?rest_route=\/wp\/v2\/users\/7"}],"replies":[{"embeddable":true,"href":"https:\/\/atecordoba.org\/index.php?rest_route=%2Fwp%2Fv2%2Fcomments&post=33140"}],"version-history":[{"count":5,"href":"https:\/\/atecordoba.org\/index.php?rest_route=\/wp\/v2\/posts\/33140\/revisions"}],"predecessor-version":[{"id":33148,"href":"https:\/\/atecordoba.org\/index.php?rest_route=\/wp\/v2\/posts\/33140\/revisions\/33148"}],"wp:featuredmedia":[{"embeddable":true,"href":"https:\/\/atecordoba.org\/index.php?rest_route=\/wp\/v2\/media\/33141"}],"wp:attachment":[{"href":"https:\/\/atecordoba.org\/index.php?rest_route=%2Fwp%2Fv2%2Fmedia&parent=33140"}],"wp:term":[{"taxonomy":"category","embeddable":true,"href":"https:\/\/atecordoba.org\/index.php?rest_route=%2Fwp%2Fv2%2Fcategories&post=33140"},{"taxonomy":"post_tag","embeddable":true,"href":"https:\/\/atecordoba.org\/index.php?rest_route=%2Fwp%2Fv2%2Ftags&post=33140"}],"curies":[{"name":"wp","href":"https:\/\/api.w.org\/{rel}","templated":true}]}}