{"id":33131,"date":"2022-08-16T12:15:43","date_gmt":"2022-08-16T15:15:43","guid":{"rendered":"https:\/\/atecordoba.org\/?p=33131"},"modified":"2022-08-16T14:14:42","modified_gmt":"2022-08-16T17:14:42","slug":"nueva-eleccion-en-la-senaf-amplia-el-cuerpo-de-delegados-as-de-ate-en-el-sector","status":"publish","type":"post","link":"https:\/\/atecordoba.org\/?p=33131","title":{"rendered":"Nueva elecci\u00f3n en la SENAF ampl\u00eda el cuerpo de delegados\/as de ATE en el sector"},"content":{"rendered":"\n<div class=\"wp-block-image\"><figure class=\"aligncenter size-full is-resized\"><img loading=\"lazy\" decoding=\"async\" src=\"https:\/\/atecordoba.org\/wp-content\/uploads\/2022\/08\/WhatsApp-Image-2022-08-16-at-10.34.39-AM.jpeg\" alt=\"\" class=\"wp-image-33132\" width=\"720\" height=\"405\" srcset=\"https:\/\/atecordoba.org\/wp-content\/uploads\/2022\/08\/WhatsApp-Image-2022-08-16-at-10.34.39-AM.jpeg 960w, https:\/\/atecordoba.org\/wp-content\/uploads\/2022\/08\/WhatsApp-Image-2022-08-16-at-10.34.39-AM-300x169.jpeg 300w, https:\/\/atecordoba.org\/wp-content\/uploads\/2022\/08\/WhatsApp-Image-2022-08-16-at-10.34.39-AM-768x432.jpeg 768w, https:\/\/atecordoba.org\/wp-content\/uploads\/2022\/08\/WhatsApp-Image-2022-08-16-at-10.34.39-AM-750x422.jpeg 750w\" sizes=\"auto, (max-width: 720px) 100vw, 720px\" \/><\/figure><\/div>\n\n\n\n<p>A pesar de los <a href=\"https:\/\/atecordoba.org\/?p=32401\">bloqueos administrativos y las persecuciones antisindicales <\/a>de los funcionarios del gobierno provincial en la Secretaria de Ni\u00f1ez, Adolescencia y Familia (SENAF), ATE prosigue el crecimiento organizativo en el sector y hoy se elige una nueva delegada en la Residencia de Pre Egreso de Varones en C\u00f3rdoba Capital. <\/p>\n\n\n\n<p>La candidata es Julia Ponce y su elecci\u00f3n es un gran avance para las y los trabajadores de la SENAF, que da cuenta de la voluntad del personal por contar con representaci\u00f3n gremial en el sector. Se trata de la primera vez que estos compa\u00f1eros y compa\u00f1eras podr\u00e1n contar con una delegada por lo que la jornda se vive con mucha expectativa.<\/p>\n\n\n\n<p>La Residencia de Pre Egreso es un \u00e1rea de mucha conflictividad donde se encuentran j\u00f3venes a punto de salir de la instituci\u00f3n por traspasar el l\u00edmite de edad. All\u00ed las y los trabajadores no cuentan siquiera con una ART que las y los cubra en caso de accidente o situaciones violentas que impliquen un riesgo f\u00edsico. A ese punto llegan las p\u00e9simas condiciones de trabajo, lo cual torna urgente una intervenci\u00f3n gremial para garantizar condiciones m\u00ednimas de trabajo.<\/p>\n\n\n\n<p>Adem\u00e1s, los salarios en el organismo no cubren lo indispensable, se hayan al l\u00edmite de la indigencia y por debajo en muchos casos.<\/p>\n\n\n\n<p>&#8220;Hace dos semanas hubo ah\u00ed un mot\u00edn fuerte. Se quejaron los pibes por problemas internos, y todo termin\u00f3 con la responsable golpeada y su auto destrozado, Los j\u00f3venes por los techos con mucho conflicto con los vecinos&#8221;, explic\u00f3 el delegado de ATE en SENAF, Humberto Cabral. <\/p>\n\n\n\n<p>Frente a este panorama, y ante la indefensi\u00f3n que los funcionarios someten a las y los trabajadores, el papel del gremio es fundamental, tanto para mejorar las condiciones de trabajo en el \u00e1rea, como para el bienestar de los j\u00f3venes. <\/p>\n\n\n\n<p>La presi\u00f3n oficial no logr\u00f3 impedir que se realice el acto eleccionario que consagrar\u00e1 a Ponce como delegado en los pr\u00f3ximos dos a\u00f1os.<\/p>\n\n\n\n<p>De esta forma, ATE contar\u00e1 con cinco delegados\/as, sumadas dos compa\u00f1eras de \u00e1rea Penal Juvenil y dos en Prevenci\u00f3n, en tanto en el Complejo Esperanza hay designadas una compa\u00f1era y un compa\u00f1ero, que cumplen funciones normalizadoras .<\/p>\n\n\n\n<p><strong>Interferencia<\/strong><\/p>\n\n\n\n<p>Al momento de comenzar la elecci\u00f3n, el jefe de personal de SENAF, Juan Imberti, y un empleado del \u00e1rea se presentaron en el lugar para descalificar la convocatoria a elecciones, aduciendo que la urna no pod\u00eda instalarse dentro de la Residencia &#8220;No nos hab\u00edan notificado alg\u00fan impedimento de instalar la urna, no obstante las hacemos siempre afuera (en un jard\u00edn anterior a la puerta de ingreso) porque hay adolescentes menores de edad dentro del espacio de trabajo, para que no haya conflicto de ning\u00fan tipo&#8221;, dijo Cabral. Posteriormente el funcionario se retiro del lugar. <\/p>\n\n\n\n<p>Al mismo tiempo se hizo presente la responsable del establecimiento, Luj\u00e1n Peci\u00f1a, con el objetivo de intimidar a las y los compa\u00f1eros para que no participen de la elecci\u00f3n, no obstante lo cual la elecci\u00f3n se desarroll\u00f3 normalmente.<\/p>\n\n\n\n<p><\/p>\n\n\n\n<p><\/p>\n","protected":false},"excerpt":{"rendered":"<p>A pesar de los bloqueos administrativos y las persecuciones antisindicales de los funcionarios del gobierno provincial en la Secretaria de Ni\u00f1ez, Adolescencia y Familia (SENAF), ATE prosigue el crecimiento organizativo en el sector y hoy se elige una nueva delegada en la Residencia de Pre Egreso de Varones en C\u00f3rdoba Capital. La candidata es Julia [&hellip;]<\/p>\n","protected":false},"author":7,"featured_media":33133,"comment_status":"open","ping_status":"open","sticky":false,"template":"","format":"standard","meta":{"_exactmetrics_skip_tracking":false,"_exactmetrics_sitenote_active":false,"_exactmetrics_sitenote_note":"","_exactmetrics_sitenote_category":0,"jnews-multi-image_gallery":[],"jnews_single_post":{"subtitle":"A partir de ahora ATE contar\u00e1 con cinco delegados\/as, sumadas las dos compa\u00f1eras de \u00e1rea Penal Juvenil y dos en Prevenci\u00f3n, en tanto en el Complejo Esperanza hay designadas dos compa\u00f1eras que cumplen funciones como delegadas normalizadoras.","format":"standard","video":"","gallery":"","source_name":"","source_url":"","via_name":"","via_url":"","override_template":"0","override":[{"template":"1","single_blog_custom":"","parallax":"1","fullscreen":"1","layout":"right-sidebar","sidebar":"default-sidebar","second_sidebar":"default-sidebar","sticky_sidebar":"1","share_position":"top","share_float_style":"share-monocrhome","show_share_counter":"1","show_view_counter":"1","show_featured":"1","show_post_meta":"1","show_post_author":"1","show_post_author_image":"1","show_post_date":"1","post_date_format":"default","post_date_format_custom":"Y\/m\/d","show_post_category":"1","show_post_reading_time":"0","post_reading_time_wpm":"300","show_zoom_button":"0","zoom_button_out_step":"2","zoom_button_in_step":"3","show_post_tag":"1","show_prev_next_post":"1","show_popup_post":"1","number_popup_post":"1","show_author_box":"0","show_post_related":"0","show_inline_post_related":"0"}],"override_image_size":"0","image_override":[{"single_post_thumbnail_size":"crop-500","single_post_gallery_size":"crop-500"}],"trending_post":"0","trending_post_position":"meta","trending_post_label":"Trending","sponsored_post":"0","sponsored_post_label":"Sponsored by","sponsored_post_name":"","sponsored_post_url":"","sponsored_post_logo_enable":"0","sponsored_post_logo":"","sponsored_post_desc":"","disable_ad":"0"},"jnews_primary_category":{"id":""},"jnews_social_meta":{"fb_title":"Provinciales: Nueva elecci\u00f3n en la SENAF ampl\u00eda el cuerpo de delegados\/as de ATE en el sector","fb_description":"","fb_image":"","twitter_title":"","twitter_description":"","twitter_image":""},"jnews_review":[],"enable_review":"0","type":"percentage","name":"","summary":"","brand":"","sku":"","good":[{"good_text":""}],"bad":[{"bad_text":""}],"score_override":"","override_value":"","rating":[{"rating_text":"","rating_number":"10"}],"price":[{"shop":"","price":"","link":"","icon":""}],"jnews_override_counter":{"override_view_counter":"0","view_counter_number":"0","override_share_counter":"0","share_counter_number":"0","override_like_counter":"0","like_counter_number":"0","override_dislike_counter":"0","dislike_counter_number":"0"},"jnews_post_split":{"enable_post_split":"0","post_split":[{"template":"1","tag":"h2","numbering":"asc","mode":"normal","first":"0","enable_toc":"0","toc_type":"normal"}]},"footnotes":""},"categories":[8],"tags":[457],"class_list":["post-33131","post","type-post","status-publish","format-standard","has-post-thumbnail","hentry","category-provinciales","tag-senaf"],"jetpack_featured_media_url":"https:\/\/atecordoba.org\/wp-content\/uploads\/2022\/08\/senafportada-e1660662869926.jpeg","_links":{"self":[{"href":"https:\/\/atecordoba.org\/index.php?rest_route=\/wp\/v2\/posts\/33131","targetHints":{"allow":["GET"]}}],"collection":[{"href":"https:\/\/atecordoba.org\/index.php?rest_route=\/wp\/v2\/posts"}],"about":[{"href":"https:\/\/atecordoba.org\/index.php?rest_route=\/wp\/v2\/types\/post"}],"author":[{"embeddable":true,"href":"https:\/\/atecordoba.org\/index.php?rest_route=\/wp\/v2\/users\/7"}],"replies":[{"embeddable":true,"href":"https:\/\/atecordoba.org\/index.php?rest_route=%2Fwp%2Fv2%2Fcomments&post=33131"}],"version-history":[{"count":4,"href":"https:\/\/atecordoba.org\/index.php?rest_route=\/wp\/v2\/posts\/33131\/revisions"}],"predecessor-version":[{"id":33139,"href":"https:\/\/atecordoba.org\/index.php?rest_route=\/wp\/v2\/posts\/33131\/revisions\/33139"}],"wp:featuredmedia":[{"embeddable":true,"href":"https:\/\/atecordoba.org\/index.php?rest_route=\/wp\/v2\/media\/33133"}],"wp:attachment":[{"href":"https:\/\/atecordoba.org\/index.php?rest_route=%2Fwp%2Fv2%2Fmedia&parent=33131"}],"wp:term":[{"taxonomy":"category","embeddable":true,"href":"https:\/\/atecordoba.org\/index.php?rest_route=%2Fwp%2Fv2%2Fcategories&post=33131"},{"taxonomy":"post_tag","embeddable":true,"href":"https:\/\/atecordoba.org\/index.php?rest_route=%2Fwp%2Fv2%2Ftags&post=33131"}],"curies":[{"name":"wp","href":"https:\/\/api.w.org\/{rel}","templated":true}]}}