{"id":33127,"date":"2022-08-12T00:00:00","date_gmt":"2022-08-12T03:00:00","guid":{"rendered":"https:\/\/atecordoba.org\/?p=33127"},"modified":"2022-08-12T14:58:22","modified_gmt":"2022-08-12T17:58:22","slug":"acuerdo-salarial-en-santiago-temple","status":"publish","type":"post","link":"https:\/\/atecordoba.org\/?p=33127","title":{"rendered":"Acuerdo salarial en Santiago Temple"},"content":{"rendered":"\n<div class=\"wp-block-image\"><figure class=\"aligncenter size-large is-resized\"><img loading=\"lazy\" decoding=\"async\" src=\"https:\/\/atecordoba.org\/wp-content\/uploads\/2022\/08\/297281155_493106302814837_1707331419815262221_n-1-1024x461.jpg\" alt=\"\" class=\"wp-image-33128\" width=\"768\" height=\"346\" srcset=\"https:\/\/atecordoba.org\/wp-content\/uploads\/2022\/08\/297281155_493106302814837_1707331419815262221_n-1-1024x461.jpg 1024w, https:\/\/atecordoba.org\/wp-content\/uploads\/2022\/08\/297281155_493106302814837_1707331419815262221_n-1-300x135.jpg 300w, https:\/\/atecordoba.org\/wp-content\/uploads\/2022\/08\/297281155_493106302814837_1707331419815262221_n-1-768x346.jpg 768w, https:\/\/atecordoba.org\/wp-content\/uploads\/2022\/08\/297281155_493106302814837_1707331419815262221_n-1-750x338.jpg 750w, https:\/\/atecordoba.org\/wp-content\/uploads\/2022\/08\/297281155_493106302814837_1707331419815262221_n-1-1140x513.jpg 1140w, https:\/\/atecordoba.org\/wp-content\/uploads\/2022\/08\/297281155_493106302814837_1707331419815262221_n-1.jpg 1422w\" sizes=\"auto, (max-width: 768px) 100vw, 768px\" \/><\/figure><\/div>\n\n\n\n<p>El mi\u00e9rcoles pasado la seccional ATE San Justo cerr\u00f3 un acuerdo con el Ejecutivo municipal de Santiago Temple para el segundo semestre del a\u00f1o.<\/p>\n\n\n\n<p>Con esta paritaria, la pauta salarial para el 2022 alcanzar\u00e1 un 73%, al tiempo que est\u00e1 prevista la reapertura para febrero de 2023.<\/p>\n\n\n\n<p>Mateo Carrizo, secretario de Finanzas de la Seccional San Justo, confirm\u00f3 el acuerdo y resalt\u00f3 que las mejoras son sobre el b\u00e1sico, lo que impactar\u00e1 tambi\u00e9n en el sueldo de los pasivos municipales. \u201cAdem\u00e1s recuperamos el \u00edtem refrigerio\u201d,destac\u00f3.<\/p>\n\n\n\n<p>Una asamblea en el Corral\u00f3n aprob\u00f3 el acuerdo.<\/p>\n","protected":false},"excerpt":{"rendered":"<p>El mi\u00e9rcoles pasado la seccional ATE San Justo cerr\u00f3 un acuerdo con el Ejecutivo municipal de Santiago Temple para el segundo semestre del a\u00f1o. Con esta paritaria, la pauta salarial para el 2022 alcanzar\u00e1 un 73%, al tiempo que est\u00e1 prevista la reapertura para febrero de 2023. Mateo Carrizo, secretario de Finanzas de la Seccional [&hellip;]<\/p>\n","protected":false},"author":7,"featured_media":33129,"comment_status":"open","ping_status":"open","sticky":false,"template":"","format":"standard","meta":{"_exactmetrics_skip_tracking":false,"_exactmetrics_sitenote_active":false,"_exactmetrics_sitenote_note":"","_exactmetrics_sitenote_category":0,"jnews-multi-image_gallery":[],"jnews_single_post":{"subtitle":"esta paritaria, la pauta salarial para el 2022 alcanzar\u00e1 un 73%, al tiempo que est\u00e1 prevista la reapertura para febrero de 2023.","format":"standard","video":"","gallery":"","source_name":"","source_url":"","via_name":"","via_url":"","override_template":"0","override":[{"template":"1","single_blog_custom":"","parallax":"1","fullscreen":"1","layout":"right-sidebar","sidebar":"default-sidebar","second_sidebar":"default-sidebar","sticky_sidebar":"1","share_position":"top","share_float_style":"share-monocrhome","show_share_counter":"1","show_view_counter":"1","show_featured":"1","show_post_meta":"1","show_post_author":"1","show_post_author_image":"1","show_post_date":"1","post_date_format":"default","post_date_format_custom":"Y\/m\/d","show_post_category":"1","show_post_reading_time":"0","post_reading_time_wpm":"300","show_zoom_button":"0","zoom_button_out_step":"2","zoom_button_in_step":"3","show_post_tag":"1","show_prev_next_post":"1","show_popup_post":"1","number_popup_post":"1","show_author_box":"0","show_post_related":"0","show_inline_post_related":"0"}],"override_image_size":"0","image_override":[{"single_post_thumbnail_size":"crop-500","single_post_gallery_size":"crop-500"}],"trending_post":"0","trending_post_position":"meta","trending_post_label":"Trending","sponsored_post":"0","sponsored_post_label":"Sponsored by","sponsored_post_name":"","sponsored_post_url":"","sponsored_post_logo_enable":"0","sponsored_post_logo":"","sponsored_post_desc":"","disable_ad":"0"},"jnews_primary_category":{"id":""},"jnews_social_meta":{"fb_title":"","fb_description":"","fb_image":"","twitter_title":"","twitter_description":"","twitter_image":""},"jnews_review":[],"enable_review":"0","type":"percentage","name":"","summary":"","brand":"","sku":"","good":[{"good_text":""}],"bad":[{"bad_text":""}],"score_override":"","override_value":"","rating":[{"rating_text":"","rating_number":"10"}],"price":[{"shop":"","price":"","link":"","icon":""}],"jnews_override_counter":{"override_view_counter":"0","view_counter_number":"0","override_share_counter":"0","share_counter_number":"0","override_like_counter":"0","like_counter_number":"0","override_dislike_counter":"0","dislike_counter_number":"0"},"jnews_post_split":{"enable_post_split":"0","post_split":[{"template":"1","tag":"h2","numbering":"asc","mode":"normal","first":"0","enable_toc":"0","toc_type":"normal"}]},"footnotes":""},"categories":[20,148],"tags":[1183],"class_list":["post-33127","post","type-post","status-publish","format-standard","has-post-thumbnail","hentry","category-municipales","category-san-justo","tag-santiago-temple"],"jetpack_featured_media_url":"https:\/\/atecordoba.org\/wp-content\/uploads\/2022\/08\/SantiagoTemple.jpg","_links":{"self":[{"href":"https:\/\/atecordoba.org\/index.php?rest_route=\/wp\/v2\/posts\/33127","targetHints":{"allow":["GET"]}}],"collection":[{"href":"https:\/\/atecordoba.org\/index.php?rest_route=\/wp\/v2\/posts"}],"about":[{"href":"https:\/\/atecordoba.org\/index.php?rest_route=\/wp\/v2\/types\/post"}],"author":[{"embeddable":true,"href":"https:\/\/atecordoba.org\/index.php?rest_route=\/wp\/v2\/users\/7"}],"replies":[{"embeddable":true,"href":"https:\/\/atecordoba.org\/index.php?rest_route=%2Fwp%2Fv2%2Fcomments&post=33127"}],"version-history":[{"count":1,"href":"https:\/\/atecordoba.org\/index.php?rest_route=\/wp\/v2\/posts\/33127\/revisions"}],"predecessor-version":[{"id":33130,"href":"https:\/\/atecordoba.org\/index.php?rest_route=\/wp\/v2\/posts\/33127\/revisions\/33130"}],"wp:featuredmedia":[{"embeddable":true,"href":"https:\/\/atecordoba.org\/index.php?rest_route=\/wp\/v2\/media\/33129"}],"wp:attachment":[{"href":"https:\/\/atecordoba.org\/index.php?rest_route=%2Fwp%2Fv2%2Fmedia&parent=33127"}],"wp:term":[{"taxonomy":"category","embeddable":true,"href":"https:\/\/atecordoba.org\/index.php?rest_route=%2Fwp%2Fv2%2Fcategories&post=33127"},{"taxonomy":"post_tag","embeddable":true,"href":"https:\/\/atecordoba.org\/index.php?rest_route=%2Fwp%2Fv2%2Ftags&post=33127"}],"curies":[{"name":"wp","href":"https:\/\/api.w.org\/{rel}","templated":true}]}}