{"id":33119,"date":"2022-08-12T13:31:04","date_gmt":"2022-08-12T16:31:04","guid":{"rendered":"https:\/\/atecordoba.org\/?p=33119"},"modified":"2022-08-12T14:17:20","modified_gmt":"2022-08-12T17:17:20","slug":"elecciones-de-la-cta-a-giuliani-fue-reelecto-en-cordoba-con-mas-del-96-de-los-votos-emitidos","status":"publish","type":"post","link":"https:\/\/atecordoba.org\/?p=33119","title":{"rendered":"Elecciones de la CTA-A: Giuliani fue reelecto en C\u00f3rdoba con m\u00e1s del 96% de los votos emitidos"},"content":{"rendered":"\n<div class=\"wp-block-image\"><figure class=\"aligncenter size-large is-resized\"><img loading=\"lazy\" decoding=\"async\" src=\"https:\/\/atecordoba.org\/wp-content\/uploads\/2022\/08\/WhatsApp-Image-2022-08-12-at-1.19.17-PM-1-1024x576.jpeg\" alt=\"\" class=\"wp-image-33121\" width=\"768\" height=\"432\" \/><\/figure><\/div>\n\n\n\n<p>En una jornada hist\u00f3rica, Federico Giuliani result\u00f3 ayer reelecto al frente de la Central provincial, en unos los comicios que dieron como victoriosa a la Lista 1. Giuliani se impuso por el 96% de los votos y ser\u00e1 acompa\u00f1ado en este nuevo mandato por Silvia Alcoba y Walter Caminos, como secretarios Generales Adjuntos, en tanto Jorge Chalup y Susana R\u00edos ganaron la regional en C\u00f3rdoba Capital.<\/p>\n\n\n\n<p>El dato a destacar fue la alta participaci\u00f3n en la elecci\u00f3n, que rond\u00f3 el 35% del padr\u00f3n a lo largo y ancho del territorio provincial, unos 7 mil trabajadores y trabajadoras. La cifra expresa la recuperaci\u00f3n del esp\u00edritu militante y el compromiso de las organizaciones que integran al CTA Aut\u00f3noma en C\u00f3rdoba, tanto las hist\u00f3ricas como las que se sumaron recientemente.<\/p>\n\n\n\n<p>As\u00ed, las y los afiliados eligieron los 400 cargos que ejercer\u00e1n su representaci\u00f3n en la Central hasta el 30 de septiembre de 2026.&nbsp;<\/p>\n\n\n\n<div class=\"wp-block-image\"><figure class=\"alignright size-large is-resized\"><img loading=\"lazy\" decoding=\"async\" src=\"https:\/\/atecordoba.org\/wp-content\/uploads\/2022\/08\/FINALES-1024x1024.jpg\" alt=\"\" class=\"wp-image-33120\" width=\"512\" height=\"512\" srcset=\"https:\/\/atecordoba.org\/wp-content\/uploads\/2022\/08\/FINALES-1024x1024.jpg 1024w, https:\/\/atecordoba.org\/wp-content\/uploads\/2022\/08\/FINALES-300x300.jpg 300w, https:\/\/atecordoba.org\/wp-content\/uploads\/2022\/08\/FINALES-150x150.jpg 150w, https:\/\/atecordoba.org\/wp-content\/uploads\/2022\/08\/FINALES-768x768.jpg 768w, https:\/\/atecordoba.org\/wp-content\/uploads\/2022\/08\/FINALES-560x560.jpg 560w, https:\/\/atecordoba.org\/wp-content\/uploads\/2022\/08\/FINALES-75x75.jpg 75w, https:\/\/atecordoba.org\/wp-content\/uploads\/2022\/08\/FINALES-350x350.jpg 350w, https:\/\/atecordoba.org\/wp-content\/uploads\/2022\/08\/FINALES-750x750.jpg 750w, https:\/\/atecordoba.org\/wp-content\/uploads\/2022\/08\/FINALES.jpg 1080w\" sizes=\"auto, (max-width: 512px) 100vw, 512px\" \/><\/figure><\/div>\n\n\n\n<p>A su vez, en la CTA-A Nacional fue electo, a su vez, Hugo &#8220;Cachorro&#8221; Godoy (secretario General de ATE Nacional), acompa\u00f1ado en su f\u00f3rmula por la cordobesa Ana Mar\u00eda Mandakovic (CISPREN) y Ricardo Peidro (visitadores m\u00e9dicos). Tambi\u00e9n a nivel nacional la participaci\u00f3n al\u00f1canz\u00f3 alrededor del 35% del padr\u00f3n habilitado para votar.<\/p>\n\n\n\n<p><strong>Crecimiento cuantitativo<\/strong><\/p>\n\n\n\n<p>&#8220;Hicimos una campa\u00f1a interesante que ratific\u00f3 el rumbo que tomamos cuando asumimos: el de una central que deb\u00eda crecer en afiliaciones como lo hicimos al incorporar a m\u00e1s de 10 mil nuevas afiliadas y afiliados, y encontrarse en la calle luchando contra el ajuste que los poderes f\u00e1cticos y la oligarqu\u00eda pretenden hacer caer sobre las espaldas de la clase trabajadora de nuestra patria&#8221;, explic\u00f3 Giuliani.<\/p>\n\n\n\n<p>El referente enfatiz\u00f3 que, adem\u00e1s del crecimiento cuantitativo, hubo un &#8220;salto de calidad con los nuevos gremios que se sumaron, las organizaciones sociales, los nuevos cuadros que se acercaron a organizarse en la CTA-A en C\u00f3rdoba que es la organizaci\u00f3n que lucha, que sostiene con el cuerpo lo que dice con la boca, que no abandona la calle ni hace c\u00e1lculos oportunistas, que viene a sumar al campo popular y no a destruir ni dividir&#8221;.<\/p>\n\n\n\n<p>Esta elecci\u00f3n fue la oportunidad de &#8220;fortalecer la libertad y democracia sindical en la que es la madre de nuestras organizaciones sindicales, la CTA-A&#8221;.<\/p>\n\n\n\n<p>&#8220;Saludamos que ayer trabajadoras y trabajadores de las barriadas populares, de sectores privados, p\u00fablicos, que est\u00e1n en blanco, pero tambi\u00e9n precarizadas y precarizados, que trabajan en los circuitos de la econom\u00eda popular y autogestionaria, o que est\u00e1n ya jubiladas\/os, hayan podido expresar mediante el voto cu\u00e1l es el modelo de Central sindical que pretenden en la provincia con tanta contundencia&#8221;, expres\u00f3 el dirigente.<\/p>\n\n\n\n<p>&#8220;A nosotros nadie nos regal\u00f3 nada: llegamos a la central recorriendo miles de kil\u00f3metros, con la militancia barrial, de las juventudes, mujeres y pueblos originarios al frente y ese fue el equipo que sustuvo la campa\u00f1a y que, sin dudas, har\u00e1 crecer esta herramienta de lucha que es la CTA-A&#8221;, expres\u00f3 Giuliani, quien ratific\u00f3 que &#8220;gobierne quien gobierne, sea la patronal que sea, esta Central defender\u00e1 de manera aut\u00f3noma los intereses de la clase trabajadora con m\u00e1s pol\u00edtica: no con los dirigentes de siempre sino con miles de nuevos cuadros de luchadoras y luchadores que dan el paso al frente en la construcci\u00f3n de esa sociedad que so\u00f1amos&#8221;.<\/p>\n\n\n\n<p><strong>Distritos<\/strong><\/p>\n\n\n\n<p>Las elecciones se llevaron adelante en nueve distritos electorales.<\/p>\n\n\n\n<p>En C\u00f3rdoba Capital, Jorge Chalup y Susana R\u00edos fueron electos por el 88,3 por ciento de las y los electores (2186 votos) contra el 6,1 por ciento de la lista 6 (152 votos) y el 4,53 por ciento (112 votos) de la Lista 10.<\/p>\n\n\n\n<p>En tanto, la dirigente de ATE, Rafaela Alcoba, ser\u00e1 la nueva Secretaria General de la CTA Aut\u00f3noma R\u00edo Cuarto, con Marcelo Ortiz como Secretario Adjunto en representaci\u00f3n del Cispren. Con 2711 votos la Lista 1 \u201cGerm\u00e1n Abdala\u201d reafirma el rumbo del nuevo modelo sindical, combativo y en las calles. El pr\u00f3ximo equipo tendr\u00e1 un gran componente de la FeNaT y Juventudes, y la participaci\u00f3n de APECAF y el Sindicato de Trabajadores de la V\u00eda P\u00fablica. \u201cReafirmamos el rumbo: Organizar el campo popular, con m\u00e1s articulaci\u00f3n social y sindical, y sobre todo con una fuerte agenda feminista\u201d, expres\u00f3 Alcoba.<\/p>\n\n\n\n<div class=\"wp-block-image\"><figure class=\"alignleft size-large is-resized\"><img loading=\"lazy\" decoding=\"async\" src=\"https:\/\/atecordoba.org\/wp-content\/uploads\/2022\/08\/WhatsApp-Image-2022-08-12-at-2.15.11-PM-1024x576.jpeg\" alt=\"\" class=\"wp-image-33124\" width=\"684\" height=\"385\" srcset=\"https:\/\/atecordoba.org\/wp-content\/uploads\/2022\/08\/WhatsApp-Image-2022-08-12-at-2.15.11-PM-1024x576.jpeg 1024w, https:\/\/atecordoba.org\/wp-content\/uploads\/2022\/08\/WhatsApp-Image-2022-08-12-at-2.15.11-PM-300x169.jpeg 300w, https:\/\/atecordoba.org\/wp-content\/uploads\/2022\/08\/WhatsApp-Image-2022-08-12-at-2.15.11-PM-768x432.jpeg 768w, https:\/\/atecordoba.org\/wp-content\/uploads\/2022\/08\/WhatsApp-Image-2022-08-12-at-2.15.11-PM-1536x864.jpeg 1536w, https:\/\/atecordoba.org\/wp-content\/uploads\/2022\/08\/WhatsApp-Image-2022-08-12-at-2.15.11-PM-750x422.jpeg 750w, https:\/\/atecordoba.org\/wp-content\/uploads\/2022\/08\/WhatsApp-Image-2022-08-12-at-2.15.11-PM-1140x641.jpeg 1140w, https:\/\/atecordoba.org\/wp-content\/uploads\/2022\/08\/WhatsApp-Image-2022-08-12-at-2.15.11-PM.jpeg 1600w\" sizes=\"auto, (max-width: 684px) 100vw, 684px\" \/><\/figure><\/div>\n\n\n\n<p>En la Regional San Francisco, por su parte, fueron consagrados por el voto de 457 compa\u00f1eros y compa\u00f1eras, Dar\u00edo Paredes, Secretario General y Antonio Muratore, Secretario Adjunto. En Villa Mar\u00eda ocurri\u00f3 otro tanto con Enrique \u201cTito\u201d Godoy y Thelma G\u00f3mez quienes obtuvieron 325 votos.<\/p>\n\n\n\n<p>M\u00f3nica Rodr\u00edguez y Carolina Isabel Baz\u00e1n ser\u00e1n las nuevas Secretaria General y Secretaria Adjunta de la CTA-A Regional Norte de C\u00f3rdoba gracias al voto de 875 trabajadoras\/es; en tanto que Hugo \u201cP\u00e1jaro\u201d Galaburri y Mar\u00eda Isabel D\u00edaz ocupar\u00e1n esas responsabilidades en la Regional Traslasierra por la voluntad en las urnas de 377 compa\u00f1eros\/as.<\/p>\n\n\n\n<p>En la Regional Bell Ville resultaron electos Lucas Loyola, Secretario General y Marta Ceballos, Secretaria Adjunta por la voluntad de 148 compa\u00f1eros, mientras que en el Valle de Punilla, Juan Yacobs ser\u00e1 el nuevo Secretario General acompa\u00f1ado por Pablo Figueroa como Secretario Adjunto. En esta regi\u00f3n, la f\u00f3rmula recibi\u00f3 el apoyo de 57 afiliados\/as (100%).<\/p>\n\n\n\n<p>Por \u00faltimo, en la \u00fanica Regional donde la Lista N\u00ba 1 no present\u00f3 candidatos, R\u00edo Tercero, gan\u00f3 la Lista 10 encabezada por Emiliano Campos, Secretario General y Susana Demichelis, Secretaria Adjunta con 325 votos (92,6%).<\/p>\n\n\n\n<p>Los comicios definieron las autoridades de la Central para el per\u00edodo comprendido entre el 1\u00ba de octubre de 2022 y el 30 de septiembre de 2026.<\/p>\n","protected":false},"excerpt":{"rendered":"<p>En una jornada hist\u00f3rica, Federico Giuliani result\u00f3 ayer reelecto al frente de la Central provincial, en unos los comicios que dieron como victoriosa a la Lista 1. Giuliani se impuso por el 96% de los votos y ser\u00e1 acompa\u00f1ado en este nuevo mandato por Silvia Alcoba y Walter Caminos, como secretarios Generales Adjuntos, en tanto [&hellip;]<\/p>\n","protected":false},"author":7,"featured_media":33121,"comment_status":"open","ping_status":"open","sticky":false,"template":"","format":"standard","meta":{"_exactmetrics_skip_tracking":false,"_exactmetrics_sitenote_active":false,"_exactmetrics_sitenote_note":"","_exactmetrics_sitenote_category":0,"jnews-multi-image_gallery":[],"jnews_single_post":{"subtitle":"Votaron m\u00e1s de 7 mil trabajadoras y trabajadores a lo largo y ancho de la provincia. Federico Giuliani ratific\u00f3 que esta central seguir\u00e1 defendiendo \"de manera aut\u00f3noma los intereses de la clase trabajadora\".","format":"standard","video":"","gallery":"","source_name":"","source_url":"","via_name":"","via_url":"","override_template":"0","override":[{"template":"1","single_blog_custom":"","parallax":"1","fullscreen":"1","layout":"right-sidebar","sidebar":"default-sidebar","second_sidebar":"default-sidebar","sticky_sidebar":"1","share_position":"top","share_float_style":"share-monocrhome","show_share_counter":"1","show_view_counter":"1","show_featured":"1","show_post_meta":"1","show_post_author":"1","show_post_author_image":"1","show_post_date":"1","post_date_format":"default","post_date_format_custom":"Y\/m\/d","show_post_category":"1","show_post_reading_time":"0","post_reading_time_wpm":"300","show_zoom_button":"0","zoom_button_out_step":"2","zoom_button_in_step":"3","show_post_tag":"1","show_prev_next_post":"1","show_popup_post":"1","number_popup_post":"1","show_author_box":"0","show_post_related":"0","show_inline_post_related":"0"}],"override_image_size":"0","image_override":[{"single_post_thumbnail_size":"crop-500","single_post_gallery_size":"crop-500"}],"trending_post":"0","trending_post_position":"meta","trending_post_label":"Trending","sponsored_post":"0","sponsored_post_label":"Sponsored by","sponsored_post_name":"","sponsored_post_url":"","sponsored_post_logo_enable":"0","sponsored_post_logo":"","sponsored_post_desc":"","disable_ad":"0"},"jnews_primary_category":{"id":""},"jnews_social_meta":{"fb_title":"","fb_description":"","fb_image":"","twitter_title":"","twitter_description":"","twitter_image":""},"jnews_review":[],"enable_review":"0","type":"percentage","name":"","summary":"","brand":"","sku":"","good":[{"good_text":""}],"bad":[{"bad_text":""}],"score_override":"","override_value":"","rating":[{"rating_text":"","rating_number":"10"}],"price":[{"shop":"","price":"","link":"","icon":""}],"jnews_override_counter":{"override_view_counter":"0","view_counter_number":"0","override_share_counter":"0","share_counter_number":"0","override_like_counter":"0","like_counter_number":"0","override_dislike_counter":"0","dislike_counter_number":"0"},"jnews_post_split":{"enable_post_split":"0","post_split":[{"template":"1","tag":"h2","numbering":"asc","mode":"normal","first":"0","enable_toc":"0","toc_type":"normal"}]},"footnotes":""},"categories":[92],"tags":[1185],"class_list":["post-33119","post","type-post","status-publish","format-standard","has-post-thumbnail","hentry","category-cta","tag-elecciones-2022"],"jetpack_featured_media_url":"https:\/\/atecordoba.org\/wp-content\/uploads\/2022\/08\/WhatsApp-Image-2022-08-12-at-1.19.17-PM-1-e1660321489750.jpeg","_links":{"self":[{"href":"https:\/\/atecordoba.org\/index.php?rest_route=\/wp\/v2\/posts\/33119","targetHints":{"allow":["GET"]}}],"collection":[{"href":"https:\/\/atecordoba.org\/index.php?rest_route=\/wp\/v2\/posts"}],"about":[{"href":"https:\/\/atecordoba.org\/index.php?rest_route=\/wp\/v2\/types\/post"}],"author":[{"embeddable":true,"href":"https:\/\/atecordoba.org\/index.php?rest_route=\/wp\/v2\/users\/7"}],"replies":[{"embeddable":true,"href":"https:\/\/atecordoba.org\/index.php?rest_route=%2Fwp%2Fv2%2Fcomments&post=33119"}],"version-history":[{"count":3,"href":"https:\/\/atecordoba.org\/index.php?rest_route=\/wp\/v2\/posts\/33119\/revisions"}],"predecessor-version":[{"id":33126,"href":"https:\/\/atecordoba.org\/index.php?rest_route=\/wp\/v2\/posts\/33119\/revisions\/33126"}],"wp:featuredmedia":[{"embeddable":true,"href":"https:\/\/atecordoba.org\/index.php?rest_route=\/wp\/v2\/media\/33121"}],"wp:attachment":[{"href":"https:\/\/atecordoba.org\/index.php?rest_route=%2Fwp%2Fv2%2Fmedia&parent=33119"}],"wp:term":[{"taxonomy":"category","embeddable":true,"href":"https:\/\/atecordoba.org\/index.php?rest_route=%2Fwp%2Fv2%2Fcategories&post=33119"},{"taxonomy":"post_tag","embeddable":true,"href":"https:\/\/atecordoba.org\/index.php?rest_route=%2Fwp%2Fv2%2Ftags&post=33119"}],"curies":[{"name":"wp","href":"https:\/\/api.w.org\/{rel}","templated":true}]}}