{"id":33114,"date":"2022-08-12T10:53:31","date_gmt":"2022-08-12T13:53:31","guid":{"rendered":"https:\/\/atecordoba.org\/?p=33114"},"modified":"2022-08-12T11:05:49","modified_gmt":"2022-08-12T14:05:49","slug":"federico-giuliani-esta-cta-tiene-que-defender-los-intereses-de-la-clase-trabajadora","status":"publish","type":"post","link":"https:\/\/atecordoba.org\/?p=33114","title":{"rendered":"Federico Giuliani: &#8220;esta CTA tiene que defender los intereses de la clase trabajadora&#8221;"},"content":{"rendered":"\n<p><sup>(Por Gremios en Red)<\/sup><\/p>\n\n\n\n<div class=\"wp-block-image\"><figure class=\"aligncenter size-full is-resized\"><img loading=\"lazy\" decoding=\"async\" src=\"https:\/\/atecordoba.org\/wp-content\/uploads\/2022\/08\/giuliani-chalup-ucra.jpg\" alt=\"\" class=\"wp-image-33116\" width=\"674\" height=\"674\" \/><figcaption>Giuliani (centro) junto a Chalup y un compa\u00f1ero chofer de UCRA.<\/figcaption><\/figure><\/div>\n\n\n\n<p>En el d\u00eda de ayer, la CTA Aut\u00f3noma llevo a cabo las elecciones para la renovaci\u00f3n de los diferentes mandatos en todo el territorio nacional.<\/p>\n\n\n\n<p>En nuestra provincia, Federico Giuliani fue reelecto para continuar al frente de la central obrera, mientras que Jorge Chalup, se qued\u00f3 con la conducci\u00f3n de la CTA-A en la ciudad de C\u00f3rdoba Capital, ambos representantes de la Lista 1 &#8220;German Abdala&#8221;.<\/p>\n\n\n\n<p>Por su parte, a nivel nacional, Hugo \u00abChachorro\u00bb Godoy fue electo como titular de la entidad, acompa\u00f1ado por Mariana Mandakovic y Ricardo Peidro en la Secretar\u00eda Adjunta.<\/p>\n\n\n\n<p>Gremios en Red dialog\u00f3 en horas de la noche con el reelecto secretario general de la central en la provincia, Federico Giuliani y esto nos dec\u00eda:<\/p>\n\n\n\n<figure class=\"wp-block-embed is-type-video is-provider-youtube wp-block-embed-youtube wp-embed-aspect-4-3 wp-has-aspect-ratio\"><div class=\"wp-block-embed__wrapper\">\n<div class=\"epyt-video-wrapper\"><iframe loading=\"lazy\"  style=\"display: block; margin: 0px auto;\"  id=\"_ytid_81924\"  width=\"480\" height=\"360\"  data-origwidth=\"480\" data-origheight=\"360\" src=\"https:\/\/www.youtube.com\/embed\/gF9NAJnst18?enablejsapi=1&#038;autoplay=0&#038;cc_load_policy=0&#038;cc_lang_pref=&#038;iv_load_policy=3&#038;loop=0&#038;rel=0&#038;fs=1&#038;playsinline=0&#038;autohide=2&#038;theme=dark&#038;color=red&#038;controls=1&#038;disablekb=0&#038;\" class=\"__youtube_prefs__  epyt-is-override  no-lazyload\" title=\"YouTube player\"  allow=\"fullscreen; accelerometer; autoplay; clipboard-write; encrypted-media; gyroscope; picture-in-picture; web-share\" referrerpolicy=\"strict-origin-when-cross-origin\" allowfullscreen data-no-lazy=\"1\" data-skipgform_ajax_framebjll=\"\"><\/iframe><\/div>\n<\/div><\/figure>\n","protected":false},"excerpt":{"rendered":"<p>(Por Gremios en Red) En el d\u00eda de ayer, la CTA Aut\u00f3noma llevo a cabo las elecciones para la renovaci\u00f3n de los diferentes mandatos en todo el territorio nacional. En nuestra provincia, Federico Giuliani fue reelecto para continuar al frente de la central obrera, mientras que Jorge Chalup, se qued\u00f3 con la conducci\u00f3n de la [&hellip;]<\/p>\n","protected":false},"author":7,"featured_media":33116,"comment_status":"open","ping_status":"open","sticky":false,"template":"","format":"standard","meta":{"_exactmetrics_skip_tracking":false,"_exactmetrics_sitenote_active":false,"_exactmetrics_sitenote_note":"","_exactmetrics_sitenote_category":0,"jnews-multi-image_gallery":[],"jnews_single_post":{"subtitle":"Giuliani result\u00f3 electo como secretario General de la CTA-A Provincia de C\u00f3rdoba con el 90% de los votos, al frente de la lista 1 Germ\u00e1n Abdala. De la misma forma se impuso la lista 1 en la Regional C\u00f3rdoba Capital, encabezada por Jorge Chalup.","format":"standard","video":"","gallery":"","source_name":"","source_url":"","via_name":"","via_url":"","override_template":"0","override":[{"template":"1","single_blog_custom":"","parallax":"1","fullscreen":"1","layout":"right-sidebar","sidebar":"default-sidebar","second_sidebar":"default-sidebar","sticky_sidebar":"1","share_position":"top","share_float_style":"share-monocrhome","show_share_counter":"1","show_view_counter":"1","show_featured":"1","show_post_meta":"1","show_post_author":"1","show_post_author_image":"1","show_post_date":"1","post_date_format":"default","post_date_format_custom":"Y\/m\/d","show_post_category":"1","show_post_reading_time":"0","post_reading_time_wpm":"300","show_zoom_button":"0","zoom_button_out_step":"2","zoom_button_in_step":"3","show_post_tag":"1","show_prev_next_post":"1","show_popup_post":"1","number_popup_post":"1","show_author_box":"0","show_post_related":"0","show_inline_post_related":"0"}],"override_image_size":"0","image_override":[{"single_post_thumbnail_size":"crop-500","single_post_gallery_size":"crop-500"}],"trending_post":"0","trending_post_position":"meta","trending_post_label":"Trending","sponsored_post":"0","sponsored_post_label":"Sponsored by","sponsored_post_name":"","sponsored_post_url":"","sponsored_post_logo_enable":"0","sponsored_post_logo":"","sponsored_post_desc":"","disable_ad":"0"},"jnews_primary_category":{"id":""},"jnews_social_meta":{"fb_title":"","fb_description":"","fb_image":"","twitter_title":"","twitter_description":"","twitter_image":""},"jnews_review":[],"enable_review":"0","type":"percentage","name":"","summary":"","brand":"","sku":"","good":[{"good_text":""}],"bad":[{"bad_text":""}],"score_override":"","override_value":"","rating":[{"rating_text":"","rating_number":"10"}],"price":[{"shop":"","price":"","link":"","icon":""}],"jnews_override_counter":{"override_view_counter":"0","view_counter_number":"0","override_share_counter":"0","share_counter_number":"0","override_like_counter":"0","like_counter_number":"0","override_dislike_counter":"0","dislike_counter_number":"0"},"jnews_post_split":{"enable_post_split":"0","post_split":[{"template":"1","tag":"h2","numbering":"asc","mode":"normal","first":"0","enable_toc":"0","toc_type":"normal"}]},"footnotes":""},"categories":[92],"tags":[480,1185],"class_list":["post-33114","post","type-post","status-publish","format-standard","has-post-thumbnail","hentry","category-cta","tag-ctaa","tag-elecciones-2022"],"jetpack_featured_media_url":"https:\/\/atecordoba.org\/wp-content\/uploads\/2022\/08\/giuliani-chalup-ucra-e1660313141667.jpg","_links":{"self":[{"href":"https:\/\/atecordoba.org\/index.php?rest_route=\/wp\/v2\/posts\/33114","targetHints":{"allow":["GET"]}}],"collection":[{"href":"https:\/\/atecordoba.org\/index.php?rest_route=\/wp\/v2\/posts"}],"about":[{"href":"https:\/\/atecordoba.org\/index.php?rest_route=\/wp\/v2\/types\/post"}],"author":[{"embeddable":true,"href":"https:\/\/atecordoba.org\/index.php?rest_route=\/wp\/v2\/users\/7"}],"replies":[{"embeddable":true,"href":"https:\/\/atecordoba.org\/index.php?rest_route=%2Fwp%2Fv2%2Fcomments&post=33114"}],"version-history":[{"count":2,"href":"https:\/\/atecordoba.org\/index.php?rest_route=\/wp\/v2\/posts\/33114\/revisions"}],"predecessor-version":[{"id":33118,"href":"https:\/\/atecordoba.org\/index.php?rest_route=\/wp\/v2\/posts\/33114\/revisions\/33118"}],"wp:featuredmedia":[{"embeddable":true,"href":"https:\/\/atecordoba.org\/index.php?rest_route=\/wp\/v2\/media\/33116"}],"wp:attachment":[{"href":"https:\/\/atecordoba.org\/index.php?rest_route=%2Fwp%2Fv2%2Fmedia&parent=33114"}],"wp:term":[{"taxonomy":"category","embeddable":true,"href":"https:\/\/atecordoba.org\/index.php?rest_route=%2Fwp%2Fv2%2Fcategories&post=33114"},{"taxonomy":"post_tag","embeddable":true,"href":"https:\/\/atecordoba.org\/index.php?rest_route=%2Fwp%2Fv2%2Ftags&post=33114"}],"curies":[{"name":"wp","href":"https:\/\/api.w.org\/{rel}","templated":true}]}}