{"id":33110,"date":"2022-08-12T10:39:38","date_gmt":"2022-08-12T13:39:38","guid":{"rendered":"https:\/\/atecordoba.org\/?p=33110"},"modified":"2022-08-12T10:39:42","modified_gmt":"2022-08-12T13:39:42","slug":"la-legislatura-repudio-a-la-patota-de-fittipaldi-por-el-ataque-a-las-trabajadoras-de-paicor","status":"publish","type":"post","link":"https:\/\/atecordoba.org\/?p=33110","title":{"rendered":"La Legislatura repudio a la patota de Fittipaldi por el ataque a las trabajadoras de PAICOR"},"content":{"rendered":"<a href=\"https:\/\/atecordoba.org\/wp-content\/uploads\/2022\/08\/D-26263-P-35598.pdf\" class=\"pdfemb-viewer\" style=\"\" data-width=\"max\" data-height=\"max\" data-toolbar=\"bottom\" data-toolbar-fixed=\"off\">D-26263-P-35598<\/a>\n<p class=\"wp-block-pdfemb-pdf-embedder-viewer\"><\/p>\n\n\n\n<p>En una declaraci\u00f3n emitida el pasado 10 de agosto, la Legislatura de C\u00f3rdoba declar\u00f3 &#8220;su repudio ante los grav\u00edsimos hechos de violencia sucedidos el pasado 27 de julio cuando trabajadoras auxiliares y auxiliares de PAICOR fueron atacadas brutalmente por dirigentes del Sindicato Obreros y Empleados de Empresas de Limpieza, Servicios y Afines de C\u00f3rdoba &#8211; SOELSAC- para impedir la movilizaci\u00f3n hacia Casa de Gobierno&#8221;.<\/p>\n\n\n\n<p>De esta forma, con la firma del Vicegobernador Manuel Calvo, el Poder Legislativo provincial da una se\u00f1al positiva respecto a que el accionar de las patotas , y sus m\u00e9todos violentos, no son aceptables para la vida democr\u00e1tica y la libre participaci\u00f3n de las y los trabajadores en el \u00e1mbito sindical. <\/p>\n\n\n\n<p>&#8220;La Legislatura con este hecho no solo ratifica la legitimidad por el reclamo que llevamos adelante con las trabajadoras, sino que tambi\u00e9n nos da m\u00e1s peso a la legalidad de las denuncias penales. Esperamos que la justicia tome de manera r\u00e1pida y eficaz las acciones punitivas para castigar a estos delincuentes&#8221;, dijo Federico Giuliani, secretario General de ATE, reelecto ayer como secretario General de la CTA-A Provincia de C\u00f3rdoba. <\/p>\n\n\n\n<p>Precisamente es la CTA-A el \u00e1mbito de organizaci\u00f3n que se est\u00e1n dando las compa\u00f1eras auxiliares de escuela y auxiliares de PAICOR.<\/p>\n\n\n\n<p>Seg\u00fan <a href=\"http:\/\/\u201chay mucha prueba para que investigue el fiscal a cargo de la denuncia\u201d\">detall\u00f3 la abogada de ATE C\u00f3rdoba, Mar\u00eda Marta Terragno<\/a>, la denuncia penal est\u00e1 radicada en la Fiscal\u00eda de Distrito 1 Turno 4, a cargo del fiscal Rub\u00e9n Caro. <\/p>\n\n\n\n<p>\u201cHay mucha prueba para que investigue el fiscal a cargo de la denuncia\u201d, dijo la letrada.<\/p>\n\n\n\n<p>Cabe destacar el gesto solidario de muchas organizaciones que <a href=\"https:\/\/atecordoba.org\/?p=32891\">se expresaron p\u00fablicamente <\/a>repudiando el brutal ataque y exigiendo justicia. <\/p>\n\n\n\n<p><strong>Los hechos<\/strong><\/p>\n\n\n\n<p>el 27 de julio pasado una patota que responde al secretario General del gremio de limpieza, Sergio Fittipaldi, atac\u00f3 brutalmente esta ma\u00f1ana a las trabajadoras de PAICOR que se organizan en ATE y la CTA Aut\u00f3noma y que hoy realizan una movilizaci\u00f3n a Casa de Gobierno para reclamarle a Schiaretti que reconozca la relaci\u00f3n laboral que tienen con el programa social, donde cobran salarios por debajo de la l\u00ednea de la indigencia.<\/p>\n\n\n\n<p>La patota forma parte de la barra brava del club Argentino Pe\u00f1arol, que a su vez es propiedad de Fittipaldi.<\/p>\n\n\n\n<p>El ataque se relaciona con la defensa de los intereses de las empresas proveedoras de PAICOR, \u00edntimamente ligadas al mandam\u00e1s del gremio de limpieza y a funcionarios provinciales, que se niegan a reconocer a las 6 mil trabajadoras como dependientes del Estado provincial, compa\u00f1eras que cobran entre 13 y 22 mil pesos mensuales.<\/p>\n\n\n\n<p>En el ataque resultaron con heridas 11 compa\u00f1eras y compa\u00f1eros, en su mayor\u00eda mujeres, una de las cuales transcurre un embarazo de cuatro meses, para agregar dramatismo a la situaci\u00f3n.<\/p>\n\n\n\n<p>Cabe se\u00f1alar que algunos polic\u00edas se encontraban apostados en la puerta de ingreso del local de ATE C\u00f3rdoba, cito en calle Entre R\u00edos 450, que dejaron claramente zona liberada alrededor de las 10.30, cuando la patota se hizo presente en el lugar, sin que los efectivos de la provincia hicieran nada para evitar el ataque.<\/p>\n","protected":false},"excerpt":{"rendered":"<p>En una declaraci\u00f3n emitida el pasado 10 de agosto, la Legislatura de C\u00f3rdoba declar\u00f3 &#8220;su repudio ante los grav\u00edsimos hechos de violencia sucedidos el pasado 27 de julio cuando trabajadoras auxiliares y auxiliares de PAICOR fueron atacadas brutalmente por dirigentes del Sindicato Obreros y Empleados de Empresas de Limpieza, Servicios y Afines de C\u00f3rdoba &#8211; [&hellip;]<\/p>\n","protected":false},"author":7,"featured_media":33112,"comment_status":"open","ping_status":"open","sticky":false,"template":"","format":"standard","meta":{"_exactmetrics_skip_tracking":false,"_exactmetrics_sitenote_active":false,"_exactmetrics_sitenote_note":"","_exactmetrics_sitenote_category":0,"jnews-multi-image_gallery":[],"jnews_single_post":{"subtitle":"Con la firma del Vicegobernador Manuel Calvo, el Poder Legislativo provincial da una se\u00f1al positiva respecto a que el accionar de las patotas , y sus m\u00e9todos violentos, no son aceptables para la vida democr\u00e1tica y la libre participaci\u00f3n de las y los trabajadores en el \u00e1mbito sindical. ","format":"standard","video":"","gallery":"","source_name":"","source_url":"","via_name":"","via_url":"","override_template":"0","override":[{"template":"1","single_blog_custom":"","parallax":"1","fullscreen":"1","layout":"right-sidebar","sidebar":"default-sidebar","second_sidebar":"default-sidebar","sticky_sidebar":"1","share_position":"top","share_float_style":"share-monocrhome","show_share_counter":"1","show_view_counter":"1","show_featured":"1","show_post_meta":"1","show_post_author":"1","show_post_author_image":"1","show_post_date":"1","post_date_format":"default","post_date_format_custom":"Y\/m\/d","show_post_category":"1","show_post_reading_time":"0","post_reading_time_wpm":"300","show_zoom_button":"0","zoom_button_out_step":"2","zoom_button_in_step":"3","show_post_tag":"1","show_prev_next_post":"1","show_popup_post":"1","number_popup_post":"1","show_author_box":"0","show_post_related":"0","show_inline_post_related":"0"}],"override_image_size":"0","image_override":[{"single_post_thumbnail_size":"crop-500","single_post_gallery_size":"crop-500"}],"trending_post":"0","trending_post_position":"meta","trending_post_label":"Trending","sponsored_post":"0","sponsored_post_label":"Sponsored by","sponsored_post_name":"","sponsored_post_url":"","sponsored_post_logo_enable":"0","sponsored_post_logo":"","sponsored_post_desc":"","disable_ad":"0"},"jnews_primary_category":{"id":""},"jnews_social_meta":{"fb_title":"","fb_description":"","fb_image":"","twitter_title":"","twitter_description":"","twitter_image":""},"jnews_review":[],"enable_review":"0","type":"percentage","name":"","summary":"","brand":"","sku":"","good":[{"good_text":""}],"bad":[{"bad_text":""}],"score_override":"","override_value":"","rating":[{"rating_text":"","rating_number":"10"}],"price":[{"shop":"","price":"","link":"","icon":""}],"jnews_override_counter":{"override_view_counter":"0","view_counter_number":"0","override_share_counter":"0","share_counter_number":"0","override_like_counter":"0","like_counter_number":"0","override_dislike_counter":"0","dislike_counter_number":"0"},"jnews_post_split":{"enable_post_split":"0","post_split":[{"template":"1","tag":"h2","numbering":"asc","mode":"normal","first":"0","enable_toc":"0","toc_type":"normal"}]},"footnotes":""},"categories":[92,8],"tags":[1157,713,1163,1186,1141,1166,1162],"class_list":["post-33110","post","type-post","status-publish","format-standard","has-post-thumbnail","hentry","category-cta","category-provinciales","tag-auxiliares-paicor","tag-denuncia-penal","tag-fittipaldi","tag-legislatura-cordoba","tag-paicor","tag-patota","tag-patota-sindical"],"jetpack_featured_media_url":"https:\/\/atecordoba.org\/wp-content\/uploads\/2022\/08\/recinto-legislatura-e1660311544881.jpg","_links":{"self":[{"href":"https:\/\/atecordoba.org\/index.php?rest_route=\/wp\/v2\/posts\/33110","targetHints":{"allow":["GET"]}}],"collection":[{"href":"https:\/\/atecordoba.org\/index.php?rest_route=\/wp\/v2\/posts"}],"about":[{"href":"https:\/\/atecordoba.org\/index.php?rest_route=\/wp\/v2\/types\/post"}],"author":[{"embeddable":true,"href":"https:\/\/atecordoba.org\/index.php?rest_route=\/wp\/v2\/users\/7"}],"replies":[{"embeddable":true,"href":"https:\/\/atecordoba.org\/index.php?rest_route=%2Fwp%2Fv2%2Fcomments&post=33110"}],"version-history":[{"count":1,"href":"https:\/\/atecordoba.org\/index.php?rest_route=\/wp\/v2\/posts\/33110\/revisions"}],"predecessor-version":[{"id":33113,"href":"https:\/\/atecordoba.org\/index.php?rest_route=\/wp\/v2\/posts\/33110\/revisions\/33113"}],"wp:featuredmedia":[{"embeddable":true,"href":"https:\/\/atecordoba.org\/index.php?rest_route=\/wp\/v2\/media\/33112"}],"wp:attachment":[{"href":"https:\/\/atecordoba.org\/index.php?rest_route=%2Fwp%2Fv2%2Fmedia&parent=33110"}],"wp:term":[{"taxonomy":"category","embeddable":true,"href":"https:\/\/atecordoba.org\/index.php?rest_route=%2Fwp%2Fv2%2Fcategories&post=33110"},{"taxonomy":"post_tag","embeddable":true,"href":"https:\/\/atecordoba.org\/index.php?rest_route=%2Fwp%2Fv2%2Ftags&post=33110"}],"curies":[{"name":"wp","href":"https:\/\/api.w.org\/{rel}","templated":true}]}}