{"id":33061,"date":"2022-08-10T13:02:20","date_gmt":"2022-08-10T16:02:20","guid":{"rendered":"https:\/\/atecordoba.org\/?p=33061"},"modified":"2022-08-10T13:02:24","modified_gmt":"2022-08-10T16:02:24","slug":"reuniones-paritarias-municipales-en-el-este-provincial","status":"publish","type":"post","link":"https:\/\/atecordoba.org\/?p=33061","title":{"rendered":"Reuniones paritarias municipales en el este provincial"},"content":{"rendered":"\n<div class=\"wp-block-image\"><figure class=\"aligncenter size-large is-resized\"><img loading=\"lazy\" decoding=\"async\" src=\"https:\/\/atecordoba.org\/wp-content\/uploads\/2022\/08\/298507445_493106379481496_6414353456212870173_n-1024x461.jpg\" alt=\"\" class=\"wp-image-33062\" width=\"768\" height=\"346\" srcset=\"https:\/\/atecordoba.org\/wp-content\/uploads\/2022\/08\/298507445_493106379481496_6414353456212870173_n-1024x461.jpg 1024w, https:\/\/atecordoba.org\/wp-content\/uploads\/2022\/08\/298507445_493106379481496_6414353456212870173_n-300x135.jpg 300w, https:\/\/atecordoba.org\/wp-content\/uploads\/2022\/08\/298507445_493106379481496_6414353456212870173_n-768x346.jpg 768w, https:\/\/atecordoba.org\/wp-content\/uploads\/2022\/08\/298507445_493106379481496_6414353456212870173_n-750x338.jpg 750w, https:\/\/atecordoba.org\/wp-content\/uploads\/2022\/08\/298507445_493106379481496_6414353456212870173_n-1140x513.jpg 1140w, https:\/\/atecordoba.org\/wp-content\/uploads\/2022\/08\/298507445_493106379481496_6414353456212870173_n.jpg 1422w\" sizes=\"auto, (max-width: 768px) 100vw, 768px\" \/><\/figure><\/div>\n\n\n\n<p>El lunes 9 de agosto el secretario General de ATE San Justo, Dar\u00edo Paredes, se hizo presente en la localidad de Colonia Marina para mantener una reuni\u00f3n con el ejecutivo municipal.<\/p>\n\n\n\n<p>En al oportunidad se lleg\u00f3 a un acuerdo trimestral, con vigencia para el segundo semestre, acorde al \u00edndice de la inflaci\u00f3n con revisi\u00f3n en octubre. <\/p>\n\n\n\n<p>Adem\u00e1s, se alcanz\u00f3 un acuerdo para realizar el pase a planta de seis compa\u00f1eros municipales y el pase a contrato de otros ocho compa\u00f1eros m\u00e1s.<\/p>\n\n\n\n<p><strong>Santiago Temple<\/strong><\/p>\n\n\n\n<p>En esa l\u00ednea, la conducci\u00f3n de la seccional mantuvo ayer una reuni\u00f3n en la localidad de Santiago Temple. Junto al intendente Marco Ferace, participaron de la mesa de relaciones laborales de la municipalidad el secretario Gremial de ATE San Justo, Cristian Gudi\u00f1o, su par de Organizaci\u00f3n, Rodrigo Carrizo y el delegado local, Leonardo G\u00f3mez.<\/p>\n\n\n\n<div class=\"wp-block-image\"><figure class=\"aligncenter size-large is-resized\"><img loading=\"lazy\" decoding=\"async\" src=\"https:\/\/atecordoba.org\/wp-content\/uploads\/2022\/08\/297281155_493106302814837_1707331419815262221_n-1024x461.jpg\" alt=\"\" class=\"wp-image-33063\" width=\"768\" height=\"346\" srcset=\"https:\/\/atecordoba.org\/wp-content\/uploads\/2022\/08\/297281155_493106302814837_1707331419815262221_n-1024x461.jpg 1024w, https:\/\/atecordoba.org\/wp-content\/uploads\/2022\/08\/297281155_493106302814837_1707331419815262221_n-300x135.jpg 300w, https:\/\/atecordoba.org\/wp-content\/uploads\/2022\/08\/297281155_493106302814837_1707331419815262221_n-768x346.jpg 768w, https:\/\/atecordoba.org\/wp-content\/uploads\/2022\/08\/297281155_493106302814837_1707331419815262221_n-750x338.jpg 750w, https:\/\/atecordoba.org\/wp-content\/uploads\/2022\/08\/297281155_493106302814837_1707331419815262221_n-1140x513.jpg 1140w, https:\/\/atecordoba.org\/wp-content\/uploads\/2022\/08\/297281155_493106302814837_1707331419815262221_n.jpg 1422w\" sizes=\"auto, (max-width: 768px) 100vw, 768px\" \/><\/figure><\/div>\n\n\n\n<p>En la ocasi\u00f3n se abord\u00f3 el pedido de aumento salarial por medio de acta acuerdo. estableciendo un aumento renumerativo -en blanco- para el segundo semestre de un 37,9%. <\/p>\n\n\n\n<p>De esta forma, la recomposici\u00f3n anual cerrar\u00e1 el 2022 en un 73% acumulativo. A esto se suma el pago de un adicional al personal de Corral\u00f3n como refrigerio.<\/p>\n\n\n\n<p>Qued\u00f3 establecida para febrero del 2023 apertura de revisi\u00f3n salarial.<\/p>\n\n\n\n<p><strong>Villa Concepci\u00f3n del T\u00edo<\/strong><\/p>\n\n\n\n<p>En cuanto a la localidad de Villa Concepci\u00f3n, en la ma\u00f1ana del lunes pasado se concret\u00f3 una audiencia con el en ejecutivo municipal de la localidad de Villa Concepci\u00f3n del T\u00edo<\/p>\n\n\n\n<div class=\"wp-block-image\"><figure class=\"aligncenter size-large is-resized\"><img loading=\"lazy\" decoding=\"async\" src=\"https:\/\/atecordoba.org\/wp-content\/uploads\/2022\/08\/298663510_493106339481500_3383077824156667364_n-1024x461.jpg\" alt=\"\" class=\"wp-image-33065\" width=\"768\" height=\"346\" srcset=\"https:\/\/atecordoba.org\/wp-content\/uploads\/2022\/08\/298663510_493106339481500_3383077824156667364_n-1024x461.jpg 1024w, https:\/\/atecordoba.org\/wp-content\/uploads\/2022\/08\/298663510_493106339481500_3383077824156667364_n-300x135.jpg 300w, https:\/\/atecordoba.org\/wp-content\/uploads\/2022\/08\/298663510_493106339481500_3383077824156667364_n-768x346.jpg 768w, https:\/\/atecordoba.org\/wp-content\/uploads\/2022\/08\/298663510_493106339481500_3383077824156667364_n-750x338.jpg 750w, https:\/\/atecordoba.org\/wp-content\/uploads\/2022\/08\/298663510_493106339481500_3383077824156667364_n-1140x513.jpg 1140w, https:\/\/atecordoba.org\/wp-content\/uploads\/2022\/08\/298663510_493106339481500_3383077824156667364_n.jpg 1422w\" sizes=\"auto, (max-width: 768px) 100vw, 768px\" \/><\/figure><\/div>\n\n\n\n<p>Recibidos por el secretario de Gobierno municipal, dr. Efrain Mercado Gonz\u00e1lez, el compa\u00f1ero Dar\u00edo Paredes present\u00f3 la propuesta salarial para el segundo semestre del a\u00f1o.<\/p>\n\n\n\n<p><strong>Freyre: aclaraci\u00f3n<\/strong><\/p>\n\n\n\n<p>Vale se\u00f1alar a los afiliados de ATE de la\u00a0Municipalidad de Freyre, que la seccional logr\u00f3 un aumento para cerrar el primer semestre del a\u00f1o de un 36% acumulativo, es decir en blanco y con impacto en todos los items salariales.<\/p>\n\n\n\n<div class=\"wp-block-image\"><figure class=\"aligncenter size-large is-resized\"><img loading=\"lazy\" decoding=\"async\" src=\"https:\/\/atecordoba.org\/wp-content\/uploads\/2022\/08\/298009687_493106492814818_6773142313840116332_n-1024x460.jpg\" alt=\"\" class=\"wp-image-33064\" width=\"768\" height=\"345\" srcset=\"https:\/\/atecordoba.org\/wp-content\/uploads\/2022\/08\/298009687_493106492814818_6773142313840116332_n-1024x460.jpg 1024w, https:\/\/atecordoba.org\/wp-content\/uploads\/2022\/08\/298009687_493106492814818_6773142313840116332_n-300x135.jpg 300w, https:\/\/atecordoba.org\/wp-content\/uploads\/2022\/08\/298009687_493106492814818_6773142313840116332_n-768x345.jpg 768w, https:\/\/atecordoba.org\/wp-content\/uploads\/2022\/08\/298009687_493106492814818_6773142313840116332_n-750x337.jpg 750w, https:\/\/atecordoba.org\/wp-content\/uploads\/2022\/08\/298009687_493106492814818_6773142313840116332_n-1140x512.jpg 1140w, https:\/\/atecordoba.org\/wp-content\/uploads\/2022\/08\/298009687_493106492814818_6773142313840116332_n.jpg 1424w\" sizes=\"auto, (max-width: 768px) 100vw, 768px\" \/><\/figure><\/div>\n\n\n\n<p>&#8220;Desde nuestra entidad sindical no vamos a acompa\u00f1ar o aceptar ning\u00fan incremento salarial no renumerativo. Primero, para no perjudicar a los compa\u00f1eros activos y, segundo, a los pasivos compa\u00f1eros que trabajaron m\u00e1s de 30 a\u00f1os para recibir el aumento a los 9 meses que se los otorgue la caja&#8221;, dijo Dar\u00edo Paredes.<\/p>\n\n\n\n<p>&#8220;No necesitamos mentirle a nuestros afiliados menos perjudicarlos. Trabajamos para que nuestros afiliados no pierdan mas poder adquisitivo, siempre con la misma bandera, queremos los aumentos renumerativos  y le decimos no a los aumento en negro que perjudican a nuestro trabajadores y jubilados. Un\u00a0 aumento no renumerativo tambi\u00e9n es precarizaci\u00f3n laboral. Celebramos cada pase a planta permanente y contratos logrados&#8221;, concluy\u00f3 el dirigente.<\/p>\n\n\n\n<div class=\"wp-block-image\"><figure class=\"aligncenter size-full is-resized\"><img loading=\"lazy\" decoding=\"async\" src=\"https:\/\/atecordoba.org\/wp-content\/uploads\/2022\/08\/298188111_493098476148953_5197421698896075881_n.jpg\" alt=\"\" class=\"wp-image-33066\" width=\"479\" height=\"720\" srcset=\"https:\/\/atecordoba.org\/wp-content\/uploads\/2022\/08\/298188111_493098476148953_5197421698896075881_n.jpg 638w, https:\/\/atecordoba.org\/wp-content\/uploads\/2022\/08\/298188111_493098476148953_5197421698896075881_n-199x300.jpg 199w\" sizes=\"auto, (max-width: 479px) 100vw, 479px\" \/><\/figure><\/div>\n","protected":false},"excerpt":{"rendered":"<p>El lunes 9 de agosto el secretario General de ATE San Justo, Dar\u00edo Paredes, se hizo presente en la localidad de Colonia Marina para mantener una reuni\u00f3n con el ejecutivo municipal. En al oportunidad se lleg\u00f3 a un acuerdo trimestral, con vigencia para el segundo semestre, acorde al \u00edndice de la inflaci\u00f3n con revisi\u00f3n en [&hellip;]<\/p>\n","protected":false},"author":7,"featured_media":33067,"comment_status":"open","ping_status":"open","sticky":false,"template":"","format":"standard","meta":{"_exactmetrics_skip_tracking":false,"_exactmetrics_sitenote_active":false,"_exactmetrics_sitenote_note":"","_exactmetrics_sitenote_category":0,"jnews-multi-image_gallery":[],"jnews_single_post":{"subtitle":"La seccional mantuvo reuniones en Santiago Temple, Colonia Marina, San Francisco y Villa Concepci\u00f3n del T\u00edo. Aclaraci\u00f3n necesaria sobre la paritaria en Freyre.","format":"standard","video":"","gallery":"","source_name":"","source_url":"","via_name":"","via_url":"","override_template":"0","override":[{"template":"1","single_blog_custom":"","parallax":"1","fullscreen":"1","layout":"right-sidebar","sidebar":"default-sidebar","second_sidebar":"default-sidebar","sticky_sidebar":"1","share_position":"top","share_float_style":"share-monocrhome","show_share_counter":"1","show_view_counter":"1","show_featured":"1","show_post_meta":"1","show_post_author":"1","show_post_author_image":"1","show_post_date":"1","post_date_format":"default","post_date_format_custom":"Y\/m\/d","show_post_category":"1","show_post_reading_time":"0","post_reading_time_wpm":"300","show_zoom_button":"0","zoom_button_out_step":"2","zoom_button_in_step":"3","show_post_tag":"1","show_prev_next_post":"1","show_popup_post":"1","number_popup_post":"1","show_author_box":"0","show_post_related":"0","show_inline_post_related":"0"}],"override_image_size":"0","image_override":[{"single_post_thumbnail_size":"crop-500","single_post_gallery_size":"crop-500"}],"trending_post":"0","trending_post_position":"meta","trending_post_label":"Trending","sponsored_post":"0","sponsored_post_label":"Sponsored by","sponsored_post_name":"","sponsored_post_url":"","sponsored_post_logo_enable":"0","sponsored_post_logo":"","sponsored_post_desc":"","disable_ad":"0"},"jnews_primary_category":{"id":""},"jnews_social_meta":{"fb_title":"","fb_description":"","fb_image":"","twitter_title":"","twitter_description":"","twitter_image":""},"jnews_review":[],"enable_review":"0","type":"percentage","name":"","summary":"","brand":"","sku":"","good":[{"good_text":""}],"bad":[{"bad_text":""}],"score_override":"","override_value":"","rating":[{"rating_text":"","rating_number":"10"}],"price":[{"shop":"","price":"","link":"","icon":""}],"jnews_override_counter":{"override_view_counter":"0","view_counter_number":"0","override_share_counter":"0","share_counter_number":"0","override_like_counter":"0","like_counter_number":"0","override_dislike_counter":"0","dislike_counter_number":"0"},"jnews_post_split":{"enable_post_split":"0","post_split":[{"template":"1","tag":"h2","numbering":"asc","mode":"normal","first":"0","enable_toc":"0","toc_type":"normal"}]},"footnotes":""},"categories":[20,148],"tags":[619,770,1183,1154],"class_list":["post-33061","post","type-post","status-publish","format-standard","has-post-thumbnail","hentry","category-municipales","category-san-justo","tag-colonia-marina","tag-freyre","tag-santiago-temple","tag-villa-concepcion-del-tio"],"jetpack_featured_media_url":"https:\/\/atecordoba.org\/wp-content\/uploads\/2022\/08\/coloniamarina-e1660147330784.jpg","_links":{"self":[{"href":"https:\/\/atecordoba.org\/index.php?rest_route=\/wp\/v2\/posts\/33061","targetHints":{"allow":["GET"]}}],"collection":[{"href":"https:\/\/atecordoba.org\/index.php?rest_route=\/wp\/v2\/posts"}],"about":[{"href":"https:\/\/atecordoba.org\/index.php?rest_route=\/wp\/v2\/types\/post"}],"author":[{"embeddable":true,"href":"https:\/\/atecordoba.org\/index.php?rest_route=\/wp\/v2\/users\/7"}],"replies":[{"embeddable":true,"href":"https:\/\/atecordoba.org\/index.php?rest_route=%2Fwp%2Fv2%2Fcomments&post=33061"}],"version-history":[{"count":1,"href":"https:\/\/atecordoba.org\/index.php?rest_route=\/wp\/v2\/posts\/33061\/revisions"}],"predecessor-version":[{"id":33068,"href":"https:\/\/atecordoba.org\/index.php?rest_route=\/wp\/v2\/posts\/33061\/revisions\/33068"}],"wp:featuredmedia":[{"embeddable":true,"href":"https:\/\/atecordoba.org\/index.php?rest_route=\/wp\/v2\/media\/33067"}],"wp:attachment":[{"href":"https:\/\/atecordoba.org\/index.php?rest_route=%2Fwp%2Fv2%2Fmedia&parent=33061"}],"wp:term":[{"taxonomy":"category","embeddable":true,"href":"https:\/\/atecordoba.org\/index.php?rest_route=%2Fwp%2Fv2%2Fcategories&post=33061"},{"taxonomy":"post_tag","embeddable":true,"href":"https:\/\/atecordoba.org\/index.php?rest_route=%2Fwp%2Fv2%2Ftags&post=33061"}],"curies":[{"name":"wp","href":"https:\/\/api.w.org\/{rel}","templated":true}]}}