{"id":33030,"date":"2022-08-09T15:27:26","date_gmt":"2022-08-09T18:27:26","guid":{"rendered":"https:\/\/atecordoba.org\/?p=33030"},"modified":"2022-08-10T11:55:06","modified_gmt":"2022-08-10T14:55:06","slug":"con-la-eleccion-del-11-de-agosto-la-central-abre-una-etapa-de-consolidacion-territorial-en-cordoba","status":"publish","type":"post","link":"https:\/\/atecordoba.org\/?p=33030","title":{"rendered":"Giuliani va por la reelecci\u00f3n en la CTAA el pr\u00f3ximo  11 de agosto para abrir la etapa de consolidaci\u00f3n organizativa en C\u00f3rdoba"},"content":{"rendered":"\n<div class=\"wp-block-image\"><figure class=\"aligncenter size-large is-resized\"><img loading=\"lazy\" decoding=\"async\" src=\"https:\/\/atecordoba.org\/wp-content\/uploads\/2022\/08\/289705771_5748773215166771_1482116257341849675_n-1024x684.jpg\" alt=\"\" class=\"wp-image-33031\" width=\"768\" height=\"513\" srcset=\"https:\/\/atecordoba.org\/wp-content\/uploads\/2022\/08\/289705771_5748773215166771_1482116257341849675_n-1024x684.jpg 1024w, https:\/\/atecordoba.org\/wp-content\/uploads\/2022\/08\/289705771_5748773215166771_1482116257341849675_n-300x200.jpg 300w, https:\/\/atecordoba.org\/wp-content\/uploads\/2022\/08\/289705771_5748773215166771_1482116257341849675_n-768x513.jpg 768w, https:\/\/atecordoba.org\/wp-content\/uploads\/2022\/08\/289705771_5748773215166771_1482116257341849675_n-1536x1025.jpg 1536w, https:\/\/atecordoba.org\/wp-content\/uploads\/2022\/08\/289705771_5748773215166771_1482116257341849675_n-750x501.jpg 750w, https:\/\/atecordoba.org\/wp-content\/uploads\/2022\/08\/289705771_5748773215166771_1482116257341849675_n-1140x761.jpg 1140w, https:\/\/atecordoba.org\/wp-content\/uploads\/2022\/08\/289705771_5748773215166771_1482116257341849675_n.jpg 2048w\" sizes=\"auto, (max-width: 768px) 100vw, 768px\" \/><\/figure><\/div>\n\n\n\n<p>Ante la elecci\u00f3n que renueva la conducci\u00f3n de la Central de Trabajadores de la Argentina Aut\u00f3noma (CTAA), el secretario General de la Central en C\u00f3rdoba Federico Giuliani hizo un balance de los actuado y valor\u00f3 la incorporaci\u00f3n de organizaciones sindicales y territoriales que le dieron cuerpo durante los \u00faltimos cuatro a\u00f1os y abre expectativas de cara a la nueva etapa que abre.<\/p>\n\n\n\n<p>Para Giuliani la elecci\u00f3n del 11 de agosto viene a ratificar &#8220;una l\u00ednea de trabajo y militancia que asumimos en 2018, cuando nos toc\u00f3 ganar la central a nivel provincial. Ahora el desaf\u00edo es mayor porque nuestra CTA ha crecido en cantidad de afiliados, pasando de 20 mil a 33 mil. Tambi\u00e9n crecemos en distritos constituidos, ya que en esta elecci\u00f3n se suman Bell Ville, Traslasierra y Cruz del Eje&#8221;. <\/p>\n\n\n\n<p>El dirigente explico que &#8220;entendemos que lo sucedido los \u00faltimos cuatro a\u00f1os dif\u00edcilmente sea un contexto que vuelva a sucederse. Nos tocaron dos a\u00f1os de macrismo, al inicio de la gesti\u00f3n, donde tuvimos que sacar a la calle a la CTA apenas asumimos, con lo poco y mucho que hab\u00eda. Despu\u00e9s siguieron dos a\u00f1os de pandemia, con todo lo que signific\u00f3 en cuanto a reinventar nuestra herramienta gremial. Si bien entendemos que el contexto actual de la provincia y de Argentina no es bueno en t\u00e9rminos pol\u00edticos y econ\u00f3micos, en nada se compara con las pol\u00edticas neoliberales del macrismo y claramente los dos a\u00f1os de pandemia&#8221;.<\/p>\n\n\n\n<div class=\"wp-block-image\"><figure class=\"alignleft size-full is-resized\"><img loading=\"lazy\" decoding=\"async\" src=\"https:\/\/atecordoba.org\/wp-content\/uploads\/2022\/08\/68637188_398531564122254_841309661503160320_n.jpg\" alt=\"\" class=\"wp-image-33034\" width=\"480\" height=\"251\" srcset=\"https:\/\/atecordoba.org\/wp-content\/uploads\/2022\/08\/68637188_398531564122254_841309661503160320_n.jpg 960w, https:\/\/atecordoba.org\/wp-content\/uploads\/2022\/08\/68637188_398531564122254_841309661503160320_n-300x157.jpg 300w, https:\/\/atecordoba.org\/wp-content\/uploads\/2022\/08\/68637188_398531564122254_841309661503160320_n-768x402.jpg 768w, https:\/\/atecordoba.org\/wp-content\/uploads\/2022\/08\/68637188_398531564122254_841309661503160320_n-750x392.jpg 750w\" sizes=\"auto, (max-width: 480px) 100vw, 480px\" \/><\/figure><\/div>\n\n\n\n<p><strong>-\u00bfC\u00f3mo fue la pol\u00edtica de la Central para sumar sindicatos del \u00e1mbito privado?<\/strong><\/p>\n\n\n\n<p>Federico Giuliani: Para nosotros siempre fue un desaf\u00edo crecer en el \u00e1mbito privado, nunca sab\u00edamos bien d\u00f3nde, c\u00f3mo y cu\u00e1ndo. La pandemia profundiz\u00f3 la brecha salarial, laboral y social. En los sectores privados donde hubo muchos despidos y pasaron a cobrar la mitad de su sueldo,fueron las organizaciones privadas las que se pusieron al frente de esa lucha , ante el abandono, la desidia y la entrega de gremios de la CGT.<\/p>\n\n\n\n<p>Fue as\u00ed que en la pademia se incorpor\u00f3 el Sindicato Joven CIS, el Sindicato de Operarios de M\u00e1quinas Pesadas de la Rep\u00fablica Argentina (SOMPRA), fortalecimos la Uni\u00f3n de Choferes de la Rep\u00fablica Argentina (UCRA), volvi\u00f3 a nuestra casa AMMAR que es uno de los gremios fundantes de la CTA en C\u00f3rdoba, se incorpor\u00f3 el Sindicato de Trabajadores de la V\u00eda P\u00fablica, sumamos el APECAF &nbsp;de las trabajadoras dom\u00e9sticas, el Sindicato de Fleteros, volvi\u00f3 Sipetaco de los peones de taxi, un gremio combativo que marca la agenda en C\u00f3rdoba Capital, volvi\u00f3 CEPETEL, volvi\u00f3 Cispren a la conducci\u00f3n provincial, se incorpor\u00f3 SITRADIC de la construcci\u00f3n.<\/p>\n\n\n\n<p>Es decir, un buen conglomerado de gremios privados y destacamos que si bien en el \u00e1mbito p\u00fablico siempre es dif\u00edcil organizar y construir frente al Estado patr\u00f3n, en el privado es mucho m\u00e1s dif\u00edcil y complejo, porque a todo esto hay que sumarle las patronales privadas que explotan y despiden al que lucha con la connivencia de los&nbsp; gremios bur\u00f3cratas que se\u00f1alan con el dedo a aquellos que luchan. Hablamos de un conjunto de gremios que aportan aproximadamente unas 2500 fichas de afiliaci\u00f3n nuevas, que nos da volumen en la perspectiva de crecer cuantitativamente.<\/p>\n\n\n\n<p>&#8211;<strong>\u00bfEl resto del crecimiento del padr\u00f3n se explica por el papel de las organizaciones territoriales?<\/strong><\/p>\n\n\n\n<p>F.G.: Si, la FENAT (Federaci\u00f3n Nacional Territorial)&nbsp;  se suma de manera masiva y constructiva en el territorio y aporta aproximadamente 10 mil afiliaciones en todo C\u00f3rdoba. Se funda en 2018 en la Universidad Nacional de R\u00edo Cuarto, cuando un conjunto de compa\u00f1eros que venimos de la experiencia territorial de nueve provincias fundamos esta organizaci\u00f3n para mantener estos laburos sociales, territoriales, solidarios de la CTA. Logramos juntarnos con otros espacios en esta federaci\u00f3n, que hoy ya contiene a 21 provincias y en C\u00f3rdoba fue el motor m\u00e1s din\u00e1mico de la CTA, sobre todo a partir de la pandemia cuando muchas organizaciones sociales bajaron la persiana. En C\u00f3rdoba capital en 2020 no ten\u00edamos pr\u00e1cticamente organizaci\u00f3n y hoy hay 46 comedores populares, merenderos o espacios de contenci\u00f3n comunitaria. <\/p>\n\n\n\n<div class=\"wp-block-image\"><figure class=\"alignright size-large is-resized\"><img loading=\"lazy\" decoding=\"async\" src=\"https:\/\/atecordoba.org\/wp-content\/uploads\/2022\/08\/259825679_4545502338818882_3362962885516053007_n-1024x683.jpg\" alt=\"\" class=\"wp-image-33035\" width=\"512\" height=\"342\" srcset=\"https:\/\/atecordoba.org\/wp-content\/uploads\/2022\/08\/259825679_4545502338818882_3362962885516053007_n-1024x683.jpg 1024w, https:\/\/atecordoba.org\/wp-content\/uploads\/2022\/08\/259825679_4545502338818882_3362962885516053007_n-300x200.jpg 300w, https:\/\/atecordoba.org\/wp-content\/uploads\/2022\/08\/259825679_4545502338818882_3362962885516053007_n-768x512.jpg 768w, https:\/\/atecordoba.org\/wp-content\/uploads\/2022\/08\/259825679_4545502338818882_3362962885516053007_n-1536x1024.jpg 1536w, https:\/\/atecordoba.org\/wp-content\/uploads\/2022\/08\/259825679_4545502338818882_3362962885516053007_n-750x500.jpg 750w, https:\/\/atecordoba.org\/wp-content\/uploads\/2022\/08\/259825679_4545502338818882_3362962885516053007_n-1140x760.jpg 1140w, https:\/\/atecordoba.org\/wp-content\/uploads\/2022\/08\/259825679_4545502338818882_3362962885516053007_n.jpg 1600w\" sizes=\"auto, (max-width: 512px) 100vw, 512px\" \/><\/figure><\/div>\n\n\n\n<p>As\u00ed se replica en toda la provincia y es la organizaci\u00f3n que m\u00e1s afiliaciones meti\u00f3 pero tambi\u00e9n la que m\u00e1s creci\u00f3 cualitativamente en la cantidad de cuadros que se lograron incorporar a las distintas comisiones directivas de la provincia. Por ejemplo, la candidata a Adjunta provincial es Silvia Alcoba, que es su m\u00e1xima exponente provincial. Pero tambi\u00e9n est\u00e1 M\u00f3nica Rodriguez, que es la referente de FENAT en el norte de C\u00f3rdoba, que va a ser la secretaria Ejecutiva General de Cruz del Eje, est\u00e1 Thelma G\u00f3mez como Adjunta de la Regional Villa Mar\u00eda. Hubo un crecimiento cuantitativo y cualitativo, porque ahora las compa\u00f1eras van a estar en los lugares de la definici\u00f3n de la pol\u00edtica de la Central.<\/p>\n\n\n\n<p>Ellas constituyeron la primera l\u00ednea de combate en la pandemia, bien lo sabemos en ATE cuando defendimos la salud p\u00fablica, los hospitales, con todo lo que eso significa frente al abandono de Schiaretti y sus pol\u00edticas de ajuste para el sector. Nuestras compa\u00f1eras constituyeron una trinchera en las barriadas donde las mujeres sobre todo paraban la olla y no fueron exentas en aquellos momentos sin vacunas de sufrir el Covid. Tuvimos compa\u00f1eras muertas o enfermas, ante la desaparici\u00f3n de organizaciones que no aparecieron m\u00e1s, dejando lugar para construir organizaci\u00f3n territorial. Tambi\u00e9n los propios funcionarios de Estado se ausentaron del territorio, sean nacionales, provinciales y municipales, permitiendo que las organizaciones aut\u00f3nomas y autogestionadas se fueran incorporando a la FENAT y permitiendo tener un crecimiento en cantidad de afiliados pero en calidad de cuadros barriales que se sumaron a la organizaci\u00f3n.<\/p>\n\n\n\n<p>&#8211;<strong>La presencia de mujeres es importante por la caracter\u00edstica de las organizaciones territoriales pero tambi\u00e9n por el giro interno de la CTA, donde el feminismo militante se gana un espacio en la nueva etapa que se abre.<\/strong><\/p>\n\n\n\n<div class=\"wp-block-image\"><figure class=\"alignleft size-large is-resized\"><img loading=\"lazy\" decoding=\"async\" src=\"https:\/\/atecordoba.org\/wp-content\/uploads\/2022\/08\/260062262_4545503348818781_2014715212531044179_n-1024x683.jpg\" alt=\"\" class=\"wp-image-33036\" width=\"512\" height=\"342\" srcset=\"https:\/\/atecordoba.org\/wp-content\/uploads\/2022\/08\/260062262_4545503348818781_2014715212531044179_n-1024x683.jpg 1024w, https:\/\/atecordoba.org\/wp-content\/uploads\/2022\/08\/260062262_4545503348818781_2014715212531044179_n-300x200.jpg 300w, https:\/\/atecordoba.org\/wp-content\/uploads\/2022\/08\/260062262_4545503348818781_2014715212531044179_n-768x512.jpg 768w, https:\/\/atecordoba.org\/wp-content\/uploads\/2022\/08\/260062262_4545503348818781_2014715212531044179_n-1536x1024.jpg 1536w, https:\/\/atecordoba.org\/wp-content\/uploads\/2022\/08\/260062262_4545503348818781_2014715212531044179_n-750x500.jpg 750w, https:\/\/atecordoba.org\/wp-content\/uploads\/2022\/08\/260062262_4545503348818781_2014715212531044179_n-1140x760.jpg 1140w, https:\/\/atecordoba.org\/wp-content\/uploads\/2022\/08\/260062262_4545503348818781_2014715212531044179_n.jpg 1600w\" sizes=\"auto, (max-width: 512px) 100vw, 512px\" \/><\/figure><\/div>\n\n\n\n<p>F.G.: Por un lado, con la constituci\u00f3n de la FENAT logramos volver a nuestras fuentes de la CTA. Durante muchos a\u00f1os, despu\u00e9s de la ruptura del 2010 hasta 2016-2017, hab\u00edamos perdido de vista la organizaci\u00f3n del territorio, algo contradictorio porque la afiliaci\u00f3n directa de la CTA le da lugar a la organizaci\u00f3n que estaban en la esquina en los barrios, ya que las f\u00e1bricas dejaron de ser referencia para pasar a ser las barriadas populares. Lamentablemente no hab\u00eda una pol\u00edtica territorial unificada nacional, pero con la FENAT se logr\u00f3 recuperar territorio en los lugares de disputa, no solo hablamos de un plan social o una bolsa de comida. Hablamos del territorio como espacio de disputa de sentido, dando la batalla cultural, pol\u00edtica e ideol\u00f3gica contra el enemigo.<\/p>\n\n\n\n<p>Es el enemigo quien pone a las fuerzas represivas para que los pibes no puedan llegar al centro con el C\u00f3digo de Convivencia o pone a merced la droga como salida f\u00e1cil a los problemas cotidianos que tienen nuestros pibes, como la falta de vivienda, de tierra, de servicios b\u00e1sicos como las cloacas, el asfalto, la luz, el agua. En ese contexto recuperamos el barrio como espacio de disputa.<\/p>\n\n\n\n<p>A esto se suma el papel del feminismo que atraviesa transversalmente las organizaciones, en este tiempo de desigualdad que corre. La FENAT est\u00e1 conformada casi en su totalidad por mujeres, son las que mantienen los merenderos, las que paran las ollas, las que fueron al frente en las movilizaciones, las que nos muestran que la \u00fanica lucha que se pierde es la que se abandona. Entendemos que recuperar el territorio para la CTA es clave.\u00a0<\/p>\n\n\n\n<p><strong>Unidad de acci\u00f3n para ganar las calles<\/strong><\/p>\n\n\n\n<p>&#8211;<strong>\u00bfC\u00f3mo fue la estrategia de darse la unidad en la acci\u00f3n con el bloque piquetero en C\u00f3rdoba?<\/strong><\/p>\n\n\n\n<p>F.G.: Creo que fuimos pioneros en la unidad estrat\u00e9gica en la acci\u00f3n con Unidad Piquetera, ocupados y desocupados moviliz\u00e1ndonos tras una misma agenda para marcarle a los gobiernos nacional, provincial y municipal que si no solucionan los problemas de los de abajo los que est\u00e1n arriba \u2013la casta, la superestructura- la van a pasar mal.<\/p>\n\n\n\n<figure class=\"wp-block-gallery has-nested-images columns-default is-cropped wp-block-gallery-1 is-layout-flex wp-block-gallery-is-layout-flex\">\n<figure class=\"wp-block-image size-large\"><a href=\"https:\/\/atecordoba.org\/wp-content\/uploads\/2022\/08\/MATERNIDAD-Capital-copia-3-scaled.jpg\"><img loading=\"lazy\" decoding=\"async\" width=\"1024\" height=\"1024\" data-id=\"33043\" src=\"https:\/\/atecordoba.org\/wp-content\/uploads\/2022\/08\/MATERNIDAD-Capital-copia-3-1024x1024.jpg\" alt=\"\" class=\"wp-image-33043\" srcset=\"https:\/\/atecordoba.org\/wp-content\/uploads\/2022\/08\/MATERNIDAD-Capital-copia-3-1024x1024.jpg 1024w, https:\/\/atecordoba.org\/wp-content\/uploads\/2022\/08\/MATERNIDAD-Capital-copia-3-300x300.jpg 300w, https:\/\/atecordoba.org\/wp-content\/uploads\/2022\/08\/MATERNIDAD-Capital-copia-3-150x150.jpg 150w, https:\/\/atecordoba.org\/wp-content\/uploads\/2022\/08\/MATERNIDAD-Capital-copia-3-768x768.jpg 768w, https:\/\/atecordoba.org\/wp-content\/uploads\/2022\/08\/MATERNIDAD-Capital-copia-3-1536x1536.jpg 1536w, https:\/\/atecordoba.org\/wp-content\/uploads\/2022\/08\/MATERNIDAD-Capital-copia-3-2048x2048.jpg 2048w, https:\/\/atecordoba.org\/wp-content\/uploads\/2022\/08\/MATERNIDAD-Capital-copia-3-560x560.jpg 560w, https:\/\/atecordoba.org\/wp-content\/uploads\/2022\/08\/MATERNIDAD-Capital-copia-3-75x75.jpg 75w, https:\/\/atecordoba.org\/wp-content\/uploads\/2022\/08\/MATERNIDAD-Capital-copia-3-350x350.jpg 350w, https:\/\/atecordoba.org\/wp-content\/uploads\/2022\/08\/MATERNIDAD-Capital-copia-3-750x750.jpg 750w, https:\/\/atecordoba.org\/wp-content\/uploads\/2022\/08\/MATERNIDAD-Capital-copia-3-1140x1140.jpg 1140w\" sizes=\"auto, (max-width: 1024px) 100vw, 1024px\" \/><\/a><\/figure>\n\n\n\n<figure class=\"wp-block-image size-large\"><a href=\"https:\/\/atecordoba.org\/wp-content\/uploads\/2022\/08\/CNEA-DIOXITEK-Capital-scaled.jpg\"><img loading=\"lazy\" decoding=\"async\" width=\"1024\" height=\"1024\" data-id=\"33044\" src=\"https:\/\/atecordoba.org\/wp-content\/uploads\/2022\/08\/CNEA-DIOXITEK-Capital-1024x1024.jpg\" alt=\"\" class=\"wp-image-33044\" srcset=\"https:\/\/atecordoba.org\/wp-content\/uploads\/2022\/08\/CNEA-DIOXITEK-Capital-1024x1024.jpg 1024w, https:\/\/atecordoba.org\/wp-content\/uploads\/2022\/08\/CNEA-DIOXITEK-Capital-300x300.jpg 300w, https:\/\/atecordoba.org\/wp-content\/uploads\/2022\/08\/CNEA-DIOXITEK-Capital-150x150.jpg 150w, https:\/\/atecordoba.org\/wp-content\/uploads\/2022\/08\/CNEA-DIOXITEK-Capital-768x768.jpg 768w, https:\/\/atecordoba.org\/wp-content\/uploads\/2022\/08\/CNEA-DIOXITEK-Capital-1536x1536.jpg 1536w, https:\/\/atecordoba.org\/wp-content\/uploads\/2022\/08\/CNEA-DIOXITEK-Capital-2048x2048.jpg 2048w, https:\/\/atecordoba.org\/wp-content\/uploads\/2022\/08\/CNEA-DIOXITEK-Capital-560x560.jpg 560w, https:\/\/atecordoba.org\/wp-content\/uploads\/2022\/08\/CNEA-DIOXITEK-Capital-75x75.jpg 75w, https:\/\/atecordoba.org\/wp-content\/uploads\/2022\/08\/CNEA-DIOXITEK-Capital-350x350.jpg 350w, https:\/\/atecordoba.org\/wp-content\/uploads\/2022\/08\/CNEA-DIOXITEK-Capital-750x750.jpg 750w, https:\/\/atecordoba.org\/wp-content\/uploads\/2022\/08\/CNEA-DIOXITEK-Capital-1140x1140.jpg 1140w\" sizes=\"auto, (max-width: 1024px) 100vw, 1024px\" \/><\/a><\/figure>\n\n\n\n<figure class=\"wp-block-image size-large\"><a href=\"https:\/\/atecordoba.org\/wp-content\/uploads\/2022\/08\/CRUZ-DEL-EJE-Herramientas-copia-scaled.jpg\"><img loading=\"lazy\" decoding=\"async\" width=\"1024\" height=\"1024\" data-id=\"33045\" src=\"https:\/\/atecordoba.org\/wp-content\/uploads\/2022\/08\/CRUZ-DEL-EJE-Herramientas-copia-1024x1024.jpg\" alt=\"\" class=\"wp-image-33045\" srcset=\"https:\/\/atecordoba.org\/wp-content\/uploads\/2022\/08\/CRUZ-DEL-EJE-Herramientas-copia-1024x1024.jpg 1024w, https:\/\/atecordoba.org\/wp-content\/uploads\/2022\/08\/CRUZ-DEL-EJE-Herramientas-copia-300x300.jpg 300w, https:\/\/atecordoba.org\/wp-content\/uploads\/2022\/08\/CRUZ-DEL-EJE-Herramientas-copia-150x150.jpg 150w, https:\/\/atecordoba.org\/wp-content\/uploads\/2022\/08\/CRUZ-DEL-EJE-Herramientas-copia-768x768.jpg 768w, https:\/\/atecordoba.org\/wp-content\/uploads\/2022\/08\/CRUZ-DEL-EJE-Herramientas-copia-1536x1536.jpg 1536w, https:\/\/atecordoba.org\/wp-content\/uploads\/2022\/08\/CRUZ-DEL-EJE-Herramientas-copia-2048x2048.jpg 2048w, https:\/\/atecordoba.org\/wp-content\/uploads\/2022\/08\/CRUZ-DEL-EJE-Herramientas-copia-560x560.jpg 560w, https:\/\/atecordoba.org\/wp-content\/uploads\/2022\/08\/CRUZ-DEL-EJE-Herramientas-copia-75x75.jpg 75w, https:\/\/atecordoba.org\/wp-content\/uploads\/2022\/08\/CRUZ-DEL-EJE-Herramientas-copia-350x350.jpg 350w, https:\/\/atecordoba.org\/wp-content\/uploads\/2022\/08\/CRUZ-DEL-EJE-Herramientas-copia-750x750.jpg 750w, https:\/\/atecordoba.org\/wp-content\/uploads\/2022\/08\/CRUZ-DEL-EJE-Herramientas-copia-1140x1140.jpg 1140w\" sizes=\"auto, (max-width: 1024px) 100vw, 1024px\" \/><\/a><\/figure>\n<\/figure>\n\n\n\n<p>Hoy en d\u00eda ser ocupado, tener trabajo, no te da la garant\u00eda de no ser pobre. De hecho la mayor\u00eda de las y los trabajadores trabaja y sigue siendo pobre. Hoy tenemos que cobrar 119 mil pesos para no caer debajo de la l\u00ednea de la pobreza, lejos est\u00e1n los sectores privados asalariados de cobrar eso, muy lejos est\u00e1n la mayor\u00eda de los sectores p\u00fablicos en los tres niveles del Estado de cobrar esos salarios. La fuerza laboral en Argentina es pobre, y tambi\u00e9n est\u00e1 precarizada, en negro, situaci\u00f3n utilizada como herramienta de disciplinamiento que tiene el modelo capitalista.<\/p>\n\n\n\n<p>Plegamos la agenda de los trabajadores ocupados y desocupados porque nuestros compa\u00f1eros tambi\u00e9n viven en las barriadas, nuestra salida \u2013que solo el pueblo salvar\u00e1 al pueblo como dec\u00eda Raymundo Ongaro\u2013 tiene que ver con esto, no puede haber una salida de los asalariados solamente por fuera de la realidad de los trabajadores desocupados porque vivimos y militamos el mismo territorio, viviendo los mismo problemas con nuestros vecinos y vecinas en el cotidiano. Nos parece importante la unificaci\u00f3n de pliego para que el asalariado tenga paritarias libres y democr\u00e1ticas de verdad y se generen aumentos salariales por encima de esos 119 mil pesos, y para los trabajadores desocupados planteamos el salario b\u00e1sico universal, un piso de dignidad que alcance el salario m\u00ednimo vital y m\u00f3vil que son 45 mil pesos, el borde de la l\u00ednea de la pobreza.<\/p>\n\n\n\n<figure class=\"wp-block-gallery has-nested-images columns-default is-cropped wp-block-gallery-2 is-layout-flex wp-block-gallery-is-layout-flex\">\n<figure class=\"wp-block-image size-large\"><a href=\"https:\/\/atecordoba.org\/wp-content\/uploads\/2022\/08\/PUNILLA-scaled.jpg\"><img loading=\"lazy\" decoding=\"async\" width=\"1024\" height=\"1024\" data-id=\"33051\" src=\"https:\/\/atecordoba.org\/wp-content\/uploads\/2022\/08\/PUNILLA-1024x1024.jpg\" alt=\"\" class=\"wp-image-33051\" srcset=\"https:\/\/atecordoba.org\/wp-content\/uploads\/2022\/08\/PUNILLA-1024x1024.jpg 1024w, https:\/\/atecordoba.org\/wp-content\/uploads\/2022\/08\/PUNILLA-300x300.jpg 300w, https:\/\/atecordoba.org\/wp-content\/uploads\/2022\/08\/PUNILLA-150x150.jpg 150w, https:\/\/atecordoba.org\/wp-content\/uploads\/2022\/08\/PUNILLA-768x768.jpg 768w, https:\/\/atecordoba.org\/wp-content\/uploads\/2022\/08\/PUNILLA-1536x1536.jpg 1536w, https:\/\/atecordoba.org\/wp-content\/uploads\/2022\/08\/PUNILLA-2048x2048.jpg 2048w, https:\/\/atecordoba.org\/wp-content\/uploads\/2022\/08\/PUNILLA-560x560.jpg 560w, https:\/\/atecordoba.org\/wp-content\/uploads\/2022\/08\/PUNILLA-75x75.jpg 75w, https:\/\/atecordoba.org\/wp-content\/uploads\/2022\/08\/PUNILLA-350x350.jpg 350w, https:\/\/atecordoba.org\/wp-content\/uploads\/2022\/08\/PUNILLA-750x750.jpg 750w, https:\/\/atecordoba.org\/wp-content\/uploads\/2022\/08\/PUNILLA-1140x1140.jpg 1140w\" sizes=\"auto, (max-width: 1024px) 100vw, 1024px\" \/><\/a><\/figure>\n\n\n\n<figure class=\"wp-block-image size-large\"><a href=\"https:\/\/atecordoba.org\/wp-content\/uploads\/2022\/08\/CNEA-DIOXITEK-Capital-1-scaled.jpg\"><img loading=\"lazy\" decoding=\"async\" width=\"1024\" height=\"1024\" data-id=\"33048\" src=\"https:\/\/atecordoba.org\/wp-content\/uploads\/2022\/08\/CNEA-DIOXITEK-Capital-1-1024x1024.jpg\" alt=\"\" class=\"wp-image-33048\" srcset=\"https:\/\/atecordoba.org\/wp-content\/uploads\/2022\/08\/CNEA-DIOXITEK-Capital-1-1024x1024.jpg 1024w, https:\/\/atecordoba.org\/wp-content\/uploads\/2022\/08\/CNEA-DIOXITEK-Capital-1-300x300.jpg 300w, https:\/\/atecordoba.org\/wp-content\/uploads\/2022\/08\/CNEA-DIOXITEK-Capital-1-150x150.jpg 150w, https:\/\/atecordoba.org\/wp-content\/uploads\/2022\/08\/CNEA-DIOXITEK-Capital-1-768x768.jpg 768w, https:\/\/atecordoba.org\/wp-content\/uploads\/2022\/08\/CNEA-DIOXITEK-Capital-1-1536x1536.jpg 1536w, https:\/\/atecordoba.org\/wp-content\/uploads\/2022\/08\/CNEA-DIOXITEK-Capital-1-2048x2048.jpg 2048w, https:\/\/atecordoba.org\/wp-content\/uploads\/2022\/08\/CNEA-DIOXITEK-Capital-1-560x560.jpg 560w, https:\/\/atecordoba.org\/wp-content\/uploads\/2022\/08\/CNEA-DIOXITEK-Capital-1-75x75.jpg 75w, https:\/\/atecordoba.org\/wp-content\/uploads\/2022\/08\/CNEA-DIOXITEK-Capital-1-350x350.jpg 350w, https:\/\/atecordoba.org\/wp-content\/uploads\/2022\/08\/CNEA-DIOXITEK-Capital-1-750x750.jpg 750w, https:\/\/atecordoba.org\/wp-content\/uploads\/2022\/08\/CNEA-DIOXITEK-Capital-1-1140x1140.jpg 1140w\" sizes=\"auto, (max-width: 1024px) 100vw, 1024px\" \/><\/a><\/figure>\n\n\n\n<figure class=\"wp-block-image size-large\"><a href=\"https:\/\/atecordoba.org\/wp-content\/uploads\/2022\/08\/CRUZ-DEL-EJE-Presentacion-scaled.jpg\"><img loading=\"lazy\" decoding=\"async\" width=\"1024\" height=\"1024\" data-id=\"33052\" src=\"https:\/\/atecordoba.org\/wp-content\/uploads\/2022\/08\/CRUZ-DEL-EJE-Presentacion-1024x1024.jpg\" alt=\"\" class=\"wp-image-33052\" srcset=\"https:\/\/atecordoba.org\/wp-content\/uploads\/2022\/08\/CRUZ-DEL-EJE-Presentacion-1024x1024.jpg 1024w, https:\/\/atecordoba.org\/wp-content\/uploads\/2022\/08\/CRUZ-DEL-EJE-Presentacion-300x300.jpg 300w, https:\/\/atecordoba.org\/wp-content\/uploads\/2022\/08\/CRUZ-DEL-EJE-Presentacion-150x150.jpg 150w, https:\/\/atecordoba.org\/wp-content\/uploads\/2022\/08\/CRUZ-DEL-EJE-Presentacion-768x768.jpg 768w, https:\/\/atecordoba.org\/wp-content\/uploads\/2022\/08\/CRUZ-DEL-EJE-Presentacion-1536x1536.jpg 1536w, https:\/\/atecordoba.org\/wp-content\/uploads\/2022\/08\/CRUZ-DEL-EJE-Presentacion-2048x2048.jpg 2048w, https:\/\/atecordoba.org\/wp-content\/uploads\/2022\/08\/CRUZ-DEL-EJE-Presentacion-560x560.jpg 560w, https:\/\/atecordoba.org\/wp-content\/uploads\/2022\/08\/CRUZ-DEL-EJE-Presentacion-75x75.jpg 75w, https:\/\/atecordoba.org\/wp-content\/uploads\/2022\/08\/CRUZ-DEL-EJE-Presentacion-350x350.jpg 350w, https:\/\/atecordoba.org\/wp-content\/uploads\/2022\/08\/CRUZ-DEL-EJE-Presentacion-750x750.jpg 750w, https:\/\/atecordoba.org\/wp-content\/uploads\/2022\/08\/CRUZ-DEL-EJE-Presentacion-1140x1140.jpg 1140w\" sizes=\"auto, (max-width: 1024px) 100vw, 1024px\" \/><\/a><\/figure>\n<\/figure>\n\n\n\n<p>Esto se da en el marco de la estrategia para terminar con el hambre. Quienes representamos a los trabajadores sabemos que tenemos compa\u00f1eros y compa\u00f1eras con hambre. En un pa\u00eds hecho de trigo y de carne terminar con el hambre no es menor, y no es menor pedir trabajo genuino para los que no tienen trabajo. En eso articulamos con el bloque piquetero en la unidad estrat\u00e9gica en la acci\u00f3n.<\/p>\n\n\n\n<p>Fuimos convocados a ser parte de la Marcha Federal Piquetera, por mayo cuando pas\u00f3 por C\u00f3rdoba. Despu\u00e9s nosotros los convocamos a la jornada de lucha del 24 de mayo en nuestra provincia, y nos interpelamos en ese acto cuando dijimos \u2018el que se banque la unidad hasta que duela que venga a la construcci\u00f3n de un plenario de organizaciones libres del pueblo para avanzar en un plan de lucha en C\u00f3rdoba\u2019. Y fue as\u00ed durante tres jueves donde participaron organizaciones ambientales que vienen luchando contra el agronegocio de Schiaretti, que fumiga pueblos enteros para garantizar que la soja siga siendo la producci\u00f3n de mayor val\u00eda para la oligarqu\u00eda terrateniente; sumamos la pelea social, piquetera y gremial. Y fue as\u00ed que logramos construir un hecho hist\u00f3rico el 16 de junio, en una jornada de lucha con paro provincial de ATE y la CTA en conjunto con el movimiento piquetero donde nos movilizamos hasta la Legislatura y planteamos esta agenda unificada. Ahora estamos viendo que a nivel nacional tambi\u00e9n es la que se est\u00e1 extendiendo porque ante el ajuste brutal y agresivo que lleva adelante el poder pol\u00edtico y econ\u00f3mico en Argentina, que no solo tiene que ver con quien gobierna sino con el poder real de los formadores de precios, de los que esconden los alimentos, si no lo enfrentamos con una fuerza unificada del pueblo desocupado dif\u00edcilmente podamos resistir el embate de estas pol\u00edticas de ajsute y dar vuelta la tortilla.<\/p>\n\n\n\n<p>&#8211;<strong>Frente a la propuesta de un bono general que difunde el gobieno cu\u00e1l es la mirada que tiene la CTA. Trascendi\u00f3 que un sector de la CGT sali\u00f3 a rechazarlo.<\/strong><\/p>\n\n\n\n<p>F.G.: Ante la propuesta de un bono, nosotros claramente no la vamos a rechazar pero entendemos que es un paliativo, un parche a la dura realidad que vive el pueblo, y entendemos que no debe ser por \u00fanica vez sino incorporado al salario fijo, como un piso. Pero yo creo que hay que discutir dos cosas: no podemos discutir porcentajes sino una cifra de dignidad para no ser pobres. Porque vos podes ganar 30 mil pesos y obtener una paritaria del 100% pero eso implica que vas a seguir siendo pobre. Hay que elevar la discusi\u00f3n a los 119 mil pesos de hoy, ma\u00f1ana va a ser m\u00e1s.<\/p>\n\n\n\n<figure class=\"wp-block-gallery has-nested-images columns-default is-cropped wp-block-gallery-3 is-layout-flex wp-block-gallery-is-layout-flex\">\n<figure class=\"wp-block-image size-large\"><img loading=\"lazy\" decoding=\"async\" width=\"1024\" height=\"1024\" data-id=\"33057\" src=\"https:\/\/atecordoba.org\/wp-content\/uploads\/2022\/08\/SAN-FRANCISCO-1-1024x1024.jpg\" alt=\"\" class=\"wp-image-33057\" srcset=\"https:\/\/atecordoba.org\/wp-content\/uploads\/2022\/08\/SAN-FRANCISCO-1-1024x1024.jpg 1024w, https:\/\/atecordoba.org\/wp-content\/uploads\/2022\/08\/SAN-FRANCISCO-1-300x300.jpg 300w, https:\/\/atecordoba.org\/wp-content\/uploads\/2022\/08\/SAN-FRANCISCO-1-150x150.jpg 150w, https:\/\/atecordoba.org\/wp-content\/uploads\/2022\/08\/SAN-FRANCISCO-1-768x768.jpg 768w, https:\/\/atecordoba.org\/wp-content\/uploads\/2022\/08\/SAN-FRANCISCO-1-1536x1536.jpg 1536w, https:\/\/atecordoba.org\/wp-content\/uploads\/2022\/08\/SAN-FRANCISCO-1-2048x2048.jpg 2048w, https:\/\/atecordoba.org\/wp-content\/uploads\/2022\/08\/SAN-FRANCISCO-1-560x560.jpg 560w, https:\/\/atecordoba.org\/wp-content\/uploads\/2022\/08\/SAN-FRANCISCO-1-75x75.jpg 75w, https:\/\/atecordoba.org\/wp-content\/uploads\/2022\/08\/SAN-FRANCISCO-1-350x350.jpg 350w, https:\/\/atecordoba.org\/wp-content\/uploads\/2022\/08\/SAN-FRANCISCO-1-750x750.jpg 750w, https:\/\/atecordoba.org\/wp-content\/uploads\/2022\/08\/SAN-FRANCISCO-1-1140x1140.jpg 1140w\" sizes=\"auto, (max-width: 1024px) 100vw, 1024px\" \/><\/figure>\n\n\n\n<figure class=\"wp-block-image size-large\"><img loading=\"lazy\" decoding=\"async\" width=\"1024\" height=\"1024\" data-id=\"33056\" src=\"https:\/\/atecordoba.org\/wp-content\/uploads\/2022\/08\/RAWSON-Capital-copia-3-1-1024x1024.jpg\" alt=\"\" class=\"wp-image-33056\" srcset=\"https:\/\/atecordoba.org\/wp-content\/uploads\/2022\/08\/RAWSON-Capital-copia-3-1-1024x1024.jpg 1024w, https:\/\/atecordoba.org\/wp-content\/uploads\/2022\/08\/RAWSON-Capital-copia-3-1-300x300.jpg 300w, https:\/\/atecordoba.org\/wp-content\/uploads\/2022\/08\/RAWSON-Capital-copia-3-1-150x150.jpg 150w, https:\/\/atecordoba.org\/wp-content\/uploads\/2022\/08\/RAWSON-Capital-copia-3-1-768x768.jpg 768w, https:\/\/atecordoba.org\/wp-content\/uploads\/2022\/08\/RAWSON-Capital-copia-3-1-1536x1536.jpg 1536w, https:\/\/atecordoba.org\/wp-content\/uploads\/2022\/08\/RAWSON-Capital-copia-3-1-2048x2048.jpg 2048w, https:\/\/atecordoba.org\/wp-content\/uploads\/2022\/08\/RAWSON-Capital-copia-3-1-560x560.jpg 560w, https:\/\/atecordoba.org\/wp-content\/uploads\/2022\/08\/RAWSON-Capital-copia-3-1-75x75.jpg 75w, https:\/\/atecordoba.org\/wp-content\/uploads\/2022\/08\/RAWSON-Capital-copia-3-1-350x350.jpg 350w, https:\/\/atecordoba.org\/wp-content\/uploads\/2022\/08\/RAWSON-Capital-copia-3-1-750x750.jpg 750w, https:\/\/atecordoba.org\/wp-content\/uploads\/2022\/08\/RAWSON-Capital-copia-3-1-1140x1140.jpg 1140w\" sizes=\"auto, (max-width: 1024px) 100vw, 1024px\" \/><\/figure>\n\n\n\n<figure class=\"wp-block-image size-large\"><img loading=\"lazy\" decoding=\"async\" width=\"1024\" height=\"1024\" data-id=\"33058\" src=\"https:\/\/atecordoba.org\/wp-content\/uploads\/2022\/08\/REUNION-PREELECTORAL-Provincia-copia-2-1-1024x1024.jpg\" alt=\"\" class=\"wp-image-33058\" srcset=\"https:\/\/atecordoba.org\/wp-content\/uploads\/2022\/08\/REUNION-PREELECTORAL-Provincia-copia-2-1-1024x1024.jpg 1024w, https:\/\/atecordoba.org\/wp-content\/uploads\/2022\/08\/REUNION-PREELECTORAL-Provincia-copia-2-1-300x300.jpg 300w, https:\/\/atecordoba.org\/wp-content\/uploads\/2022\/08\/REUNION-PREELECTORAL-Provincia-copia-2-1-150x150.jpg 150w, https:\/\/atecordoba.org\/wp-content\/uploads\/2022\/08\/REUNION-PREELECTORAL-Provincia-copia-2-1-768x768.jpg 768w, https:\/\/atecordoba.org\/wp-content\/uploads\/2022\/08\/REUNION-PREELECTORAL-Provincia-copia-2-1-1536x1536.jpg 1536w, https:\/\/atecordoba.org\/wp-content\/uploads\/2022\/08\/REUNION-PREELECTORAL-Provincia-copia-2-1-2048x2048.jpg 2048w, https:\/\/atecordoba.org\/wp-content\/uploads\/2022\/08\/REUNION-PREELECTORAL-Provincia-copia-2-1-560x560.jpg 560w, https:\/\/atecordoba.org\/wp-content\/uploads\/2022\/08\/REUNION-PREELECTORAL-Provincia-copia-2-1-75x75.jpg 75w, https:\/\/atecordoba.org\/wp-content\/uploads\/2022\/08\/REUNION-PREELECTORAL-Provincia-copia-2-1-350x350.jpg 350w, https:\/\/atecordoba.org\/wp-content\/uploads\/2022\/08\/REUNION-PREELECTORAL-Provincia-copia-2-1-750x750.jpg 750w, https:\/\/atecordoba.org\/wp-content\/uploads\/2022\/08\/REUNION-PREELECTORAL-Provincia-copia-2-1-1140x1140.jpg 1140w\" sizes=\"auto, (max-width: 1024px) 100vw, 1024px\" \/><\/figure>\n<\/figure>\n\n\n\n<p>Pero por otro lado, no tiene sentido discutir aumentos salariales si no paramos la inflaci\u00f3n.&nbsp;Con una inflaci\u00f3n de julio de 7.8 todos los aumentos se terminan yendo por la inflaci\u00f3n. En definitiva, el bono no sirve como parche pero como suma fija es positivo, para el asalariado y el desocupado.<\/p>\n\n\n\n<p>Respecto a la postura de esa CGT, tiene que ver con una dirigencia anquilosada y bur\u00f3crata que no entiende la realidad de la gente. Fijense que en todos estos a\u00f1os de macrismo y de pandemia no hicieron una sola medida de fuerza, reci\u00e9n ahora convocan para el 17 de agosto a pelear contra la inflaci\u00f3n, como si fuera algo abstracto. Hoy en definitiva hay que marchar contra los grupos econ\u00f3micos que forman precios pero tambi\u00e9n contra un gobierno que no hace nada, que tiene una pasividad absoluta, no sabemos si por ineptitud o connivencia, frente a unos precios que no dejan de crecer. &nbsp;Entendemos que es la calle donde se va a poner en la agenda de los poderosos los problemas de la gente de a pie.<\/p>\n\n\n\n<p>Por eso esta elecci\u00f3n de la CTA tiene que ser un hecho pol\u00edtico, no tiene que quedarse en un acto administrativo, una jornada movilizada de las y los compa\u00f1eros convocados a votar, para que la pr\u00f3xima conducci\u00f3n lleve adelante el norte que plasm\u00f3 la CTA aut\u00f3noma de la Provincia de C\u00f3rdoba durante el macrismo y la pandemia, con mucha militancia y mucho recorrido en la provincia. Armamos una Central con nueve distritos, cuando antes ten\u00eda cinco, donde se incorporan organizaciones territoriales y privadas, poniendo militancia y dirigentes nuevos, con un cambio de generacional que se ve en muchos compa\u00f1eros y compa\u00f1eras j\u00f3venes. Es el tiempo que viene. En una provincia que tiene una grave crisis de representatividad sindical, social y partidaria, hemos logrado instalar a la CTA en C\u00f3rdoba Capital y hoy se habla de la CTA Aut\u00f3noma. En la Argentina hay tres Centrales que tienen legitimidad y la misma legalidad: la CGT, la CTA de los Trabajadores y la CTA Aut\u00f3noma. En C\u00f3rdoba Capital, con mucho y poco, con virtudes y debilidades, pero con prepotencia de trabajo, la CTA tiene un lugar para los que no tienen voz en C\u00f3rdoba, ganando espacios de representatividad y posicionamiento pol\u00edtico en la Capital y ese es el camino que debemos seguir.<\/p>\n\n\n\n<p><strong>Panorama provincial<\/strong><\/p>\n\n\n\n<p>&#8211;<strong>Por \u00faltimo, cu\u00e1l es tu mirada del panorama provincial, atento que hace 24 a\u00f1os que gobierna el mismo espacio en C\u00f3rdoba.<\/strong><\/p>\n\n\n\n<p>F.G.: Cuando hablamos de Cordobesismo, decimos que es la suma del PJ cordob\u00e9s y la Ucede de los \u201890. Un partido popular, te dir\u00eda que casi de origen clasista y masivo, le abre las puertas a la fuerza m\u00e1s neoliberal de que ten\u00eda Argentina como la Ucede, cuando Jos\u00e9 Manuel De la Sota convoc\u00f3 a construir a este Frankenstein al nefasto Germ\u00e1n Kammerath,que fue intendente de la ciudad de C\u00f3rdoba.<\/p>\n\n\n\n<p>El camino iniciado en C\u00f3rdoba es el ensayo de lo que se quiere hacer a nivel nacional, con esta cuesti\u00f3n republicana quiere aparecer como una aseguradora de la paz social y el desarrollo econ\u00f3mico. Pero estos 24 a\u00f1os de cordobesismo tuvo como \u00fanico prop\u00f3sito&nbsp; hacer una unidad de negocios y en un cuarto de siglo solo se beneficiaron los grupos econ\u00f3micos del G6, con la Fundaci\u00f3n Mediterr\u00e1nea como faro ideol\u00f3gico.<\/p>\n\n\n\n<figure class=\"wp-block-gallery has-nested-images columns-default is-cropped wp-block-gallery-4 is-layout-flex wp-block-gallery-is-layout-flex\">\n<figure class=\"wp-block-image size-large\"><img loading=\"lazy\" decoding=\"async\" width=\"2560\" height=\"2560\" data-id=\"33049\" src=\"https:\/\/atecordoba.org\/wp-content\/uploads\/2022\/08\/Paredes-Muratore-Giuliani-scaled.jpg\" alt=\"\" class=\"wp-image-33049\" srcset=\"https:\/\/atecordoba.org\/wp-content\/uploads\/2022\/08\/Paredes-Muratore-Giuliani-scaled.jpg 2560w, https:\/\/atecordoba.org\/wp-content\/uploads\/2022\/08\/Paredes-Muratore-Giuliani-300x300.jpg 300w, https:\/\/atecordoba.org\/wp-content\/uploads\/2022\/08\/Paredes-Muratore-Giuliani-1024x1024.jpg 1024w, https:\/\/atecordoba.org\/wp-content\/uploads\/2022\/08\/Paredes-Muratore-Giuliani-150x150.jpg 150w, https:\/\/atecordoba.org\/wp-content\/uploads\/2022\/08\/Paredes-Muratore-Giuliani-768x768.jpg 768w, https:\/\/atecordoba.org\/wp-content\/uploads\/2022\/08\/Paredes-Muratore-Giuliani-1536x1536.jpg 1536w, https:\/\/atecordoba.org\/wp-content\/uploads\/2022\/08\/Paredes-Muratore-Giuliani-2048x2048.jpg 2048w, https:\/\/atecordoba.org\/wp-content\/uploads\/2022\/08\/Paredes-Muratore-Giuliani-560x560.jpg 560w, https:\/\/atecordoba.org\/wp-content\/uploads\/2022\/08\/Paredes-Muratore-Giuliani-75x75.jpg 75w, https:\/\/atecordoba.org\/wp-content\/uploads\/2022\/08\/Paredes-Muratore-Giuliani-350x350.jpg 350w, https:\/\/atecordoba.org\/wp-content\/uploads\/2022\/08\/Paredes-Muratore-Giuliani-750x750.jpg 750w, https:\/\/atecordoba.org\/wp-content\/uploads\/2022\/08\/Paredes-Muratore-Giuliani-1140x1140.jpg 1140w\" sizes=\"auto, (max-width: 2560px) 100vw, 2560px\" \/><\/figure>\n\n\n\n<figure class=\"wp-block-image size-large\"><img loading=\"lazy\" decoding=\"async\" width=\"2560\" height=\"2560\" data-id=\"33051\" src=\"https:\/\/atecordoba.org\/wp-content\/uploads\/2022\/08\/PUNILLA-scaled.jpg\" alt=\"\" class=\"wp-image-33051\" srcset=\"https:\/\/atecordoba.org\/wp-content\/uploads\/2022\/08\/PUNILLA-scaled.jpg 2560w, https:\/\/atecordoba.org\/wp-content\/uploads\/2022\/08\/PUNILLA-300x300.jpg 300w, https:\/\/atecordoba.org\/wp-content\/uploads\/2022\/08\/PUNILLA-1024x1024.jpg 1024w, https:\/\/atecordoba.org\/wp-content\/uploads\/2022\/08\/PUNILLA-150x150.jpg 150w, https:\/\/atecordoba.org\/wp-content\/uploads\/2022\/08\/PUNILLA-768x768.jpg 768w, https:\/\/atecordoba.org\/wp-content\/uploads\/2022\/08\/PUNILLA-1536x1536.jpg 1536w, https:\/\/atecordoba.org\/wp-content\/uploads\/2022\/08\/PUNILLA-2048x2048.jpg 2048w, https:\/\/atecordoba.org\/wp-content\/uploads\/2022\/08\/PUNILLA-560x560.jpg 560w, https:\/\/atecordoba.org\/wp-content\/uploads\/2022\/08\/PUNILLA-75x75.jpg 75w, https:\/\/atecordoba.org\/wp-content\/uploads\/2022\/08\/PUNILLA-350x350.jpg 350w, https:\/\/atecordoba.org\/wp-content\/uploads\/2022\/08\/PUNILLA-750x750.jpg 750w, https:\/\/atecordoba.org\/wp-content\/uploads\/2022\/08\/PUNILLA-1140x1140.jpg 1140w\" sizes=\"auto, (max-width: 2560px) 100vw, 2560px\" \/><\/figure>\n\n\n\n<figure class=\"wp-block-image size-full\"><img loading=\"lazy\" decoding=\"async\" width=\"724\" height=\"698\" data-id=\"33059\" src=\"https:\/\/atecordoba.org\/wp-content\/uploads\/2022\/08\/Asamblea-Min-Desarrollo-Social-Nacion.png\" alt=\"\" class=\"wp-image-33059\" srcset=\"https:\/\/atecordoba.org\/wp-content\/uploads\/2022\/08\/Asamblea-Min-Desarrollo-Social-Nacion.png 724w, https:\/\/atecordoba.org\/wp-content\/uploads\/2022\/08\/Asamblea-Min-Desarrollo-Social-Nacion-300x289.png 300w\" sizes=\"auto, (max-width: 724px) 100vw, 724px\" \/><\/figure>\n<\/figure>\n\n\n\n<p>En ese marco el gobierno no deja de ser un gerente de turno de las pol\u00edticas econ\u00f3micas en la provincia. As\u00ed salen ganando los agronegocios -con la oligarqu\u00eda vacuna, sojera y terrateniente-, Roggio, Urqu\u00eda y Paganni, el megadesarrollo inmobiliario. Cuando se queman miles y miles de hect\u00e1reas de monte en las sierras, a los pocos d\u00edas aparecen las m\u00e1quinas limpiando para instalar los desarrollos inmobiliarios. C\u00f3rdoba es la provincia que menos cuida su ambiente y ahora van a meter una autov\u00eda en Punilla que no solo genera impacto en el ambiente sino tambi\u00e9n en la comunidad, en la arqueolog\u00eda. Tiene que ver con ese modelo donde el supuesto progreso y desarrollo golpea la calidad de vida de nuestra gente. Por eso hoy tiene los peores \u00edndices de desocupaci\u00f3n, de desigualdad social, de precarizaci\u00f3n y de hambre en la Argentina.<\/p>\n\n\n\n<p>Schiaretti sale a vender la provincia como una gran isla, y uno ve los medios de Buenos Aires donde Llaryora invita a los j\u00f3venes estudiantes a venir a C\u00f3rdoba, ac\u00e1 est\u00e1 todo mal. El problema es que nunca se logr\u00f3 construir una alternativa seria en el campo popular para que nuestro pueblo se oriente ah\u00ed y se abra una perspectiva de cambio. Esa es la realidad, de lo contrario no hubieran podido subsistir tanto tiempo.<\/p>\n\n\n\n<p>Por otro lado, la oposici\u00f3n termina siendo aliada de los negocios cotidianos. La UCR y el PJ son dos c\u00e1scaras vac\u00edas que se ponen de acuerdo a la hora de hacer negocios, donde despu\u00e9s se suma el PRO. Pero los apellidos que giran en torno a los grandes partidos pol\u00edticos de C\u00f3rdoba siempre son los mismos desde el advenimiento de la democracia, sean los abuelos, los padres o hijos todo se mueve alrededor de 10 o 15 apellidos. Tiene que ver con esta cuesti\u00f3n hereditaria de poder en C\u00f3rdoba.<\/p>\n\n\n\n<p>Creo que los resultados est\u00e1n a la vista, con grandes ciudades que tienen dos caras: enclavadas en sitios bendecidos por los recursos naturales, con los centros muy bonitos, con mucha obra p\u00fablica, pero que cuando caminas 10 cuadras aparece la otra ciudad, la de los olvidados, los que no tienen techo ni servicios b\u00e1sicos, con los pibes que quedaron fuera de la educaci\u00f3n en la pandemia y no ten\u00edan conectividad. Esa realidad dif\u00edcil tiene que ver con un modelo de ajuste de Schiaretti, sobre todo en lo estatal.<\/p>\n\n\n\n<p>Esa obra p\u00fablica superflua, que no es prioritaria, que venden como la pol\u00edtica que genera puestos de trabajo, pero en definitiva los hospitales nuevos parecen shoppings pero adentro no tienen aparatolog\u00eda ni recursos humanos. As\u00ed no van a poder garantizar pol\u00edticas p\u00fablicas si no hay trabajadores. Por eso C\u00f3rdoba est\u00e1 entre las peores provincias en cuanta a trabajo en negro y precarizado, con sueldos muy mal pagos . El modelo de Schiaretti tiene una pol\u00edtica neoliberal y de ajuste, de un peronismo lavado y republicano, aliado a la oligarqu\u00eda local. &nbsp;<\/p>\n\n\n\n<p>La alternativa es la de los que est\u00e1n luchando en la calle que ponen en perspectiva real los problemas del pueblo trabajador.<\/p>\n","protected":false},"excerpt":{"rendered":"<p>Ante la elecci\u00f3n que renueva la conducci\u00f3n de la Central de Trabajadores de la Argentina Aut\u00f3noma (CTAA), el secretario General de la Central en C\u00f3rdoba Federico Giuliani hizo un balance de los actuado y valor\u00f3 la incorporaci\u00f3n de organizaciones sindicales y territoriales que le dieron cuerpo durante los \u00faltimos cuatro a\u00f1os y abre expectativas de [&hellip;]<\/p>\n","protected":false},"author":7,"featured_media":33039,"comment_status":"open","ping_status":"open","sticky":false,"template":"","format":"standard","meta":{"_exactmetrics_skip_tracking":false,"_exactmetrics_sitenote_active":false,"_exactmetrics_sitenote_note":"","_exactmetrics_sitenote_category":0,"jnews-multi-image_gallery":[],"jnews_single_post":{"subtitle":"Para el secretario General de ATE y CTAA Federico Giuliani las elecciones vienen a ratificar \"una l\u00ednea de trabajo y militancia que asumimos en 2018, cuando nos toc\u00f3 ganar la central a nivel provincial. Ahora el desaf\u00edo es mayor porque nuestra CTA ha crecido en cantidad de afiliados\".","format":"standard","video":"","gallery":"","source_name":"","source_url":"","via_name":"","via_url":"","override_template":"0","override":[{"template":"1","single_blog_custom":"","parallax":"1","fullscreen":"1","layout":"right-sidebar","sidebar":"default-sidebar","second_sidebar":"default-sidebar","sticky_sidebar":"1","share_position":"top","share_float_style":"share-monocrhome","show_share_counter":"1","show_view_counter":"1","show_featured":"1","show_post_meta":"1","show_post_author":"1","show_post_author_image":"1","show_post_date":"1","post_date_format":"default","post_date_format_custom":"Y\/m\/d","show_post_category":"1","show_post_reading_time":"0","post_reading_time_wpm":"300","show_zoom_button":"0","zoom_button_out_step":"2","zoom_button_in_step":"3","show_post_tag":"1","show_prev_next_post":"1","show_popup_post":"1","number_popup_post":"1","show_author_box":"0","show_post_related":"0","show_inline_post_related":"0"}],"override_image_size":"0","image_override":[{"single_post_thumbnail_size":"crop-500","single_post_gallery_size":"crop-500"}],"trending_post":"0","trending_post_position":"meta","trending_post_label":"Trending","sponsored_post":"0","sponsored_post_label":"Sponsored by","sponsored_post_name":"","sponsored_post_url":"","sponsored_post_logo_enable":"0","sponsored_post_logo":"","sponsored_post_desc":"","disable_ad":"0"},"jnews_primary_category":{"id":""},"jnews_social_meta":{"fb_title":"","fb_description":"","fb_image":"","twitter_title":"","twitter_description":"","twitter_image":""},"jnews_review":[],"enable_review":"0","type":"percentage","name":"","summary":"","brand":"","sku":"","good":[{"good_text":""}],"bad":[{"bad_text":""}],"score_override":"","override_value":"","rating":[{"rating_text":"","rating_number":"10"}],"price":[{"shop":"","price":"","link":"","icon":""}],"jnews_override_counter":{"override_view_counter":"0","view_counter_number":"0","override_share_counter":"0","share_counter_number":"0","override_like_counter":"0","like_counter_number":"0","override_dislike_counter":"0","dislike_counter_number":"0"},"jnews_post_split":{"enable_post_split":"0","post_split":[{"template":"1","tag":"h2","numbering":"asc","mode":"normal","first":"0","enable_toc":"0","toc_type":"normal"}]},"footnotes":""},"categories":[92],"tags":[1182,47],"class_list":["post-33030","post","type-post","status-publish","format-standard","has-post-thumbnail","hentry","category-cta","tag-11-de-agosto","tag-elecciones"],"jetpack_featured_media_url":"https:\/\/atecordoba.org\/wp-content\/uploads\/2022\/08\/portadafederico-e1660069915613.jpg","_links":{"self":[{"href":"https:\/\/atecordoba.org\/index.php?rest_route=\/wp\/v2\/posts\/33030","targetHints":{"allow":["GET"]}}],"collection":[{"href":"https:\/\/atecordoba.org\/index.php?rest_route=\/wp\/v2\/posts"}],"about":[{"href":"https:\/\/atecordoba.org\/index.php?rest_route=\/wp\/v2\/types\/post"}],"author":[{"embeddable":true,"href":"https:\/\/atecordoba.org\/index.php?rest_route=\/wp\/v2\/users\/7"}],"replies":[{"embeddable":true,"href":"https:\/\/atecordoba.org\/index.php?rest_route=%2Fwp%2Fv2%2Fcomments&post=33030"}],"version-history":[{"count":4,"href":"https:\/\/atecordoba.org\/index.php?rest_route=\/wp\/v2\/posts\/33030\/revisions"}],"predecessor-version":[{"id":33060,"href":"https:\/\/atecordoba.org\/index.php?rest_route=\/wp\/v2\/posts\/33030\/revisions\/33060"}],"wp:featuredmedia":[{"embeddable":true,"href":"https:\/\/atecordoba.org\/index.php?rest_route=\/wp\/v2\/media\/33039"}],"wp:attachment":[{"href":"https:\/\/atecordoba.org\/index.php?rest_route=%2Fwp%2Fv2%2Fmedia&parent=33030"}],"wp:term":[{"taxonomy":"category","embeddable":true,"href":"https:\/\/atecordoba.org\/index.php?rest_route=%2Fwp%2Fv2%2Fcategories&post=33030"},{"taxonomy":"post_tag","embeddable":true,"href":"https:\/\/atecordoba.org\/index.php?rest_route=%2Fwp%2Fv2%2Ftags&post=33030"}],"curies":[{"name":"wp","href":"https:\/\/api.w.org\/{rel}","templated":true}]}}