{"id":33026,"date":"2022-08-09T12:01:36","date_gmt":"2022-08-09T15:01:36","guid":{"rendered":"https:\/\/atecordoba.org\/?p=33026"},"modified":"2022-08-09T12:01:41","modified_gmt":"2022-08-09T15:01:41","slug":"patota-hay-mucha-prueba-para-que-investigue-el-fiscal-a-cargo-de-la-denuncia","status":"publish","type":"post","link":"https:\/\/atecordoba.org\/?p=33026","title":{"rendered":"Patota: &#8220;hay mucha prueba para que investigue el fiscal a cargo de la denuncia&#8221;"},"content":{"rendered":"\n<div class=\"wp-block-image\"><figure class=\"aligncenter size-full is-resized\"><img loading=\"lazy\" decoding=\"async\" src=\"https:\/\/atecordoba.org\/wp-content\/uploads\/2022\/08\/WhatsApp-Image-2022-08-03-at-10.29.22-AM.jpeg\" alt=\"\" class=\"wp-image-33027\" width=\"743\" height=\"476\" srcset=\"https:\/\/atecordoba.org\/wp-content\/uploads\/2022\/08\/WhatsApp-Image-2022-08-03-at-10.29.22-AM.jpeg 990w, https:\/\/atecordoba.org\/wp-content\/uploads\/2022\/08\/WhatsApp-Image-2022-08-03-at-10.29.22-AM-300x192.jpeg 300w, https:\/\/atecordoba.org\/wp-content\/uploads\/2022\/08\/WhatsApp-Image-2022-08-03-at-10.29.22-AM-768x493.jpeg 768w, https:\/\/atecordoba.org\/wp-content\/uploads\/2022\/08\/WhatsApp-Image-2022-08-03-at-10.29.22-AM-750x481.jpeg 750w\" sizes=\"auto, (max-width: 743px) 100vw, 743px\" \/><\/figure><\/div>\n\n\n\n<p>En una entrevista que dio al programa radial Entre Todo y Todas, que la Secretaria de Prensa de ATE C\u00f3rdoba emite por GEN FM 107.5, la abogada de ATE Mar\u00eda Marta Terragno cont\u00f3 el planteo para que el secretario General de ATE C\u00f3rdoba, Federico Giuliani, se presente como querellante particular en la denuncia contra la patota que atac\u00f3 a las auxiliares de PAICOR y de limpieza de las escuelas provinciales. <\/p>\n\n\n\n<p>Terragno dijo que &#8220;hicimos la presentaci\u00f3n judicial el mismo d\u00eda del ataque, radicada en la Fiscal\u00eda de Distrito 1\u00b0 Turno 4\u00b0, a cargo del dr Ruben Caro. All\u00ed se constituye como querellante Federico Giuliani en su condici\u00f3n de agredido y de secretario general de ATE y de CTA. Podemos sumar mucha prueba a la investigaci\u00f3n, tenemos identificados por las c\u00e1maras que tenemos en la puerta del gremio, quienes son las personas agresoras. Tenemos muchos testigos para que el fiscal investigue y d\u00e9 con los responsables de la agresi\u00f3n que sufrieron estas compa\u00f1eras&#8221;.<\/p>\n\n\n\n<p>Adem\u00e1s, la letrada agreg\u00f3 que  la agresi\u00f3n debe dilucidarse cuanto antes. &#8220;Que otro sindicato ataque una marcha que se moviliza por la mejora en las condiciones de trabajo, golpe\u00e1ndolas con una brutalidad y un ensa\u00f1amiento como el que registraron las c\u00e1maras, da cuenta del estado de gravedad en la cual se encuentran muchos sindicatos en nuestro pa\u00eds, son funcionales a un gobierno de turno y a empresas tambi\u00e9n. Ac\u00e1 hay un inter\u00e9s econ\u00f3mico porque este sindicato burocr\u00e1tico que maneja empresas de limpieza, con lo cual este conflicto afecta su negocio&#8221;, argument\u00f3 para explicar el origen del ataque.<\/p>\n\n\n\n<p>&#8220;M\u00e1s all\u00e1 de la competencia de representaci\u00f3n sindical, donde no es causal que el compa\u00f1ero del gremio CIS es uno de los m\u00e1s agredidos, pero tiene que ver que las trabajadoras sean reconocidas como estatales en tanto cumplen funciones en el Estado provincial&#8221;, cerr\u00f3 la abogada.<\/p>\n","protected":false},"excerpt":{"rendered":"<p>En una entrevista que dio al programa radial Entre Todo y Todas, que la Secretaria de Prensa de ATE C\u00f3rdoba emite por GEN FM 107.5, la abogada de ATE Mar\u00eda Marta Terragno cont\u00f3 el planteo para que el secretario General de ATE C\u00f3rdoba, Federico Giuliani, se presente como querellante particular en la denuncia contra la [&hellip;]<\/p>\n","protected":false},"author":7,"featured_media":33028,"comment_status":"open","ping_status":"open","sticky":false,"template":"","format":"standard","meta":{"_exactmetrics_skip_tracking":false,"_exactmetrics_sitenote_active":false,"_exactmetrics_sitenote_note":"","_exactmetrics_sitenote_category":0,"jnews-multi-image_gallery":[],"jnews_single_post":{"subtitle":"El dr Ruben Caro, de la Fiscal\u00eda Distrito 1\u00b0 Turno 4\u00b0 tiene a su cargo la causa de las agresiones de la patota de Fittipaldi a las auxiliares de PAICOR.","format":"standard","video":"","gallery":"","source_name":"","source_url":"","via_name":"","via_url":"","override_template":"0","override":[{"template":"1","single_blog_custom":"","parallax":"1","fullscreen":"1","layout":"right-sidebar","sidebar":"default-sidebar","second_sidebar":"default-sidebar","sticky_sidebar":"1","share_position":"top","share_float_style":"share-monocrhome","show_share_counter":"1","show_view_counter":"1","show_featured":"1","show_post_meta":"1","show_post_author":"1","show_post_author_image":"1","show_post_date":"1","post_date_format":"default","post_date_format_custom":"Y\/m\/d","show_post_category":"1","show_post_reading_time":"0","post_reading_time_wpm":"300","show_zoom_button":"0","zoom_button_out_step":"2","zoom_button_in_step":"3","show_post_tag":"1","show_prev_next_post":"1","show_popup_post":"1","number_popup_post":"1","show_author_box":"0","show_post_related":"0","show_inline_post_related":"0"}],"override_image_size":"0","image_override":[{"single_post_thumbnail_size":"crop-500","single_post_gallery_size":"crop-500"}],"trending_post":"0","trending_post_position":"meta","trending_post_label":"Trending","sponsored_post":"0","sponsored_post_label":"Sponsored by","sponsored_post_name":"","sponsored_post_url":"","sponsored_post_logo_enable":"0","sponsored_post_logo":"","sponsored_post_desc":"","disable_ad":"0"},"jnews_primary_category":{"id":""},"jnews_social_meta":{"fb_title":"","fb_description":"","fb_image":"","twitter_title":"","twitter_description":"","twitter_image":""},"jnews_review":[],"enable_review":"0","type":"percentage","name":"","summary":"","brand":"","sku":"","good":[{"good_text":""}],"bad":[{"bad_text":""}],"score_override":"","override_value":"","rating":[{"rating_text":"","rating_number":"10"}],"price":[{"shop":"","price":"","link":"","icon":""}],"jnews_override_counter":{"override_view_counter":"0","view_counter_number":"0","override_share_counter":"0","share_counter_number":"0","override_like_counter":"0","like_counter_number":"0","override_dislike_counter":"0","dislike_counter_number":"0"},"jnews_post_split":{"enable_post_split":"0","post_split":[{"template":"1","tag":"h2","numbering":"asc","mode":"normal","first":"0","enable_toc":"0","toc_type":"normal"}]},"footnotes":""},"categories":[92],"tags":[1157,1141,1166],"class_list":["post-33026","post","type-post","status-publish","format-standard","has-post-thumbnail","hentry","category-cta","tag-auxiliares-paicor","tag-paicor","tag-patota"],"jetpack_featured_media_url":"https:\/\/atecordoba.org\/wp-content\/uploads\/2022\/08\/portadaterragno-e1660057284104.jpeg","_links":{"self":[{"href":"https:\/\/atecordoba.org\/index.php?rest_route=\/wp\/v2\/posts\/33026","targetHints":{"allow":["GET"]}}],"collection":[{"href":"https:\/\/atecordoba.org\/index.php?rest_route=\/wp\/v2\/posts"}],"about":[{"href":"https:\/\/atecordoba.org\/index.php?rest_route=\/wp\/v2\/types\/post"}],"author":[{"embeddable":true,"href":"https:\/\/atecordoba.org\/index.php?rest_route=\/wp\/v2\/users\/7"}],"replies":[{"embeddable":true,"href":"https:\/\/atecordoba.org\/index.php?rest_route=%2Fwp%2Fv2%2Fcomments&post=33026"}],"version-history":[{"count":1,"href":"https:\/\/atecordoba.org\/index.php?rest_route=\/wp\/v2\/posts\/33026\/revisions"}],"predecessor-version":[{"id":33029,"href":"https:\/\/atecordoba.org\/index.php?rest_route=\/wp\/v2\/posts\/33026\/revisions\/33029"}],"wp:featuredmedia":[{"embeddable":true,"href":"https:\/\/atecordoba.org\/index.php?rest_route=\/wp\/v2\/media\/33028"}],"wp:attachment":[{"href":"https:\/\/atecordoba.org\/index.php?rest_route=%2Fwp%2Fv2%2Fmedia&parent=33026"}],"wp:term":[{"taxonomy":"category","embeddable":true,"href":"https:\/\/atecordoba.org\/index.php?rest_route=%2Fwp%2Fv2%2Fcategories&post=33026"},{"taxonomy":"post_tag","embeddable":true,"href":"https:\/\/atecordoba.org\/index.php?rest_route=%2Fwp%2Fv2%2Ftags&post=33026"}],"curies":[{"name":"wp","href":"https:\/\/api.w.org\/{rel}","templated":true}]}}