{"id":33019,"date":"2022-08-08T15:54:32","date_gmt":"2022-08-08T18:54:32","guid":{"rendered":"https:\/\/atecordoba.org\/?p=33019"},"modified":"2022-08-08T15:56:16","modified_gmt":"2022-08-08T18:56:16","slug":"patota-fittipaldi-pudo-actuar-por-la-zona-liberada-que-le-facilito-la-policia-de-cordoba","status":"publish","type":"post","link":"https:\/\/atecordoba.org\/?p=33019","title":{"rendered":"Patota: &#8220;Fittipaldi pudo actuar por la zona liberada que le facilit\u00f3 la polic\u00eda de C\u00f3rdoba&#8221;"},"content":{"rendered":"\n<div class=\"wp-block-image\"><figure class=\"alignleft size-full is-resized\"><img decoding=\"async\" src=\"https:\/\/atecordoba.org\/wp-content\/uploads\/2022\/08\/WhatsApp-Image-2022-08-08-at-3.48.06-PM.jpeg\" alt=\"\" class=\"wp-image-33022\" width=\"700\" srcset=\"https:\/\/atecordoba.org\/wp-content\/uploads\/2022\/08\/WhatsApp-Image-2022-08-08-at-3.48.06-PM.jpeg 854w, https:\/\/atecordoba.org\/wp-content\/uploads\/2022\/08\/WhatsApp-Image-2022-08-08-at-3.48.06-PM-300x300.jpeg 300w, https:\/\/atecordoba.org\/wp-content\/uploads\/2022\/08\/WhatsApp-Image-2022-08-08-at-3.48.06-PM-150x150.jpeg 150w, https:\/\/atecordoba.org\/wp-content\/uploads\/2022\/08\/WhatsApp-Image-2022-08-08-at-3.48.06-PM-768x768.jpeg 768w, https:\/\/atecordoba.org\/wp-content\/uploads\/2022\/08\/WhatsApp-Image-2022-08-08-at-3.48.06-PM-560x560.jpeg 560w, https:\/\/atecordoba.org\/wp-content\/uploads\/2022\/08\/WhatsApp-Image-2022-08-08-at-3.48.06-PM-75x75.jpeg 75w, https:\/\/atecordoba.org\/wp-content\/uploads\/2022\/08\/WhatsApp-Image-2022-08-08-at-3.48.06-PM-350x350.jpeg 350w, https:\/\/atecordoba.org\/wp-content\/uploads\/2022\/08\/WhatsApp-Image-2022-08-08-at-3.48.06-PM-750x750.jpeg 750w\" sizes=\"(max-width: 854px) 100vw, 854px\" \/><\/figure><\/div>\n\n\n\n<p>El brutal ataque de la patota de Sergio Fittipaldi, mandam\u00e1s del sindicato de limpieza SOELSAC y presidente del Club Atl\u00e9tico Pe\u00f1arol, a la columna de trabajadoras auxiliares del programa PAICOR que se dirig\u00eda a El Panal a realizar una protesta por las p\u00e9simas condiciones de trabajo y los salarios de miseria -que oscilan de entre 13 mil y 22 mil pesos- sigue generando repercusiones. <\/p>\n\n\n\n<p>La radio de General Pico, La Pampa, AM 980 Radio LU37, entrevist\u00f3 este fin de semana al secretario General de ATE C\u00f3rdoba, Federico Giuliani, para conocer los pormenores de la situaci\u00f3n. <\/p>\n\n\n\n<p>En el programa &#8220;Palabras S\u00f3lo Palabras&#8221;, que conduce el periodista Alberto Bastia, Giuliani explic\u00f3 que la protesta fue resultado de la situaci\u00f3n de &#8220;6000 compa\u00f1eras se est\u00e1n organizando en ATE y CTA, peleando por salarios dignos y mejoras en las condiciones de trabajo&#8221;<\/p>\n\n\n\n<p>&#8220;As\u00ed fue el que el 28 de julio hicimos una movilizaci\u00f3n donde fuimos interceptados por el sindicato de la limpieza af\u00edn de Juan Schaiaretti, que nos emboc\u00f3 y nos golpe\u00f3. El titular del gremio se llama Fittipaldi, que es el titular de las 62 organizaciones y parte del partido gobernante, adem\u00e1s de presidente del Club Pe\u00f1arol, donde maneja una patota que es barra brava y act\u00faa tambi\u00e9n como matones y matonas sindicales llegado el caso&#8221;, explic\u00f3 Giuliani. <\/p>\n\n\n\n<p>Y avanz\u00f3 se\u00f1alando que &#8220;este dirigente cumple un rol fundamental en el negocio de negrear y esclavizar a las compa\u00f1eras porque Schiaretti apunta a la tercerizaci\u00f3n de los servicios y est\u00e1 privatizando la limpieza de las escuelas. Para eso utilizan las empresas fantasmas, algunas de las cuales tienen como accionistas a funcionarios y al propio Fittipaldi&#8221;. <\/p>\n\n\n\n<p>Giuliani prosigui\u00f3 relatando que &#8220;estos tipos nos golpearon, nos robaron cosas, esgrimieron armas de fuego, cuando nuestra columna estaba compuesta en un 80% de mujeres, de compa\u00f1eros con hijos. Esta patota nos golpe\u00f3 salvajemente, tenemos 11 lesionados, nos amenazaron de muerte, nos robaron los celulares y se metieron adentro del sindicato. Todo esto con la mirada c\u00f3mplice de la polic\u00eda de C\u00f3rdoba, que dej\u00f3 la zona liberada y permiti\u00f3 esta salvajada. As\u00ed y todo logramos movilizarnos a Casa de Gobierno y entregamos un petitorio con m\u00e1s de 1500 firmas para que reconozca a estas compa\u00f1eras como estatales. Y tambi\u00e9n hicimos la denuncia penal contra este sujeto y contra los matones para que la causa no quede impune. Hay muchas c\u00e1maras en la cuadra donde est\u00e1 nuestra sede, donde est\u00e1n identificados los agresores que son mafiosos con v\u00ednculos con el poder pol\u00edtico&#8221;.<\/p>\n\n\n\n<div class=\"wp-block-image\"><figure class=\"alignright size-large is-resized\"><img loading=\"lazy\" decoding=\"async\" src=\"https:\/\/atecordoba.org\/wp-content\/uploads\/2022\/08\/WhatsApp-Image-2022-08-08-at-3.50.09-PM-1024x576.jpeg\" alt=\"\" class=\"wp-image-33020\" width=\"768\" height=\"432\" srcset=\"https:\/\/atecordoba.org\/wp-content\/uploads\/2022\/08\/WhatsApp-Image-2022-08-08-at-3.50.09-PM-1024x576.jpeg 1024w, https:\/\/atecordoba.org\/wp-content\/uploads\/2022\/08\/WhatsApp-Image-2022-08-08-at-3.50.09-PM-300x169.jpeg 300w, https:\/\/atecordoba.org\/wp-content\/uploads\/2022\/08\/WhatsApp-Image-2022-08-08-at-3.50.09-PM-768x432.jpeg 768w, https:\/\/atecordoba.org\/wp-content\/uploads\/2022\/08\/WhatsApp-Image-2022-08-08-at-3.50.09-PM-750x422.jpeg 750w, https:\/\/atecordoba.org\/wp-content\/uploads\/2022\/08\/WhatsApp-Image-2022-08-08-at-3.50.09-PM.jpeg 1080w\" sizes=\"auto, (max-width: 768px) 100vw, 768px\" \/><\/figure><\/div>\n\n\n\n<p><strong>Cordobesismo<\/strong>:<strong> modelo liberal para el pa\u00eds<\/strong><\/p>\n\n\n\n<p>El dirigente dijo que &#8220;es vergonzoso que el Gobierno de C\u00f3rdoba no pague mejores salarios y encima pretenda privatizar los servicios que se prestan dentro de las escuelas. En muchas escuelas no se cocina sino que las raciones las traen empresas privadas, igual que la limpieza. Adem\u00e1s muchas de las empresas est\u00e1n ligadas a funcionarios de Schiaretti y a Sergio Fittipaldi&#8221;.<\/p>\n\n\n\n<p>Consultado sobre los movimientos pol\u00edticos de Schiaretti, Giuliani fustig\u00f3 al gobernador por promover su figura como dirigente nacional mientras no resuelve los problemas que tiene a su cargo en C\u00f3rdoba. &#8220;Ahora se junto con Manes. Peo en C\u00f3rdoba aparecen todos estos personajes representantes de los grandes grupos econ\u00f3micos, hace no mucho vino Larreta. Hay un ensayo de construir una fuerza liberal compuesta por varios partidos porque las grande fuerzas argentinas no tienen diferencias ideol\u00f3gicas. Piensan pr\u00e1cticamente lo mismo, garantizando las ganancias de los grupos econ\u00f3micos y despu\u00e9s la libertad de mercado. No es como antes, no hay UCR ni PJ, hay unidades de negocios, cascaras vac\u00edas que utilizan estos personajes para terminar siendo gerentes de los grupos econ\u00f3micos&#8221;, se\u00f1al\u00f3 Giuliani.<\/p>\n\n\n\n<p>Y ampli\u00f3: &#8220;cuando hablamos de cordobesismo es sin\u00f3nimo del peronismo cordob\u00e9s. No es el PJ de Ricardo Obreg\u00f3n Cano, sino un Pj lavado que de la mano de Jos\u00e9 Manuel De la Sota comenzaron a implementarse acuerdo pol\u00edticos con fuerzas como la Ucede. No olvidemos que Germ\u00e1n Kammerath fue intendente de C\u00f3rdoba capital de la mano de peronismo. Por eso decimos que el cordobesismo es un PJ neoliberal&#8221;. <\/p>\n\n\n\n<p>Para escuchar la entrevista completa <a href=\"https:\/\/ar.radiocut.fm\/audiocut\/f-giuliani-agresion-a-trabajadores-auxiliares-y-paicor-cordoba\/\">ingresar ac\u00e1<\/a>.<\/p>\n\n\n\n\n\n<p><\/p>\n\n\n\n<p><\/p>\n\n\n\n<p><\/p>\n","protected":false},"excerpt":{"rendered":"<p>El brutal ataque de la patota de Sergio Fittipaldi, mandam\u00e1s del sindicato de limpieza SOELSAC y presidente del Club Atl\u00e9tico Pe\u00f1arol, a la columna de trabajadoras auxiliares del programa PAICOR que se dirig\u00eda a El Panal a realizar una protesta por las p\u00e9simas condiciones de trabajo y los salarios de miseria -que oscilan de entre [&hellip;]<\/p>\n","protected":false},"author":7,"featured_media":33021,"comment_status":"open","ping_status":"open","sticky":false,"template":"","format":"standard","meta":{"_exactmetrics_skip_tracking":false,"_exactmetrics_sitenote_active":false,"_exactmetrics_sitenote_note":"","_exactmetrics_sitenote_category":0,"jnews-multi-image_gallery":[],"jnews_single_post":{"subtitle":"Entrevistado pro una radio de General Pico, Federico Giuliani dijo que \"es vergonzoso que el Gobierno de C\u00f3rdoba no pague mejores salarios y encima pretenda privatizar los servicios que se prestan dentro de las escuelas. Muchas de las empresas que tercerizan los servicios de limpieza est\u00e1n ligadas a funcionarios de Schiaretti y a Fittipaldi\". As\u00ed explic\u00f3 el dirigente de ATE la intervenci\u00f3n de la patota que agredi\u00f3 a las auxiliares de PAICOR que reclaman su reconocimiento como trabajadoras del Estado provincial.","format":"standard","video":"","gallery":"","source_name":"","source_url":"","via_name":"","via_url":"","override_template":"0","override":[{"template":"1","single_blog_custom":"","parallax":"1","fullscreen":"1","layout":"right-sidebar","sidebar":"default-sidebar","second_sidebar":"default-sidebar","sticky_sidebar":"1","share_position":"top","share_float_style":"share-monocrhome","show_share_counter":"1","show_view_counter":"1","show_featured":"1","show_post_meta":"1","show_post_author":"1","show_post_author_image":"1","show_post_date":"1","post_date_format":"default","post_date_format_custom":"Y\/m\/d","show_post_category":"1","show_post_reading_time":"0","post_reading_time_wpm":"300","show_zoom_button":"0","zoom_button_out_step":"2","zoom_button_in_step":"3","show_post_tag":"1","show_prev_next_post":"1","show_popup_post":"1","number_popup_post":"1","show_author_box":"0","show_post_related":"0","show_inline_post_related":"0"}],"override_image_size":"0","image_override":[{"single_post_thumbnail_size":"crop-500","single_post_gallery_size":"crop-500"}],"trending_post":"0","trending_post_position":"meta","trending_post_label":"Trending","sponsored_post":"0","sponsored_post_label":"Sponsored by","sponsored_post_name":"","sponsored_post_url":"","sponsored_post_logo_enable":"0","sponsored_post_logo":"","sponsored_post_desc":"","disable_ad":"0"},"jnews_primary_category":{"id":""},"jnews_social_meta":{"fb_title":"","fb_description":"","fb_image":"","twitter_title":"","twitter_description":"","twitter_image":""},"jnews_review":[],"enable_review":"0","type":"percentage","name":"","summary":"","brand":"","sku":"","good":[{"good_text":""}],"bad":[{"bad_text":""}],"score_override":"","override_value":"","rating":[{"rating_text":"","rating_number":"10"}],"price":[{"shop":"","price":"","link":"","icon":""}],"jnews_override_counter":{"override_view_counter":"0","view_counter_number":"0","override_share_counter":"0","share_counter_number":"0","override_like_counter":"0","like_counter_number":"0","override_dislike_counter":"0","dislike_counter_number":"0"},"jnews_post_split":{"enable_post_split":"0","post_split":[{"template":"1","tag":"h2","numbering":"asc","mode":"normal","first":"0","enable_toc":"0","toc_type":"normal"}]},"footnotes":""},"categories":[341],"tags":[1157,713,1163,1141,1162],"class_list":["post-33019","post","type-post","status-publish","format-standard","has-post-thumbnail","hentry","category-cdp","tag-auxiliares-paicor","tag-denuncia-penal","tag-fittipaldi","tag-paicor","tag-patota-sindical"],"jetpack_featured_media_url":"https:\/\/atecordoba.org\/wp-content\/uploads\/2022\/08\/portadagiuliani-e1659984792628.jpeg","_links":{"self":[{"href":"https:\/\/atecordoba.org\/index.php?rest_route=\/wp\/v2\/posts\/33019","targetHints":{"allow":["GET"]}}],"collection":[{"href":"https:\/\/atecordoba.org\/index.php?rest_route=\/wp\/v2\/posts"}],"about":[{"href":"https:\/\/atecordoba.org\/index.php?rest_route=\/wp\/v2\/types\/post"}],"author":[{"embeddable":true,"href":"https:\/\/atecordoba.org\/index.php?rest_route=\/wp\/v2\/users\/7"}],"replies":[{"embeddable":true,"href":"https:\/\/atecordoba.org\/index.php?rest_route=%2Fwp%2Fv2%2Fcomments&post=33019"}],"version-history":[{"count":2,"href":"https:\/\/atecordoba.org\/index.php?rest_route=\/wp\/v2\/posts\/33019\/revisions"}],"predecessor-version":[{"id":33025,"href":"https:\/\/atecordoba.org\/index.php?rest_route=\/wp\/v2\/posts\/33019\/revisions\/33025"}],"wp:featuredmedia":[{"embeddable":true,"href":"https:\/\/atecordoba.org\/index.php?rest_route=\/wp\/v2\/media\/33021"}],"wp:attachment":[{"href":"https:\/\/atecordoba.org\/index.php?rest_route=%2Fwp%2Fv2%2Fmedia&parent=33019"}],"wp:term":[{"taxonomy":"category","embeddable":true,"href":"https:\/\/atecordoba.org\/index.php?rest_route=%2Fwp%2Fv2%2Fcategories&post=33019"},{"taxonomy":"post_tag","embeddable":true,"href":"https:\/\/atecordoba.org\/index.php?rest_route=%2Fwp%2Fv2%2Ftags&post=33019"}],"curies":[{"name":"wp","href":"https:\/\/api.w.org\/{rel}","templated":true}]}}