{"id":33013,"date":"2022-08-08T14:59:15","date_gmt":"2022-08-08T17:59:15","guid":{"rendered":"https:\/\/atecordoba.org\/?p=33013"},"modified":"2022-08-08T14:59:19","modified_gmt":"2022-08-08T17:59:19","slug":"adicciones-charla-con-las-madres-territoriales-de-san-francisco","status":"publish","type":"post","link":"https:\/\/atecordoba.org\/?p=33013","title":{"rendered":"Adicciones: charla con las Madres Territoriales de San Francisco"},"content":{"rendered":"\n<div class=\"wp-block-image\"><figure class=\"aligncenter size-full\"><img decoding=\"async\" src=\"https:\/\/atecordoba.org\/wp-content\/uploads\/2022\/08\/portada.jpg\" alt=\"\" class=\"wp-image-33014\" \/><\/figure><\/div>\n\n\n\n<p>Con el apoyo de la seccional ATE San Justo, la organizaci\u00f3n Madres Territoriales de de San Francisco realiz\u00f3 la semana pasada una charla sobre &#8220;Prevenci\u00f3n y abordaje en consumo problem\u00e1tico \u2013 suicidios desde los primeros auxilios psicol\u00f3gicos&#8221;.<\/p>\n\n\n\n<p>La actividad se realiz\u00f3 en el sal\u00f3n principal Jockey Club de San Francisco y cont\u00f3 con la participaci\u00f3n de la Regional San Francisco de la CTA Aut\u00f3noma.<\/p>\n\n\n\n<figure class=\"wp-block-gallery has-nested-images columns-default is-cropped wp-block-gallery-1 is-layout-flex wp-block-gallery-is-layout-flex\">\n<figure class=\"wp-block-image size-large\"><img loading=\"lazy\" decoding=\"async\" width=\"1024\" height=\"768\" data-id=\"33016\" src=\"https:\/\/atecordoba.org\/wp-content\/uploads\/2022\/08\/298031113_5522808971074457_2315813824656801554_n-1024x768.jpg\" alt=\"\" class=\"wp-image-33016\" srcset=\"https:\/\/atecordoba.org\/wp-content\/uploads\/2022\/08\/298031113_5522808971074457_2315813824656801554_n-1024x768.jpg 1024w, https:\/\/atecordoba.org\/wp-content\/uploads\/2022\/08\/298031113_5522808971074457_2315813824656801554_n-300x225.jpg 300w, https:\/\/atecordoba.org\/wp-content\/uploads\/2022\/08\/298031113_5522808971074457_2315813824656801554_n-768x576.jpg 768w, https:\/\/atecordoba.org\/wp-content\/uploads\/2022\/08\/298031113_5522808971074457_2315813824656801554_n-1536x1152.jpg 1536w, https:\/\/atecordoba.org\/wp-content\/uploads\/2022\/08\/298031113_5522808971074457_2315813824656801554_n-750x563.jpg 750w, https:\/\/atecordoba.org\/wp-content\/uploads\/2022\/08\/298031113_5522808971074457_2315813824656801554_n-1140x855.jpg 1140w, https:\/\/atecordoba.org\/wp-content\/uploads\/2022\/08\/298031113_5522808971074457_2315813824656801554_n.jpg 2048w\" sizes=\"auto, (max-width: 1024px) 100vw, 1024px\" \/><\/figure>\n\n\n\n<figure class=\"wp-block-image size-large\"><img loading=\"lazy\" decoding=\"async\" width=\"768\" height=\"1024\" data-id=\"33017\" src=\"https:\/\/atecordoba.org\/wp-content\/uploads\/2022\/08\/297761599_5522808737741147_6076600151110035613_n-768x1024.jpg\" alt=\"\" class=\"wp-image-33017\" srcset=\"https:\/\/atecordoba.org\/wp-content\/uploads\/2022\/08\/297761599_5522808737741147_6076600151110035613_n-768x1024.jpg 768w, https:\/\/atecordoba.org\/wp-content\/uploads\/2022\/08\/297761599_5522808737741147_6076600151110035613_n-225x300.jpg 225w, https:\/\/atecordoba.org\/wp-content\/uploads\/2022\/08\/297761599_5522808737741147_6076600151110035613_n-1152x1536.jpg 1152w, https:\/\/atecordoba.org\/wp-content\/uploads\/2022\/08\/297761599_5522808737741147_6076600151110035613_n-750x1000.jpg 750w, https:\/\/atecordoba.org\/wp-content\/uploads\/2022\/08\/297761599_5522808737741147_6076600151110035613_n-1140x1520.jpg 1140w, https:\/\/atecordoba.org\/wp-content\/uploads\/2022\/08\/297761599_5522808737741147_6076600151110035613_n.jpg 1536w\" sizes=\"auto, (max-width: 768px) 100vw, 768px\" \/><\/figure>\n\n\n\n<figure class=\"wp-block-image size-large\"><img loading=\"lazy\" decoding=\"async\" width=\"1024\" height=\"472\" data-id=\"33015\" src=\"https:\/\/atecordoba.org\/wp-content\/uploads\/2022\/08\/298100078_5522809637741057_6766985756230128875_n-1024x472.jpg\" alt=\"\" class=\"wp-image-33015\" srcset=\"https:\/\/atecordoba.org\/wp-content\/uploads\/2022\/08\/298100078_5522809637741057_6766985756230128875_n-1024x472.jpg 1024w, https:\/\/atecordoba.org\/wp-content\/uploads\/2022\/08\/298100078_5522809637741057_6766985756230128875_n-300x138.jpg 300w, https:\/\/atecordoba.org\/wp-content\/uploads\/2022\/08\/298100078_5522809637741057_6766985756230128875_n-768x354.jpg 768w, https:\/\/atecordoba.org\/wp-content\/uploads\/2022\/08\/298100078_5522809637741057_6766985756230128875_n-1536x708.jpg 1536w, https:\/\/atecordoba.org\/wp-content\/uploads\/2022\/08\/298100078_5522809637741057_6766985756230128875_n-750x345.jpg 750w, https:\/\/atecordoba.org\/wp-content\/uploads\/2022\/08\/298100078_5522809637741057_6766985756230128875_n-1140x525.jpg 1140w, https:\/\/atecordoba.org\/wp-content\/uploads\/2022\/08\/298100078_5522809637741057_6766985756230128875_n.jpg 1600w\" sizes=\"auto, (max-width: 1024px) 100vw, 1024px\" \/><\/figure>\n<\/figure>\n\n\n\n<p>El encuentro organizado desde el Departamento de G\u00e9nero y Adicciones la seccional, cont\u00f3 con compromiso e inter\u00e9s sobre la tem\u00e1tica presentada por el  licenciado Axel Banfi, director del Centro Internacional de Capacitaciones.<\/p>\n\n\n\n<p>Los organizadores agradecieron a Oscar Peralta, presidente de \u00c1ngeles en Acci\u00f3n de la localidad de Arroyito por ser el nexo conector .<\/p>\n\n\n\n<p>Una de las madres presentes destac\u00f3 que agosto es &#8220;un mes muy particular y con sentimientos encontrados. Abrazo con mi coraz\u00f3n al coraz\u00f3n de la familia de Oscar, donde se cumpli\u00f3 el d\u00eda jueves el segundo aniversario que Angel Matias tom\u00f3 esta decisi\u00f3n de irse. Ma\u00f1ana mi Angel Jona estar\u00eda cumpliendo 26 a\u00f1os y el 31 de este mismo mes 7 a\u00f1os de su partida&#8221;.<\/p>\n\n\n\n<p>Por tal motivo, explicaron, redoblamos el agradecimiento de su presencia comprendiendo el significado y el valor que significa para nosotros esta jornada .<br>concientizar, hablar sobre salud mental, que es iniciativa y compromiso, empat\u00eda y sororidad. &#8220;Estamos convencidos que hablar sobre adicciones o suicidio no es promoverlo es prevenirlo, gracias a cada participante dejando plasmado con su presencia el compromiso ante la sociedad&#8221;, apuntaron desde el panel.<\/p>\n\n\n\n<p>Los agradecimientos se hicieron extensivos a:<\/p>\n\n\n\n<ul class=\"wp-block-list\"><li>a los funcionarios de diferentes localidades aleda\u00f1as \u2013 Morteros, Brinkmann, Freyre, Devoto y Frontera.<\/li><li>a docentes- referentes de organizaciones sociales ,educativas y deportivas<\/li><li>profesionales y no profesionales . familiares y publico en general \u2013<\/li><li>al secretario General de ATE San Justo, Dar\u00edo Paredes, por confiar una vez mas dando un si rotundo ante los proyectos de trabajo presentado. Pero sobre todo a estas mujeres valientes,determinadas a no rendirse , madres territoriales, madres de hijos propios e hijos ajenos.<\/li><\/ul>\n","protected":false},"excerpt":{"rendered":"<p>Con el apoyo de la seccional ATE San Justo, la organizaci\u00f3n Madres Territoriales de de San Francisco realiz\u00f3 la semana pasada una charla sobre &#8220;Prevenci\u00f3n y abordaje en consumo problem\u00e1tico \u2013 suicidios desde los primeros auxilios psicol\u00f3gicos&#8221;. La actividad se realiz\u00f3 en el sal\u00f3n principal Jockey Club de San Francisco y cont\u00f3 con la participaci\u00f3n [&hellip;]<\/p>\n","protected":false},"author":7,"featured_media":33014,"comment_status":"open","ping_status":"open","sticky":false,"template":"","format":"standard","meta":{"_exactmetrics_skip_tracking":false,"_exactmetrics_sitenote_active":false,"_exactmetrics_sitenote_note":"","_exactmetrics_sitenote_category":0,"jnews-multi-image_gallery":[],"jnews_single_post":{"subtitle":"La actividad se realiz\u00f3 en el sal\u00f3n principal Jockey Club de San Francisco y cont\u00f3 con la participaci\u00f3n de la Regional San Francisco de la CTA Aut\u00f3noma.","format":"standard","video":"","gallery":"","source_name":"","source_url":"","via_name":"","via_url":"","override_template":"0","override":[{"template":"1","single_blog_custom":"","parallax":"1","fullscreen":"1","layout":"right-sidebar","sidebar":"default-sidebar","second_sidebar":"default-sidebar","sticky_sidebar":"1","share_position":"top","share_float_style":"share-monocrhome","show_share_counter":"1","show_view_counter":"1","show_featured":"1","show_post_meta":"1","show_post_author":"1","show_post_author_image":"1","show_post_date":"1","post_date_format":"default","post_date_format_custom":"Y\/m\/d","show_post_category":"1","show_post_reading_time":"0","post_reading_time_wpm":"300","show_zoom_button":"0","zoom_button_out_step":"2","zoom_button_in_step":"3","show_post_tag":"1","show_prev_next_post":"1","show_popup_post":"1","number_popup_post":"1","show_author_box":"0","show_post_related":"0","show_inline_post_related":"0"}],"override_image_size":"0","image_override":[{"single_post_thumbnail_size":"crop-500","single_post_gallery_size":"crop-500"}],"trending_post":"0","trending_post_position":"meta","trending_post_label":"Trending","sponsored_post":"0","sponsored_post_label":"Sponsored by","sponsored_post_name":"","sponsored_post_url":"","sponsored_post_logo_enable":"0","sponsored_post_logo":"","sponsored_post_desc":"","disable_ad":"0"},"jnews_primary_category":{"id":""},"jnews_social_meta":{"fb_title":"","fb_description":"","fb_image":"","twitter_title":"","twitter_description":"","twitter_image":""},"jnews_review":[],"enable_review":"0","type":"percentage","name":"","summary":"","brand":"","sku":"","good":[{"good_text":""}],"bad":[{"bad_text":""}],"score_override":"","override_value":"","rating":[{"rating_text":"","rating_number":"10"}],"price":[{"shop":"","price":"","link":"","icon":""}],"jnews_override_counter":{"override_view_counter":"0","view_counter_number":"0","override_share_counter":"0","share_counter_number":"0","override_like_counter":"0","like_counter_number":"0","override_dislike_counter":"0","dislike_counter_number":"0"},"jnews_post_split":{"enable_post_split":"0","post_split":[{"template":"1","tag":"h2","numbering":"asc","mode":"normal","first":"0","enable_toc":"0","toc_type":"normal"}]},"footnotes":""},"categories":[75,92,148],"tags":[1180,1181],"class_list":["post-33013","post","type-post","status-publish","format-standard","has-post-thumbnail","hentry","category-accion-social","category-cta","category-san-justo","tag-adicciones","tag-madres-territoriales-san-francisco"],"jetpack_featured_media_url":"https:\/\/atecordoba.org\/wp-content\/uploads\/2022\/08\/portada-e1659981548542.jpg","_links":{"self":[{"href":"https:\/\/atecordoba.org\/index.php?rest_route=\/wp\/v2\/posts\/33013","targetHints":{"allow":["GET"]}}],"collection":[{"href":"https:\/\/atecordoba.org\/index.php?rest_route=\/wp\/v2\/posts"}],"about":[{"href":"https:\/\/atecordoba.org\/index.php?rest_route=\/wp\/v2\/types\/post"}],"author":[{"embeddable":true,"href":"https:\/\/atecordoba.org\/index.php?rest_route=\/wp\/v2\/users\/7"}],"replies":[{"embeddable":true,"href":"https:\/\/atecordoba.org\/index.php?rest_route=%2Fwp%2Fv2%2Fcomments&post=33013"}],"version-history":[{"count":1,"href":"https:\/\/atecordoba.org\/index.php?rest_route=\/wp\/v2\/posts\/33013\/revisions"}],"predecessor-version":[{"id":33018,"href":"https:\/\/atecordoba.org\/index.php?rest_route=\/wp\/v2\/posts\/33013\/revisions\/33018"}],"wp:featuredmedia":[{"embeddable":true,"href":"https:\/\/atecordoba.org\/index.php?rest_route=\/wp\/v2\/media\/33014"}],"wp:attachment":[{"href":"https:\/\/atecordoba.org\/index.php?rest_route=%2Fwp%2Fv2%2Fmedia&parent=33013"}],"wp:term":[{"taxonomy":"category","embeddable":true,"href":"https:\/\/atecordoba.org\/index.php?rest_route=%2Fwp%2Fv2%2Fcategories&post=33013"},{"taxonomy":"post_tag","embeddable":true,"href":"https:\/\/atecordoba.org\/index.php?rest_route=%2Fwp%2Fv2%2Ftags&post=33013"}],"curies":[{"name":"wp","href":"https:\/\/api.w.org\/{rel}","templated":true}]}}