{"id":33007,"date":"2022-08-08T12:56:16","date_gmt":"2022-08-08T15:56:16","guid":{"rendered":"https:\/\/atecordoba.org\/?p=33007"},"modified":"2022-08-08T12:58:23","modified_gmt":"2022-08-08T15:58:23","slug":"el-cis-cta-tambien-denuncio-a-la-patota-del-soelsac-y-el-club-penarol-ante-la-afa-y-a-la-liga-cordobesa","status":"publish","type":"post","link":"https:\/\/atecordoba.org\/?p=33007","title":{"rendered":"El CIS-CTA tambi\u00e9n denunci\u00f3 a la patota del SOELSAC y el Club Pe\u00f1arol ante la AFA y a la Liga Cordobesa"},"content":{"rendered":"\n<p><\/p>\n\n\n\n<div class=\"wp-block-image\"><figure class=\"aligncenter size-full\"><img decoding=\"async\" src=\"https:\/\/atecordoba.org\/wp-content\/uploads\/2022\/08\/CIS_NTOA-AFA.png\" alt=\"\" class=\"wp-image-33009\" \/><\/figure><\/div>\n\n\n\n<p>El secretario General Nacional del Sindicato Joven de Comercio, Industria y Servicios (CIS-CTA), Gustavo C\u00f3rdoba, apunt\u00f3 contra<a href=\"https:\/\/atecordoba.org\/?p=32828\"> los atacantes del sindicato de la limpieza que dieron una brutal golpiza<\/a> a la columna de trabajadores y trabajadoras el pasado 28 de julio, mientras se movilizaban las auxiliares de PAICOR por blanqueo y mejoras salariales. <\/p>\n\n\n\n<p>Dirigentes y activistas del CIS que se encontraban en el lugar resultaron golpeados, junto a compa\u00f1eros y compa\u00f1eras de ATE y a las axuliares de PAICOR, por la mafia que combina a la burocracia sindical del SOELSAC y matones de la barra brava del Club Pe\u00f1arol, . Tanto la instituci\u00f3n deportiva como el sindicato de limpieza tienen como m\u00e1ximo referente a Sergio Fittipaldi, de fuerte v\u00ednculo con el gobierno de Schiaretti. <\/p>\n\n\n\n<figure class=\"wp-block-embed alignright is-type-rich is-provider-twitter wp-block-embed-twitter\"><div class=\"wp-block-embed__wrapper\">\n<blockquote class=\"twitter-tweet\" data-width=\"500\" data-dnt=\"true\"><p lang=\"es\" dir=\"ltr\">Video que prueba la premeditaci\u00f3n de la patota del sindicato <a href=\"https:\/\/twitter.com\/soelsac_ok?ref_src=twsrc%5Etfw\">@soelsac_ok<\/a> que esper\u00f3 a la columna de ATE-CTA-A Cba, para atacar con golpes y amenazar con armas de fuego.<br>El grupo de delincuentes estuvo encabezado por David Fittipaldi, hermano del sec. gral del gremio de limpieza. <a href=\"https:\/\/t.co\/SLyxZFIDjM\">pic.twitter.com\/SLyxZFIDjM<\/a><\/p>&mdash; Sindicato Joven CIS CTA (@SindicatoJoven1) <a href=\"https:\/\/twitter.com\/SindicatoJoven1\/status\/1552854747991793666?ref_src=twsrc%5Etfw\">July 29, 2022<\/a><\/blockquote><script async src=\"https:\/\/platform.twitter.com\/widgets.js\" charset=\"utf-8\"><\/script>\n<\/div><\/figure>\n\n\n\n<p>El ataque dej\u00f3 un saldo de varias compa\u00f1eras y compa\u00f1eros contusos. Vale se\u00f1alar que el 80% de la columna que se manifestaba ese jueves eran mujeres, muchas acompa\u00f1adas de sus hijes, lo que da cuenta de la gravedad de los da\u00f1os causados.<\/p>\n\n\n\n<p>En ese sentido C\u00f3rdoba explic\u00f3 que &#8220;lo que nosotros hicimos como primer medida, fue identificar a los agresores en conjunto con los trabajadores, habilitando una l\u00ednea de contacto para que cualquier persona que identificara o conociera al grupo agresor, a partir de los videos, filmaciones y las pruebas que aport\u00f3 ATE. Recibimos muchos datos pero se identific\u00f3 principalmente a la familia Fittipaldi en la direcci\u00f3n del ataque&#8221;.<\/p>\n\n\n\n<figure class=\"wp-block-embed alignleft is-type-rich is-provider-facebook wp-block-embed-facebook\"><div class=\"wp-block-embed__wrapper\">\nhttps:\/\/www.facebook.com\/351661828510533\/posts\/pfbid0FucF5Sxb5QzpAFCkeaZb8GbG6FC3kCp6khMVAy7GXnBuFtGtxvJaQCEf2mYj5zNLl\/?sfnsn=scwspmo\n<\/div><\/figure>\n\n\n\n<p>Adem\u00e1s, C\u00f3rdoba dijo que &#8220;cuando tuvimos identificados a uno de ellos, que es parte de la comisi\u00f3n directiva, llamado David Fittipaldi, es que iniciamos las denuncias ante la Asociaci\u00f3n del F\u00fatbol Argentino (AFA) por el tema de la presencia de barras bravas en los conflictos sindicales o movilizaciones para reprimir trabajadores, y lo propio con la Liga Cordobesa de F\u00fatbol, porque en alg\u00fan punto tienen una responsabilidad social como instituciones y tienen el poder para por lo menos llamar la atenci\u00f3n a los clubes, que caen en estas pr\u00e1cticas donde muchas veces la barra brava no tiene nada que ver con el servicio de un empresario, pero en este caso, lo est\u00e1 al servicio del propio presidente del club y del propio sindicalista&#8221;, denunci\u00f3 C\u00f3rdoba.<\/p>\n\n\n\n<p>&#8220;Al mismo tiempo, intimamos a Sergio Fittipaldi para que cese las amenazas de muerte, robos y agresiones f\u00edsicas de los empleados del SOELSAC, como es el caso de su hermano David Fittipaldi, que integr\u00f3 la patota y lo tenemos identificado&#8221;, resumi\u00f3 el dirigente. Para C\u00f3rdoba Fittipaldi fue el autor intelectual del ataque.<\/p>\n\n\n\n<p><strong>Zona liberada<\/strong><\/p>\n\n\n\n<p>Al mismo tiempo el CIS-CTA envi\u00f3 una nota al gobernador Schiaretti &#8220;porque lo que se vio ah\u00ed es la zona liberada&#8221;. &#8220;Todos los poderes del Estado estuvieron ausentes. Es importante dejar registro de esto porque sino se va tejiendo otra capa de impunidad. Fueron los trabajadores la clave para dar con todos, para identificarlos. Son los mismos que van a los lugares de trabajo y los aprietan o amenazan, los hacen echar, entonces fue f\u00e1cil identificar al entorno de Fittipaldi comandando ese ataque como se ve en los videos por ejemplo como atacan a Walter Camino a partir de que tiene un cruce con uno de ellos. El de los Fittipaldi se corre para atr\u00e1s y le da la orden a los dem\u00e1s para que lo ataquen y as\u00ed fue. Ellos no meten una mano, pero dirigen&#8221;.<\/p>\n\n\n\n<p>C\u00f3rdoba concluy\u00f3 explicando &#8220;el objetivo nuestro es que este ataque no quede impune. Identificar, denunciar y seguir. Esta es la finalidad de estas primeras presentaciones, despu\u00e9s iremos viendo qu\u00e9 responde Fittipaldi, como principal responsable y actor intelectual. Del Gobierno de la Provincia de C\u00f3rdoba no tenemos muchas expectativas pero el principal responsable ese tambi\u00e9n est\u00e1 interpelado, veremos que responden&#8221;.<\/p>\n\n\n\n<p><strong>Giuliani explic\u00f3 que pas\u00f3<\/strong><\/p>\n\n\n\n<p>En una entrevista radial, el secretario General de ATE C\u00f3rdoba, Federico Giuliani, detall\u00f3 c\u00f3mo sucedieron los hechos, <a href=\"https:\/\/atecordoba.org\/?p=33001\">que derivaron en una denuncia penal <\/a>contra Fittipaldi y su s\u00e9quito de matones. <\/p>\n\n\n\n<p>&#8220;En C\u00f3rdoba tenemos 6000 compa\u00f1eras se est\u00e1n organizando en ATE y CTA, por salarios dignos y mejoras en las condiciones de trabajo, por lo cual el 28 de julio hicimos una movilizaci\u00f3n donde fuimos interceptados por el sindicato de la limpieza, af\u00edn de Juan Schaiaretti, que nos emboc\u00f3 y nos golpe\u00f3. El titular del gremio se llama Fittipaldi y es el titular de las 62 Organizaciones, parte del partido gobernante. Este dirigente cumple un rol fundamental en el negocio de negrear y esclavizar a las compa\u00f1eros. Schiaretti avanza en la tercerizaci\u00f3n de los servicios y est\u00e1 privatizando la limpieza de las escuelas y muchas de las empresas fantasmas tienen como accionistas a funcionarios y al propio Fittipaldi, con lo cual no solo tienen el negocio sino que adem\u00e1s la caradurez de afiliarlas a las compa\u00f1eras&#8221;, manifest\u00f3 Giuliani.<\/p>\n\n\n\n<p>Y continu\u00f3: &#8220;estos tipos nos golpearon, nos robaron cosas, esgrimieron armas de fuego, cuando nuestra columna estaba compuesta en un 80% de mujeres, compa\u00f1eros con hijos. En ese contexto vinieron barras bravas del equipo de f\u00fatbol Pe\u00f1arol, donde el presidente es el propio Fittipaldi. Esta patota nos golpe\u00f3 salvajemente, tenemos 11 lesionados, nos amenazaron de muerte, nos robaron los celulares y se metieron adentro del sindicato&#8221;.<\/p>\n\n\n\n<figure class=\"wp-block-embed aligncenter is-type-rich is-provider-facebook wp-block-embed-facebook\"><div class=\"wp-block-embed__wrapper\">\nhttps:\/\/www.facebook.com\/SindicatoJovenCIS\/photos\/a.356048351405214\/1787049281638440\/\n<\/div><\/figure>\n\n\n\n<p><strong>Mirada c\u00f3mplice <\/strong><\/p>\n\n\n\n<p>Giuliani dijo que toda la situaci\u00f3n se produjo que &#8220;con la mirada c\u00f3mplice de la Polic\u00eda de C\u00f3rdoba, que dej\u00f3 la zona liberada y permiti\u00f3 esta salvajada. As\u00ed y todo logramos movilizarnos a Casa de Gobierno y entregamos un petitorio con m\u00e1s de 1500 firmas para que reconozca a estas compa\u00f1eras como estatales. Y tambi\u00e9n hicimos la denuncia penal contra este sujeto y contra los matones para que la causa no quede impune. Hay muchas c\u00e1maras en la cuadra donde est\u00e1 nuestra sede, donde est\u00e1n identificados los agresores que son mafiosos con v\u00ednculos con el poder pol\u00edtico.<\/p>\n\n\n\n<p><\/p>\n","protected":false},"excerpt":{"rendered":"<p>El secretario General Nacional del Sindicato Joven de Comercio, Industria y Servicios (CIS-CTA), Gustavo C\u00f3rdoba, apunt\u00f3 contra los atacantes del sindicato de la limpieza que dieron una brutal golpiza a la columna de trabajadores y trabajadoras el pasado 28 de julio, mientras se movilizaban las auxiliares de PAICOR por blanqueo y mejoras salariales. Dirigentes y [&hellip;]<\/p>\n","protected":false},"author":7,"featured_media":33009,"comment_status":"open","ping_status":"open","sticky":false,"template":"","format":"standard","meta":{"_exactmetrics_skip_tracking":false,"_exactmetrics_sitenote_active":false,"_exactmetrics_sitenote_note":"","_exactmetrics_sitenote_category":0,"jnews-multi-image_gallery":[],"jnews_single_post":{"subtitle":"\"Identificamos a los agresores e iniciamos las denuncias ante la Asociaci\u00f3n del F\u00fatbol Argentino (AFA) por el tema de la presencia de barras bravas en los conflictos sindicales o movilizaciones para reprimir trabajadores, y lo propio con la Liga Cordobesa de F\u00fatbol, porque en alg\u00fan punto tienen una responsabilidad social como instituciones\", explic\u00f3 el secretario General, Gustavo C\u00f3rdoba.","format":"standard","video":"","gallery":"","source_name":"","source_url":"","via_name":"","via_url":"","override_template":"0","override":[{"template":"1","single_blog_custom":"","parallax":"1","fullscreen":"1","layout":"right-sidebar","sidebar":"default-sidebar","second_sidebar":"default-sidebar","sticky_sidebar":"1","share_position":"top","share_float_style":"share-monocrhome","show_share_counter":"1","show_view_counter":"1","show_featured":"1","show_post_meta":"1","show_post_author":"1","show_post_author_image":"1","show_post_date":"1","post_date_format":"default","post_date_format_custom":"Y\/m\/d","show_post_category":"1","show_post_reading_time":"0","post_reading_time_wpm":"300","show_zoom_button":"0","zoom_button_out_step":"2","zoom_button_in_step":"3","show_post_tag":"1","show_prev_next_post":"1","show_popup_post":"1","number_popup_post":"1","show_author_box":"0","show_post_related":"0","show_inline_post_related":"0"}],"override_image_size":"0","image_override":[{"single_post_thumbnail_size":"crop-500","single_post_gallery_size":"crop-500"}],"trending_post":"0","trending_post_position":"meta","trending_post_label":"Trending","sponsored_post":"0","sponsored_post_label":"Sponsored by","sponsored_post_name":"","sponsored_post_url":"","sponsored_post_logo_enable":"0","sponsored_post_logo":"","sponsored_post_desc":"","disable_ad":"0"},"jnews_primary_category":{"id":""},"jnews_social_meta":{"fb_title":"","fb_description":"","fb_image":"","twitter_title":"","twitter_description":"","twitter_image":""},"jnews_review":[],"enable_review":"0","type":"percentage","name":"","summary":"","brand":"","sku":"","good":[{"good_text":""}],"bad":[{"bad_text":""}],"score_override":"","override_value":"","rating":[{"rating_text":"","rating_number":"10"}],"price":[{"shop":"","price":"","link":"","icon":""}],"jnews_override_counter":{"override_view_counter":"0","view_counter_number":"0","override_share_counter":"0","share_counter_number":"0","override_like_counter":"0","like_counter_number":"0","override_dislike_counter":"0","dislike_counter_number":"0"},"jnews_post_split":{"enable_post_split":"0","post_split":[{"template":"1","tag":"h2","numbering":"asc","mode":"normal","first":"0","enable_toc":"0","toc_type":"normal"}]},"footnotes":""},"categories":[92],"tags":[1178,1157,1177,1179,1141],"class_list":["post-33007","post","type-post","status-publish","format-standard","has-post-thumbnail","hentry","category-cta","tag-afa","tag-auxiliares-paicor","tag-cis-cta","tag-denuncia-barra-brava","tag-paicor"],"jetpack_featured_media_url":"https:\/\/atecordoba.org\/wp-content\/uploads\/2022\/08\/CIS_NTOA-AFA-e1659974170588.png","_links":{"self":[{"href":"https:\/\/atecordoba.org\/index.php?rest_route=\/wp\/v2\/posts\/33007","targetHints":{"allow":["GET"]}}],"collection":[{"href":"https:\/\/atecordoba.org\/index.php?rest_route=\/wp\/v2\/posts"}],"about":[{"href":"https:\/\/atecordoba.org\/index.php?rest_route=\/wp\/v2\/types\/post"}],"author":[{"embeddable":true,"href":"https:\/\/atecordoba.org\/index.php?rest_route=\/wp\/v2\/users\/7"}],"replies":[{"embeddable":true,"href":"https:\/\/atecordoba.org\/index.php?rest_route=%2Fwp%2Fv2%2Fcomments&post=33007"}],"version-history":[{"count":3,"href":"https:\/\/atecordoba.org\/index.php?rest_route=\/wp\/v2\/posts\/33007\/revisions"}],"predecessor-version":[{"id":33012,"href":"https:\/\/atecordoba.org\/index.php?rest_route=\/wp\/v2\/posts\/33007\/revisions\/33012"}],"wp:featuredmedia":[{"embeddable":true,"href":"https:\/\/atecordoba.org\/index.php?rest_route=\/wp\/v2\/media\/33009"}],"wp:attachment":[{"href":"https:\/\/atecordoba.org\/index.php?rest_route=%2Fwp%2Fv2%2Fmedia&parent=33007"}],"wp:term":[{"taxonomy":"category","embeddable":true,"href":"https:\/\/atecordoba.org\/index.php?rest_route=%2Fwp%2Fv2%2Fcategories&post=33007"},{"taxonomy":"post_tag","embeddable":true,"href":"https:\/\/atecordoba.org\/index.php?rest_route=%2Fwp%2Fv2%2Ftags&post=33007"}],"curies":[{"name":"wp","href":"https:\/\/api.w.org\/{rel}","templated":true}]}}