{"id":32986,"date":"2022-08-04T12:43:37","date_gmt":"2022-08-04T15:43:37","guid":{"rendered":"https:\/\/atecordoba.org\/?p=32986"},"modified":"2022-08-04T14:43:30","modified_gmt":"2022-08-04T17:43:30","slug":"ate-respalda-la-apertura-de-concursos-en-la-provincia-pero-reclama-que-se-atienda-incorpore-a-todos-los-precarizados","status":"publish","type":"post","link":"https:\/\/atecordoba.org\/?p=32986","title":{"rendered":"ATE respalda la apertura de concursos en la Provincia pero reclama que se incorpore a todas las y los precarizados\/as"},"content":{"rendered":"\n<div class=\"wp-block-image\"><figure class=\"aligncenter size-large is-resized\"><img loading=\"lazy\" decoding=\"async\" src=\"https:\/\/atecordoba.org\/wp-content\/uploads\/2022\/08\/WhatsApp-Image-2022-08-04-at-11.09.23-AM-1024x576.jpeg\" alt=\"\" class=\"wp-image-32987\" width=\"768\" height=\"432\"\/><figcaption>El delegado de ATE Osvaldo Reynaldo<\/figcaption><\/figure><\/div>\n\n\n\n<p>&#8220;Desde ya que estas modificaciones responden a las necesidades pol\u00edticas y electorales del gobierno provincial y del acomodo de funcionarios afines a Jos\u00e9 Pihen, en los mandos medios sobre todo&#8221;, dijo el delegado y  explic\u00f3: &#8220;en sus art\u00edculos deja librados los cupos a criterio de la gobernaci\u00f3n y con participaci\u00f3n exclusiva del SEP, como unicato oficial, excluyendo a ATE y al resto de los gremios representativos del Estado&#8221;.<\/p>\n\n\n\n<p><strong>Criterios arbitrarios<\/strong> <br>Para el delegado &#8220;estas modificaciones a la Ley 9361, tienen un impacto directo en las leyes 7625 y 7233, del Equipo de Salud humana y Administrativos y Personal de Servicios Generales, para la selecci\u00f3n de cargos de conducci\u00f3n y planta permanente en los tramos de ejecuci\u00f3n u operativos de las respectivas leyes. Los criterios son arbitrarios y abiertos a la discrecionalidad del Poder Ejecutivo, con el aval del unicato sindical, ya que solamente hace un recorte de los tiempos de pase a planta permanente, de cinco a dos a\u00f1os, entre otras cuestiones. De esta forma, facilita la selecci\u00f3n de agentes p\u00fablicos con obediencia pol\u00edtica para la selecci\u00f3n de los mismos, al contar en la junta de selecci\u00f3n y evaluaci\u00f3n, solamente al SEP&#8221;, apunto el delegado.<\/p>\n\n\n\n<p>De esta forma, se excluye de hecho a ATE de cualquier participaci\u00f3n en el proceso que lleve adelante la Junta de Evaluaci\u00f3n para los cargos de conducci\u00f3n, entre otras. &#8220;Est\u00e1n priorizando la selecci\u00f3n de la planta pol\u00edtica del gobierno y del SEP, en los procedimientos selectivos a llevarse a cabo&#8221;, se\u00f1al\u00f3, para luego agregar que &#8220;tambi\u00e9n van a ser discriminados y\/o limitados  los contratos operativos de las leyes 7625 y 7233, en un caso por el cupo a discreci\u00f3n de la gobernaci\u00f3n y en el otro por la pertenencia afiliatoria al SEP&#8221;. &#8220;Los de menor categor\u00edas, para la Ley 7233, ser\u00eda de la 1 a la 5, d\u00f3nde a partir de la quinta con curso de conducci\u00f3n pod\u00e9s aspirar a concursar, m\u00e1s all\u00e1 que el tope de la misma es de la 1 a la 7&#8221;, explic\u00f3.<\/p>\n\n\n\n<p><strong>Parche<\/strong><br>&#8220;El tema m\u00e1s que nada es el pase a planta permanente, que para la 7236 y 7625 el acceso, ya sea por cinco o dos a\u00f1os como acortan ahora, est\u00e1 mediado, filtrado, por la afiliaci\u00f3n al SEP y sujeto pol\u00edtico del gobierno provincial, al excluir una vez m\u00e1s a nuestra organizaci\u00f3n y otras con representaci\u00f3n&#8221;, critic\u00f3 el delegado.<\/p>\n\n\n\n<p>En realidad estas modificaciones se dan en un contexto de alt\u00edsima nivel de precarizaci\u00f3n laboral de contratos no sujetos a derechos como son las figuras de becas y monotributos. &#8220;Est\u00e1s modificaciones vienen como respuesta pol\u00edtica para acomodar en puestos de mandos a la gente del SEP y a funcionarios del gobernador y tambi\u00e9n a dar estabilidad al nivel de ejecuci\u00f3n de la Administraci\u00f3n P\u00fablica a quienes se someten a la afiliaci\u00f3n al SEP&#8221;, dijo. &#8220;Es un parche que deja afuera a los becarios y monotributistas, que ocupan gran parte del organigrama funcional del Estado Provincial&#8221;, concluy\u00f3.<\/p>\n","protected":false},"excerpt":{"rendered":"<p>&#8220;Desde ya que estas modificaciones responden a las necesidades pol\u00edticas y electorales del gobierno provincial y del acomodo de funcionarios afines a Jos\u00e9 Pihen, en los mandos medios sobre todo&#8221;, dijo el delegado y explic\u00f3: &#8220;en sus art\u00edculos deja librados los cupos a criterio de la gobernaci\u00f3n y con participaci\u00f3n exclusiva del SEP, como unicato [&hellip;]<\/p>\n","protected":false},"author":7,"featured_media":32987,"comment_status":"open","ping_status":"open","sticky":false,"template":"","format":"standard","meta":{"_exactmetrics_skip_tracking":false,"_exactmetrics_sitenote_active":false,"_exactmetrics_sitenote_note":"","_exactmetrics_sitenote_category":0,"jnews-multi-image_gallery":[],"jnews_single_post":{"subtitle":"Frente al proyecto de ley aprobado por la Legislatura que establece las modificaciones del Escalaf\u00f3n para la Administraci\u00f3n P\u00fablica Provincial y del R\u00e9gimen del Personal de Salud a los fines de abrir concursos para el pase a planta permanente de \"5 mil contratados\", el delegado de ATE Osvaldo Reynaldo -del Hospital San Roque Viejo- expres\u00f3 su desaz\u00f3n ya que el mismo \"no da respuestas a la necesidad de todas las y los contratados\".","format":"standard","video":"","gallery":"","source_name":"","source_url":"","via_name":"","via_url":"","override_template":"0","override":[{"template":"1","single_blog_custom":"","parallax":"1","fullscreen":"1","layout":"right-sidebar","sidebar":"default-sidebar","second_sidebar":"default-sidebar","sticky_sidebar":"1","share_position":"top","share_float_style":"share-monocrhome","show_share_counter":"1","show_view_counter":"1","show_featured":"1","show_post_meta":"1","show_post_author":"1","show_post_author_image":"1","show_post_date":"1","post_date_format":"default","post_date_format_custom":"Y\/m\/d","show_post_category":"1","show_post_reading_time":"0","post_reading_time_wpm":"300","show_zoom_button":"0","zoom_button_out_step":"2","zoom_button_in_step":"3","show_post_tag":"1","show_prev_next_post":"1","show_popup_post":"1","number_popup_post":"1","show_author_box":"0","show_post_related":"0","show_inline_post_related":"0"}],"override_image_size":"0","image_override":[{"single_post_thumbnail_size":"crop-500","single_post_gallery_size":"crop-500"}],"trending_post":"0","trending_post_position":"meta","trending_post_label":"Trending","sponsored_post":"0","sponsored_post_label":"Sponsored by","sponsored_post_name":"","sponsored_post_url":"","sponsored_post_logo_enable":"0","sponsored_post_logo":"","sponsored_post_desc":"","disable_ad":"0"},"jnews_primary_category":{"id":""},"jnews_social_meta":{"fb_title":"","fb_description":"","fb_image":"","twitter_title":"","twitter_description":"","twitter_image":""},"jnews_review":[],"enable_review":"0","type":"percentage","name":"","summary":"","brand":"","sku":"","good":[{"good_text":""}],"bad":[{"bad_text":""}],"score_override":"","override_value":"","rating":[{"rating_text":"","rating_number":"10"}],"price":[{"shop":"","price":"","link":"","icon":""}],"jnews_override_counter":{"override_view_counter":"0","view_counter_number":"0","override_share_counter":"0","share_counter_number":"0","override_like_counter":"0","like_counter_number":"0","override_dislike_counter":"0","dislike_counter_number":"0"},"jnews_post_split":{"enable_post_split":"0","post_split":[{"template":"1","tag":"h2","numbering":"asc","mode":"normal","first":"0","enable_toc":"0","toc_type":"normal"}]},"footnotes":""},"categories":[8],"tags":[620,1175,1176],"class_list":["post-32986","post","type-post","status-publish","format-standard","has-post-thumbnail","hentry","category-provinciales","tag-concursos","tag-estado-provincial","tag-ley-pihen"],"jetpack_featured_media_url":"https:\/\/atecordoba.org\/wp-content\/uploads\/2022\/08\/WhatsApp-Image-2022-08-04-at-11.09.23-AM-e1659628004347.jpeg","_links":{"self":[{"href":"https:\/\/atecordoba.org\/index.php?rest_route=\/wp\/v2\/posts\/32986","targetHints":{"allow":["GET"]}}],"collection":[{"href":"https:\/\/atecordoba.org\/index.php?rest_route=\/wp\/v2\/posts"}],"about":[{"href":"https:\/\/atecordoba.org\/index.php?rest_route=\/wp\/v2\/types\/post"}],"author":[{"embeddable":true,"href":"https:\/\/atecordoba.org\/index.php?rest_route=\/wp\/v2\/users\/7"}],"replies":[{"embeddable":true,"href":"https:\/\/atecordoba.org\/index.php?rest_route=%2Fwp%2Fv2%2Fcomments&post=32986"}],"version-history":[{"count":8,"href":"https:\/\/atecordoba.org\/index.php?rest_route=\/wp\/v2\/posts\/32986\/revisions"}],"predecessor-version":[{"id":33000,"href":"https:\/\/atecordoba.org\/index.php?rest_route=\/wp\/v2\/posts\/32986\/revisions\/33000"}],"wp:featuredmedia":[{"embeddable":true,"href":"https:\/\/atecordoba.org\/index.php?rest_route=\/wp\/v2\/media\/32987"}],"wp:attachment":[{"href":"https:\/\/atecordoba.org\/index.php?rest_route=%2Fwp%2Fv2%2Fmedia&parent=32986"}],"wp:term":[{"taxonomy":"category","embeddable":true,"href":"https:\/\/atecordoba.org\/index.php?rest_route=%2Fwp%2Fv2%2Fcategories&post=32986"},{"taxonomy":"post_tag","embeddable":true,"href":"https:\/\/atecordoba.org\/index.php?rest_route=%2Fwp%2Fv2%2Ftags&post=32986"}],"curies":[{"name":"wp","href":"https:\/\/api.w.org\/{rel}","templated":true}]}}