{"id":32954,"date":"2022-08-03T15:30:05","date_gmt":"2022-08-03T18:30:05","guid":{"rendered":"https:\/\/atecordoba.org\/?p=32954"},"modified":"2022-08-03T15:30:10","modified_gmt":"2022-08-03T18:30:10","slug":"asamblea-en-senaf-denuncia-pesimas-condiciones-de-trabajo-y-persecucion-antisindical","status":"publish","type":"post","link":"https:\/\/atecordoba.org\/?p=32954","title":{"rendered":"Asamblea en SENAF denuncia p\u00e9simas condiciones de trabajo y persecuci\u00f3n antisindical"},"content":{"rendered":"\n<div class=\"wp-block-image\"><figure class=\"aligncenter size-large is-resized\"><img loading=\"lazy\" decoding=\"async\" src=\"https:\/\/atecordoba.org\/wp-content\/uploads\/2022\/08\/WhatsApp-Image-2022-08-02-at-1.27.08-PM-1024x576.jpeg\" alt=\"\" class=\"wp-image-32957\" width=\"768\" height=\"432\" srcset=\"https:\/\/atecordoba.org\/wp-content\/uploads\/2022\/08\/WhatsApp-Image-2022-08-02-at-1.27.08-PM-1024x576.jpeg 1024w, https:\/\/atecordoba.org\/wp-content\/uploads\/2022\/08\/WhatsApp-Image-2022-08-02-at-1.27.08-PM-300x169.jpeg 300w, https:\/\/atecordoba.org\/wp-content\/uploads\/2022\/08\/WhatsApp-Image-2022-08-02-at-1.27.08-PM-768x432.jpeg 768w, https:\/\/atecordoba.org\/wp-content\/uploads\/2022\/08\/WhatsApp-Image-2022-08-02-at-1.27.08-PM-1536x864.jpeg 1536w, https:\/\/atecordoba.org\/wp-content\/uploads\/2022\/08\/WhatsApp-Image-2022-08-02-at-1.27.08-PM-750x422.jpeg 750w, https:\/\/atecordoba.org\/wp-content\/uploads\/2022\/08\/WhatsApp-Image-2022-08-02-at-1.27.08-PM-1140x641.jpeg 1140w, https:\/\/atecordoba.org\/wp-content\/uploads\/2022\/08\/WhatsApp-Image-2022-08-02-at-1.27.08-PM.jpeg 1599w\" sizes=\"auto, (max-width: 768px) 100vw, 768px\" \/><\/figure><\/div>\n\n\n\n<p>En una asamblea realizada ayer en el Complejo Pizzurno, trabajadoras y trabajadores de la Secretar\u00eda de Ni\u00f1ez, Adolescencia y Familia (SENAF) denunciaron p\u00e9simas condiciones de trabajo en el organismo y reclamaron el pase a planta permanente del personal precarizado, ART para cubrir accidentes de trabajo y agresiones que sufren en las residencias del organismo, donde est\u00e1n alojados j\u00f3venes que, seg\u00fan el caso, se encuentran en conflicto con la ley.<\/p>\n\n\n\n<p>En la oportunidad, estuvieron presentes el secretario General de ATE C\u00f3rdoba, Federico Giuliani, el secretario de Formaci\u00f3n y director del Departamento de DDHH, C\u00e9sar Theaux, junto a delegados y activistas de nuestro gremio. <\/p>\n\n\n\n<figure class=\"wp-block-gallery has-nested-images columns-default is-cropped wp-block-gallery-1 is-layout-flex wp-block-gallery-is-layout-flex\">\n<figure class=\"wp-block-image size-large\"><img loading=\"lazy\" decoding=\"async\" width=\"1024\" height=\"576\" data-id=\"32962\" src=\"https:\/\/atecordoba.org\/wp-content\/uploads\/2022\/08\/WhatsApp-Image-2022-08-02-at-1.27.05-PM-1-1-1024x576.jpeg\" alt=\"\" class=\"wp-image-32962\" srcset=\"https:\/\/atecordoba.org\/wp-content\/uploads\/2022\/08\/WhatsApp-Image-2022-08-02-at-1.27.05-PM-1-1-1024x576.jpeg 1024w, https:\/\/atecordoba.org\/wp-content\/uploads\/2022\/08\/WhatsApp-Image-2022-08-02-at-1.27.05-PM-1-1-300x169.jpeg 300w, https:\/\/atecordoba.org\/wp-content\/uploads\/2022\/08\/WhatsApp-Image-2022-08-02-at-1.27.05-PM-1-1-768x432.jpeg 768w, https:\/\/atecordoba.org\/wp-content\/uploads\/2022\/08\/WhatsApp-Image-2022-08-02-at-1.27.05-PM-1-1-1536x864.jpeg 1536w, https:\/\/atecordoba.org\/wp-content\/uploads\/2022\/08\/WhatsApp-Image-2022-08-02-at-1.27.05-PM-1-1-750x422.jpeg 750w, https:\/\/atecordoba.org\/wp-content\/uploads\/2022\/08\/WhatsApp-Image-2022-08-02-at-1.27.05-PM-1-1-1140x641.jpeg 1140w, https:\/\/atecordoba.org\/wp-content\/uploads\/2022\/08\/WhatsApp-Image-2022-08-02-at-1.27.05-PM-1-1.jpeg 1599w\" sizes=\"auto, (max-width: 1024px) 100vw, 1024px\" \/><\/figure>\n\n\n\n<figure class=\"wp-block-image size-large\"><img loading=\"lazy\" decoding=\"async\" width=\"1024\" height=\"576\" data-id=\"32963\" src=\"https:\/\/atecordoba.org\/wp-content\/uploads\/2022\/08\/WhatsApp-Image-2022-08-02-at-1.27.05-PM-2-1024x576.jpeg\" alt=\"\" class=\"wp-image-32963\" srcset=\"https:\/\/atecordoba.org\/wp-content\/uploads\/2022\/08\/WhatsApp-Image-2022-08-02-at-1.27.05-PM-2-1024x576.jpeg 1024w, https:\/\/atecordoba.org\/wp-content\/uploads\/2022\/08\/WhatsApp-Image-2022-08-02-at-1.27.05-PM-2-300x169.jpeg 300w, https:\/\/atecordoba.org\/wp-content\/uploads\/2022\/08\/WhatsApp-Image-2022-08-02-at-1.27.05-PM-2-768x432.jpeg 768w, https:\/\/atecordoba.org\/wp-content\/uploads\/2022\/08\/WhatsApp-Image-2022-08-02-at-1.27.05-PM-2-1536x864.jpeg 1536w, https:\/\/atecordoba.org\/wp-content\/uploads\/2022\/08\/WhatsApp-Image-2022-08-02-at-1.27.05-PM-2-750x422.jpeg 750w, https:\/\/atecordoba.org\/wp-content\/uploads\/2022\/08\/WhatsApp-Image-2022-08-02-at-1.27.05-PM-2-1140x641.jpeg 1140w, https:\/\/atecordoba.org\/wp-content\/uploads\/2022\/08\/WhatsApp-Image-2022-08-02-at-1.27.05-PM-2.jpeg 1599w\" sizes=\"auto, (max-width: 1024px) 100vw, 1024px\" \/><\/figure>\n\n\n\n<figure class=\"wp-block-image size-large\"><img loading=\"lazy\" decoding=\"async\" width=\"1024\" height=\"576\" data-id=\"32961\" src=\"https:\/\/atecordoba.org\/wp-content\/uploads\/2022\/08\/WhatsApp-Image-2022-08-02-at-1.27.04-PM-2-1024x576.jpeg\" alt=\"\" class=\"wp-image-32961\" srcset=\"https:\/\/atecordoba.org\/wp-content\/uploads\/2022\/08\/WhatsApp-Image-2022-08-02-at-1.27.04-PM-2-1024x576.jpeg 1024w, https:\/\/atecordoba.org\/wp-content\/uploads\/2022\/08\/WhatsApp-Image-2022-08-02-at-1.27.04-PM-2-300x169.jpeg 300w, https:\/\/atecordoba.org\/wp-content\/uploads\/2022\/08\/WhatsApp-Image-2022-08-02-at-1.27.04-PM-2-768x432.jpeg 768w, https:\/\/atecordoba.org\/wp-content\/uploads\/2022\/08\/WhatsApp-Image-2022-08-02-at-1.27.04-PM-2-1536x864.jpeg 1536w, https:\/\/atecordoba.org\/wp-content\/uploads\/2022\/08\/WhatsApp-Image-2022-08-02-at-1.27.04-PM-2-750x422.jpeg 750w, https:\/\/atecordoba.org\/wp-content\/uploads\/2022\/08\/WhatsApp-Image-2022-08-02-at-1.27.04-PM-2-1140x641.jpeg 1140w, https:\/\/atecordoba.org\/wp-content\/uploads\/2022\/08\/WhatsApp-Image-2022-08-02-at-1.27.04-PM-2.jpeg 1599w\" sizes=\"auto, (max-width: 1024px) 100vw, 1024px\" \/><\/figure>\n<\/figure>\n\n\n\n<p>Las y los trabajadores presentes integran el cuerpo de profesionales de la Casa de Preegreso de Varones y describieron un dif\u00edcil panorama debido a la falta de personal, la precarizaci\u00f3n del personal y el d\u00e9ficit de recursos.<\/p>\n\n\n\n<p>&#8220;Hay compa\u00f1eros que los obligan a requisar los dormitorios y a hacer los test de consumo, encerrando a los chico en un ba\u00f1o para orinar en un frasco esterilizado y hacer controles de consumo de drogas. Eso es totalmente ilegal, no son tareas de un educador y menos de una mujer sola en un turno&#8221;, denunci\u00f3 una trabajadora.<\/p>\n\n\n\n<p>Otra compa\u00f1era denunci\u00f3 &#8220;Hace dos meses se perdi\u00f3 esa funci\u00f3n y no solo tenemos chicos prontos a egresar que ya no tienen ning\u00fan acompa\u00f1amiento sino que ahora recibimos ni\u00f1os de todas las edades, con el agravante que se juntan chicos que vienen de penal juvenil y otro grupo como prevenci\u00f3n. Anoche tuvimos un episodio grave, donde la casa fue tomada, los chicos hicieron un mot\u00edn donde la responsable de esa casa, Pesi\u00f1a Lujan, fue agredida f\u00edsica y verbalmente, todo como resultado de la mala gesti\u00f3n que se viene trabajando con los pibes en esa casa&#8221;.<\/p>\n\n\n\n<figure class=\"wp-block-gallery has-nested-images columns-default is-cropped wp-block-gallery-2 is-layout-flex wp-block-gallery-is-layout-flex\">\n<figure class=\"wp-block-image size-large\"><img loading=\"lazy\" decoding=\"async\" width=\"1024\" height=\"576\" data-id=\"32964\" src=\"https:\/\/atecordoba.org\/wp-content\/uploads\/2022\/08\/WhatsApp-Image-2022-08-02-at-1.27.07-PM-1-1024x576.jpeg\" alt=\"\" class=\"wp-image-32964\" srcset=\"https:\/\/atecordoba.org\/wp-content\/uploads\/2022\/08\/WhatsApp-Image-2022-08-02-at-1.27.07-PM-1-1024x576.jpeg 1024w, https:\/\/atecordoba.org\/wp-content\/uploads\/2022\/08\/WhatsApp-Image-2022-08-02-at-1.27.07-PM-1-300x169.jpeg 300w, https:\/\/atecordoba.org\/wp-content\/uploads\/2022\/08\/WhatsApp-Image-2022-08-02-at-1.27.07-PM-1-768x432.jpeg 768w, https:\/\/atecordoba.org\/wp-content\/uploads\/2022\/08\/WhatsApp-Image-2022-08-02-at-1.27.07-PM-1-1536x864.jpeg 1536w, https:\/\/atecordoba.org\/wp-content\/uploads\/2022\/08\/WhatsApp-Image-2022-08-02-at-1.27.07-PM-1-750x422.jpeg 750w, https:\/\/atecordoba.org\/wp-content\/uploads\/2022\/08\/WhatsApp-Image-2022-08-02-at-1.27.07-PM-1-1140x641.jpeg 1140w, https:\/\/atecordoba.org\/wp-content\/uploads\/2022\/08\/WhatsApp-Image-2022-08-02-at-1.27.07-PM-1.jpeg 1599w\" sizes=\"auto, (max-width: 1024px) 100vw, 1024px\" \/><\/figure>\n\n\n\n<figure class=\"wp-block-image size-large\"><img loading=\"lazy\" decoding=\"async\" width=\"1024\" height=\"576\" data-id=\"32965\" src=\"https:\/\/atecordoba.org\/wp-content\/uploads\/2022\/08\/WhatsApp-Image-2022-08-02-at-1.27.07-PM-2-1024x576.jpeg\" alt=\"\" class=\"wp-image-32965\" srcset=\"https:\/\/atecordoba.org\/wp-content\/uploads\/2022\/08\/WhatsApp-Image-2022-08-02-at-1.27.07-PM-2-1024x576.jpeg 1024w, https:\/\/atecordoba.org\/wp-content\/uploads\/2022\/08\/WhatsApp-Image-2022-08-02-at-1.27.07-PM-2-300x169.jpeg 300w, https:\/\/atecordoba.org\/wp-content\/uploads\/2022\/08\/WhatsApp-Image-2022-08-02-at-1.27.07-PM-2-768x432.jpeg 768w, https:\/\/atecordoba.org\/wp-content\/uploads\/2022\/08\/WhatsApp-Image-2022-08-02-at-1.27.07-PM-2-1536x864.jpeg 1536w, https:\/\/atecordoba.org\/wp-content\/uploads\/2022\/08\/WhatsApp-Image-2022-08-02-at-1.27.07-PM-2-750x422.jpeg 750w, https:\/\/atecordoba.org\/wp-content\/uploads\/2022\/08\/WhatsApp-Image-2022-08-02-at-1.27.07-PM-2-1140x641.jpeg 1140w, https:\/\/atecordoba.org\/wp-content\/uploads\/2022\/08\/WhatsApp-Image-2022-08-02-at-1.27.07-PM-2.jpeg 1599w\" sizes=\"auto, (max-width: 1024px) 100vw, 1024px\" \/><\/figure>\n\n\n\n<figure class=\"wp-block-image size-large\"><img loading=\"lazy\" decoding=\"async\" width=\"1024\" height=\"576\" data-id=\"32966\" src=\"https:\/\/atecordoba.org\/wp-content\/uploads\/2022\/08\/WhatsApp-Image-2022-08-02-at-1.27.06-PM-1-1024x576.jpeg\" alt=\"\" class=\"wp-image-32966\" srcset=\"https:\/\/atecordoba.org\/wp-content\/uploads\/2022\/08\/WhatsApp-Image-2022-08-02-at-1.27.06-PM-1-1024x576.jpeg 1024w, https:\/\/atecordoba.org\/wp-content\/uploads\/2022\/08\/WhatsApp-Image-2022-08-02-at-1.27.06-PM-1-300x169.jpeg 300w, https:\/\/atecordoba.org\/wp-content\/uploads\/2022\/08\/WhatsApp-Image-2022-08-02-at-1.27.06-PM-1-768x432.jpeg 768w, https:\/\/atecordoba.org\/wp-content\/uploads\/2022\/08\/WhatsApp-Image-2022-08-02-at-1.27.06-PM-1-1536x864.jpeg 1536w, https:\/\/atecordoba.org\/wp-content\/uploads\/2022\/08\/WhatsApp-Image-2022-08-02-at-1.27.06-PM-1-750x422.jpeg 750w, https:\/\/atecordoba.org\/wp-content\/uploads\/2022\/08\/WhatsApp-Image-2022-08-02-at-1.27.06-PM-1-1140x641.jpeg 1140w, https:\/\/atecordoba.org\/wp-content\/uploads\/2022\/08\/WhatsApp-Image-2022-08-02-at-1.27.06-PM-1.jpeg 1599w\" sizes=\"auto, (max-width: 1024px) 100vw, 1024px\" \/><\/figure>\n<\/figure>\n\n\n\n<p>A su vez, otro trabajador del sector lament\u00f3 que &#8220;se diluy\u00f3 el proyecto de autonom\u00eda de la Casa. Ah\u00ed hacemos seguimiento de chicos sin cuidados parentales y con medidas cesadas, chicos que est\u00e1n pr\u00f3ximos al egreso y otros que no&#8221;. El compa\u00f1ero dijo que &#8220;hay un convenio de prestaciones que tercerizan con instituciones, a donde est\u00e1 siendo direccionado el presupuesto, en una virtual privatizaci\u00f3n del servicio. Nos est\u00e1n dejando en una mera funci\u00f3n administrativa, sin intervenci\u00f3n, el programa est\u00e1 dejando de funcionar, siendo que dio contenci\u00f3n a gran parte de la poblaci\u00f3n de las residencias durante la pandemia&#8221;. &#8220;La idea de la asamblea es poner en conocimiento de las autoridades y que se abra una mesa de di\u00e1logo con el equipo porque somos nosotros quienes ponemos el cuerpo d\u00eda a d\u00eda&#8221;, agreg\u00f3 otra trabajadora que particip\u00f3 de la asamblea.<\/p>\n\n\n\n<p>Y concluy\u00f3: &#8220;siete profesionales llevamos adelante el seguimiento de 170 pibes. Hay 300 pibes m\u00e1s para acompa\u00f1ar, todos sin cuidados parentales&#8221;. <\/p>\n\n\n\n<p><strong>Elecciones y persecuci\u00f3n<\/strong><\/p>\n\n\n\n<p>El pr\u00f3ximo 16 de agosto se realizan las primeras elecciones de delegados en la historia del sector. La candidata de ATE Julia Ponce, con 19 a\u00f1os de antig\u00fcedad en el organismo enunci\u00f3 que una vez comunicada la elecci\u00f3n a las autoridades, hace 15 d\u00edas, &#8220;los compa\u00f1eros comenzaron a sufrir la persecuci\u00f3n y amenazas de despido. Si bien el gobierno no sabe quienes son los afiliados de ATE que tenemos, porque siempre se trat\u00f3 de protegerlos y resguardarlos, hicieron correr la voz que los que vayan a participar de las elecciones van a ser despedidos, y a m\u00ed trasladada porque soy de planta permanente&#8221;.<\/p>\n\n\n\n<figure class=\"wp-block-gallery has-nested-images columns-default is-cropped wp-block-gallery-3 is-layout-flex wp-block-gallery-is-layout-flex\">\n<figure class=\"wp-block-image size-large\"><img loading=\"lazy\" decoding=\"async\" width=\"1024\" height=\"576\" data-id=\"32969\" src=\"https:\/\/atecordoba.org\/wp-content\/uploads\/2022\/08\/WhatsApp-Image-2022-08-02-at-1.27.08-PM-2-1024x576.jpeg\" alt=\"\" class=\"wp-image-32969\" srcset=\"https:\/\/atecordoba.org\/wp-content\/uploads\/2022\/08\/WhatsApp-Image-2022-08-02-at-1.27.08-PM-2-1024x576.jpeg 1024w, https:\/\/atecordoba.org\/wp-content\/uploads\/2022\/08\/WhatsApp-Image-2022-08-02-at-1.27.08-PM-2-300x169.jpeg 300w, https:\/\/atecordoba.org\/wp-content\/uploads\/2022\/08\/WhatsApp-Image-2022-08-02-at-1.27.08-PM-2-768x432.jpeg 768w, https:\/\/atecordoba.org\/wp-content\/uploads\/2022\/08\/WhatsApp-Image-2022-08-02-at-1.27.08-PM-2-1536x864.jpeg 1536w, https:\/\/atecordoba.org\/wp-content\/uploads\/2022\/08\/WhatsApp-Image-2022-08-02-at-1.27.08-PM-2-750x422.jpeg 750w, https:\/\/atecordoba.org\/wp-content\/uploads\/2022\/08\/WhatsApp-Image-2022-08-02-at-1.27.08-PM-2-1140x641.jpeg 1140w, https:\/\/atecordoba.org\/wp-content\/uploads\/2022\/08\/WhatsApp-Image-2022-08-02-at-1.27.08-PM-2.jpeg 1599w\" sizes=\"auto, (max-width: 1024px) 100vw, 1024px\" \/><\/figure>\n\n\n\n<figure class=\"wp-block-image size-large\"><img loading=\"lazy\" decoding=\"async\" width=\"1024\" height=\"576\" data-id=\"32968\" src=\"https:\/\/atecordoba.org\/wp-content\/uploads\/2022\/08\/WhatsApp-Image-2022-08-02-at-1.27.08-PM-1-1024x576.jpeg\" alt=\"\" class=\"wp-image-32968\" srcset=\"https:\/\/atecordoba.org\/wp-content\/uploads\/2022\/08\/WhatsApp-Image-2022-08-02-at-1.27.08-PM-1-1024x576.jpeg 1024w, https:\/\/atecordoba.org\/wp-content\/uploads\/2022\/08\/WhatsApp-Image-2022-08-02-at-1.27.08-PM-1-300x169.jpeg 300w, https:\/\/atecordoba.org\/wp-content\/uploads\/2022\/08\/WhatsApp-Image-2022-08-02-at-1.27.08-PM-1-768x432.jpeg 768w, https:\/\/atecordoba.org\/wp-content\/uploads\/2022\/08\/WhatsApp-Image-2022-08-02-at-1.27.08-PM-1-1536x864.jpeg 1536w, https:\/\/atecordoba.org\/wp-content\/uploads\/2022\/08\/WhatsApp-Image-2022-08-02-at-1.27.08-PM-1-750x422.jpeg 750w, https:\/\/atecordoba.org\/wp-content\/uploads\/2022\/08\/WhatsApp-Image-2022-08-02-at-1.27.08-PM-1-1140x641.jpeg 1140w, https:\/\/atecordoba.org\/wp-content\/uploads\/2022\/08\/WhatsApp-Image-2022-08-02-at-1.27.08-PM-1.jpeg 1599w\" sizes=\"auto, (max-width: 1024px) 100vw, 1024px\" \/><\/figure>\n\n\n\n<figure class=\"wp-block-image size-large\"><img loading=\"lazy\" decoding=\"async\" width=\"1024\" height=\"576\" data-id=\"32967\" src=\"https:\/\/atecordoba.org\/wp-content\/uploads\/2022\/08\/WhatsApp-Image-2022-08-02-at-1.27.07-PM-1024x576.jpeg\" alt=\"\" class=\"wp-image-32967\" srcset=\"https:\/\/atecordoba.org\/wp-content\/uploads\/2022\/08\/WhatsApp-Image-2022-08-02-at-1.27.07-PM-1024x576.jpeg 1024w, https:\/\/atecordoba.org\/wp-content\/uploads\/2022\/08\/WhatsApp-Image-2022-08-02-at-1.27.07-PM-300x169.jpeg 300w, https:\/\/atecordoba.org\/wp-content\/uploads\/2022\/08\/WhatsApp-Image-2022-08-02-at-1.27.07-PM-768x432.jpeg 768w, https:\/\/atecordoba.org\/wp-content\/uploads\/2022\/08\/WhatsApp-Image-2022-08-02-at-1.27.07-PM-1536x864.jpeg 1536w, https:\/\/atecordoba.org\/wp-content\/uploads\/2022\/08\/WhatsApp-Image-2022-08-02-at-1.27.07-PM-750x422.jpeg 750w, https:\/\/atecordoba.org\/wp-content\/uploads\/2022\/08\/WhatsApp-Image-2022-08-02-at-1.27.07-PM-1140x641.jpeg 1140w, https:\/\/atecordoba.org\/wp-content\/uploads\/2022\/08\/WhatsApp-Image-2022-08-02-at-1.27.07-PM.jpeg 1599w\" sizes=\"auto, (max-width: 1024px) 100vw, 1024px\" \/><\/figure>\n<\/figure>\n\n\n\n<p>Los dirigentes de ATE presentes en la asamblea garantizaron que las elecciones se desarrollaran normalmente a pesar de la opini\u00f3n que tengan los funcionarios. <\/p>\n\n\n\n<p>Ponce dijo que las y los compa\u00f1eros &#8220;nos juntamos con todos los espacios de la Secretaria, los equipos t\u00e9cnicos de otras residencias, y largamos un petitorio con la premisa de pase a planta permanente de los compa\u00f1eros precarizados, la ART para la gente que est\u00e1 24 horas trabajando con los chicos. En mi residencia tengo dos compa\u00f1eros que fueron agredidos f\u00edsicamente que no cuentan con ART y tuvieron que hacerse atender en hospitales p\u00fablicos&#8221;.<\/p>\n\n\n\n<p><\/p>\n","protected":false},"excerpt":{"rendered":"<p>En una asamblea realizada ayer en el Complejo Pizzurno, trabajadoras y trabajadores de la Secretar\u00eda de Ni\u00f1ez, Adolescencia y Familia (SENAF) denunciaron p\u00e9simas condiciones de trabajo en el organismo y reclamaron el pase a planta permanente del personal precarizado, ART para cubrir accidentes de trabajo y agresiones que sufren en las residencias del organismo, donde [&hellip;]<\/p>\n","protected":false},"author":7,"featured_media":32970,"comment_status":"open","ping_status":"open","sticky":false,"template":"","format":"standard","meta":{"_exactmetrics_skip_tracking":false,"_exactmetrics_sitenote_active":false,"_exactmetrics_sitenote_note":"","_exactmetrics_sitenote_category":0,"jnews-multi-image_gallery":[],"jnews_single_post":{"subtitle":"\"Siete profesionales llevamos adelante el seguimiento de 170 pibes. Hay 300 pibes m\u00e1s para acompa\u00f1ar, todos sin cuidados parentales\", dijo uno de los trabajadores presentes. El16 de agosto se realizar\u00e1n las primeras elecciones en la historia de la Casa de Preegreso de Varones.","format":"standard","video":"","gallery":"","source_name":"","source_url":"","via_name":"","via_url":"","override_template":"0","override":[{"template":"1","single_blog_custom":"","parallax":"1","fullscreen":"1","layout":"right-sidebar","sidebar":"default-sidebar","second_sidebar":"default-sidebar","sticky_sidebar":"1","share_position":"top","share_float_style":"share-monocrhome","show_share_counter":"1","show_view_counter":"1","show_featured":"1","show_post_meta":"1","show_post_author":"1","show_post_author_image":"1","show_post_date":"1","post_date_format":"default","post_date_format_custom":"Y\/m\/d","show_post_category":"1","show_post_reading_time":"0","post_reading_time_wpm":"300","show_zoom_button":"0","zoom_button_out_step":"2","zoom_button_in_step":"3","show_post_tag":"1","show_prev_next_post":"1","show_popup_post":"1","number_popup_post":"1","show_author_box":"0","show_post_related":"0","show_inline_post_related":"0"}],"override_image_size":"0","image_override":[{"single_post_thumbnail_size":"crop-500","single_post_gallery_size":"crop-500"}],"trending_post":"0","trending_post_position":"meta","trending_post_label":"Trending","sponsored_post":"0","sponsored_post_label":"Sponsored by","sponsored_post_name":"","sponsored_post_url":"","sponsored_post_logo_enable":"0","sponsored_post_logo":"","sponsored_post_desc":"","disable_ad":"0"},"jnews_primary_category":{"id":""},"jnews_social_meta":{"fb_title":"","fb_description":"","fb_image":"","twitter_title":"","twitter_description":"","twitter_image":""},"jnews_review":[],"enable_review":"0","type":"percentage","name":"","summary":"","brand":"","sku":"","good":[{"good_text":""}],"bad":[{"bad_text":""}],"score_override":"","override_value":"","rating":[{"rating_text":"","rating_number":"10"}],"price":[{"shop":"","price":"","link":"","icon":""}],"jnews_override_counter":{"override_view_counter":"0","view_counter_number":"0","override_share_counter":"0","share_counter_number":"0","override_like_counter":"0","like_counter_number":"0","override_dislike_counter":"0","dislike_counter_number":"0"},"jnews_post_split":{"enable_post_split":"0","post_split":[{"template":"1","tag":"h2","numbering":"asc","mode":"normal","first":"0","enable_toc":"0","toc_type":"normal"}]},"footnotes":""},"categories":[341,8],"tags":[457],"class_list":["post-32954","post","type-post","status-publish","format-standard","has-post-thumbnail","hentry","category-cdp","category-provinciales","tag-senaf"],"jetpack_featured_media_url":"https:\/\/atecordoba.org\/wp-content\/uploads\/2022\/08\/portadasenaf-e1659551332478.jpeg","_links":{"self":[{"href":"https:\/\/atecordoba.org\/index.php?rest_route=\/wp\/v2\/posts\/32954","targetHints":{"allow":["GET"]}}],"collection":[{"href":"https:\/\/atecordoba.org\/index.php?rest_route=\/wp\/v2\/posts"}],"about":[{"href":"https:\/\/atecordoba.org\/index.php?rest_route=\/wp\/v2\/types\/post"}],"author":[{"embeddable":true,"href":"https:\/\/atecordoba.org\/index.php?rest_route=\/wp\/v2\/users\/7"}],"replies":[{"embeddable":true,"href":"https:\/\/atecordoba.org\/index.php?rest_route=%2Fwp%2Fv2%2Fcomments&post=32954"}],"version-history":[{"count":1,"href":"https:\/\/atecordoba.org\/index.php?rest_route=\/wp\/v2\/posts\/32954\/revisions"}],"predecessor-version":[{"id":32971,"href":"https:\/\/atecordoba.org\/index.php?rest_route=\/wp\/v2\/posts\/32954\/revisions\/32971"}],"wp:featuredmedia":[{"embeddable":true,"href":"https:\/\/atecordoba.org\/index.php?rest_route=\/wp\/v2\/media\/32970"}],"wp:attachment":[{"href":"https:\/\/atecordoba.org\/index.php?rest_route=%2Fwp%2Fv2%2Fmedia&parent=32954"}],"wp:term":[{"taxonomy":"category","embeddable":true,"href":"https:\/\/atecordoba.org\/index.php?rest_route=%2Fwp%2Fv2%2Fcategories&post=32954"},{"taxonomy":"post_tag","embeddable":true,"href":"https:\/\/atecordoba.org\/index.php?rest_route=%2Fwp%2Fv2%2Ftags&post=32954"}],"curies":[{"name":"wp","href":"https:\/\/api.w.org\/{rel}","templated":true}]}}