{"id":32950,"date":"2022-08-03T13:45:05","date_gmt":"2022-08-03T16:45:05","guid":{"rendered":"https:\/\/atecordoba.org\/?p=32950"},"modified":"2022-08-03T13:45:09","modified_gmt":"2022-08-03T16:45:09","slug":"ate-rechaza-la-pauta-propuesta-por-la-provincia-y-reclama-un-salario-base-que-cubra-la-canasta-basica-familiar","status":"publish","type":"post","link":"https:\/\/atecordoba.org\/?p=32950","title":{"rendered":"ATE rechaza la pauta propuesta por la Provincia y reclama un salario base que cubra la canasta b\u00e1sica familiar"},"content":{"rendered":"\n<div class=\"wp-block-image\"><figure class=\"aligncenter size-large is-resized\"><img loading=\"lazy\" decoding=\"async\" src=\"https:\/\/atecordoba.org\/wp-content\/uploads\/2022\/08\/294686598_5850457438331681_7094656944064530237_n-1024x725.jpg\" alt=\"\" class=\"wp-image-32951\" width=\"768\" height=\"544\" srcset=\"https:\/\/atecordoba.org\/wp-content\/uploads\/2022\/08\/294686598_5850457438331681_7094656944064530237_n-1024x725.jpg 1024w, https:\/\/atecordoba.org\/wp-content\/uploads\/2022\/08\/294686598_5850457438331681_7094656944064530237_n-300x212.jpg 300w, https:\/\/atecordoba.org\/wp-content\/uploads\/2022\/08\/294686598_5850457438331681_7094656944064530237_n-768x544.jpg 768w, https:\/\/atecordoba.org\/wp-content\/uploads\/2022\/08\/294686598_5850457438331681_7094656944064530237_n-120x86.jpg 120w, https:\/\/atecordoba.org\/wp-content\/uploads\/2022\/08\/294686598_5850457438331681_7094656944064530237_n-750x531.jpg 750w, https:\/\/atecordoba.org\/wp-content\/uploads\/2022\/08\/294686598_5850457438331681_7094656944064530237_n-1140x807.jpg 1140w, https:\/\/atecordoba.org\/wp-content\/uploads\/2022\/08\/294686598_5850457438331681_7094656944064530237_n.jpg 1191w\" sizes=\"auto, (max-width: 768px) 100vw, 768px\" \/><\/figure><\/div>\n\n\n\n<p>Frente a la difusi\u00f3n en los medios de comunicaci\u00f3n de una presunta oferta salarial del gobierno de la provincia para el segundo semestre de 2022, el Consejo directivo Provincial de ATE C\u00f3rdoba rechaza por exigua suma suma de 35% m\u00e1s un bono, que queda muy alejada de la escalada inflacionaria que sufrimos cada d\u00eda trabajadores y trabajadoras del Estado provincial.<\/p>\n\n\n\n<p>Una vez m\u00e1s Juan Schiaretti ofrece a los provinciales reducirles el salario, con la tranquilidad que los gremios amarillos bajo su ala aceptar\u00e1n pasivamente la propuesta, que deja al salario del provincial alejado de las necesidades de las familias.<\/p>\n\n\n\n<p>Esto es as\u00ed atento a que la oferta salarial conforma un 65%, sumado este \u00faltimo 35% al 30% otorgado en el primer semestre, cuando la proyecci\u00f3n inflacionaria ya supera el 80% para el corriente a\u00f1o.<\/p>\n\n\n\n<p>En funci\u00f3n de las cifras que entidades como el Centro de Almaceneros de C\u00f3rdoba hicieron p\u00fablica esta semana sobre la inflaci\u00f3n de julio y el acumulado del a\u00f1o 2022, desde ATE reclamamos que el salario inicial de un trabajador y trabajadora provincial no pueden estar por debajo de los 119 mil pesos, para darle un piso de dignidad a los ingresos.<\/p>\n\n\n\n<p>Cabe se\u00f1alar que, adem\u00e1s de exigua, la oferta salarial es inconsulta toda vez que ATE, parte legal y leg\u00edtima de la representaci\u00f3n sindical en la Provincia, no fue ni consultada ni convocada a una negociaci\u00f3n a la luz de la sociedad y, sobre todo, de las y los compa\u00f1eros provinciales. Por el contrario, se trata de una mesa salarial clandestina y alejada de cualquier par\u00e1metro de funcionamiento democr\u00e1tico como debiera ser la discusi\u00f3n salarial en el Estado.<\/p>\n\n\n\n<p>En consecuencia, desde ATE C\u00f3rdoba reclamamos que el gobierno de Schiaretti convoque a todos los gremios con representaci\u00f3n en el Estado y realice una propuesta salarial acorde a las necesidades del trabajador y su familia, en funci\u00f3n de los costos de vida actuales.<\/p>\n\n\n\n<p>Tambi\u00e9n se suma a la agenda impostergable de los estatales provinciales la necesidad urgente de fijar un proceso de pase a planta permanente de las y los miles de precarizados. &nbsp;<\/p>\n\n\n\n<p class=\"has-text-align-center\">Federico Giuliani<\/p>\n\n\n\n<p class=\"has-text-align-center\">Secretario General<\/p>\n","protected":false},"excerpt":{"rendered":"<p>Frente a la difusi\u00f3n en los medios de comunicaci\u00f3n de una presunta oferta salarial del gobierno de la provincia para el segundo semestre de 2022, el Consejo directivo Provincial de ATE C\u00f3rdoba rechaza por exigua suma suma de 35% m\u00e1s un bono, que queda muy alejada de la escalada inflacionaria que sufrimos cada d\u00eda trabajadores [&hellip;]<\/p>\n","protected":false},"author":7,"featured_media":32952,"comment_status":"open","ping_status":"open","sticky":false,"template":"","format":"standard","meta":{"_exactmetrics_skip_tracking":false,"_exactmetrics_sitenote_active":false,"_exactmetrics_sitenote_note":"","_exactmetrics_sitenote_category":0,"jnews-multi-image_gallery":[],"jnews_single_post":{"subtitle":"El secretario General de ATE C\u00f3rdoba, Federico Giuliani, exigi\u00f3 tambi\u00e9n que se implemente un proceso de pase a planta permanente de los miles de precarizados del Estado provincial.","format":"standard","video":"","gallery":"","source_name":"","source_url":"","via_name":"","via_url":"","override_template":"0","override":[{"template":"1","single_blog_custom":"","parallax":"1","fullscreen":"1","layout":"right-sidebar","sidebar":"default-sidebar","second_sidebar":"default-sidebar","sticky_sidebar":"1","share_position":"top","share_float_style":"share-monocrhome","show_share_counter":"1","show_view_counter":"1","show_featured":"1","show_post_meta":"1","show_post_author":"1","show_post_author_image":"1","show_post_date":"1","post_date_format":"default","post_date_format_custom":"Y\/m\/d","show_post_category":"1","show_post_reading_time":"0","post_reading_time_wpm":"300","show_zoom_button":"0","zoom_button_out_step":"2","zoom_button_in_step":"3","show_post_tag":"1","show_prev_next_post":"1","show_popup_post":"1","number_popup_post":"1","show_author_box":"0","show_post_related":"0","show_inline_post_related":"0"}],"override_image_size":"0","image_override":[{"single_post_thumbnail_size":"crop-500","single_post_gallery_size":"crop-500"}],"trending_post":"0","trending_post_position":"meta","trending_post_label":"Trending","sponsored_post":"0","sponsored_post_label":"Sponsored by","sponsored_post_name":"","sponsored_post_url":"","sponsored_post_logo_enable":"0","sponsored_post_logo":"","sponsored_post_desc":"","disable_ad":"0"},"jnews_primary_category":{"id":""},"jnews_social_meta":{"fb_title":"","fb_description":"","fb_image":"","twitter_title":"","twitter_description":"","twitter_image":""},"jnews_review":[],"enable_review":"0","type":"percentage","name":"","summary":"","brand":"","sku":"","good":[{"good_text":""}],"bad":[{"bad_text":""}],"score_override":"","override_value":"","rating":[{"rating_text":"","rating_number":"10"}],"price":[{"shop":"","price":"","link":"","icon":""}],"jnews_override_counter":{"override_view_counter":"0","view_counter_number":"0","override_share_counter":"0","share_counter_number":"0","override_like_counter":"0","like_counter_number":"0","override_dislike_counter":"0","dislike_counter_number":"0"},"jnews_post_split":{"enable_post_split":"0","post_split":[{"template":"1","tag":"h2","numbering":"asc","mode":"normal","first":"0","enable_toc":"0","toc_type":"normal"}]},"footnotes":""},"categories":[341,8],"tags":[640],"class_list":["post-32950","post","type-post","status-publish","format-standard","has-post-thumbnail","hentry","category-cdp","category-provinciales","tag-rechazo-a-la-pauta-salarial"],"jetpack_featured_media_url":"https:\/\/atecordoba.org\/wp-content\/uploads\/2022\/08\/rechazopauta-e1659544999801.jpg","_links":{"self":[{"href":"https:\/\/atecordoba.org\/index.php?rest_route=\/wp\/v2\/posts\/32950","targetHints":{"allow":["GET"]}}],"collection":[{"href":"https:\/\/atecordoba.org\/index.php?rest_route=\/wp\/v2\/posts"}],"about":[{"href":"https:\/\/atecordoba.org\/index.php?rest_route=\/wp\/v2\/types\/post"}],"author":[{"embeddable":true,"href":"https:\/\/atecordoba.org\/index.php?rest_route=\/wp\/v2\/users\/7"}],"replies":[{"embeddable":true,"href":"https:\/\/atecordoba.org\/index.php?rest_route=%2Fwp%2Fv2%2Fcomments&post=32950"}],"version-history":[{"count":1,"href":"https:\/\/atecordoba.org\/index.php?rest_route=\/wp\/v2\/posts\/32950\/revisions"}],"predecessor-version":[{"id":32953,"href":"https:\/\/atecordoba.org\/index.php?rest_route=\/wp\/v2\/posts\/32950\/revisions\/32953"}],"wp:featuredmedia":[{"embeddable":true,"href":"https:\/\/atecordoba.org\/index.php?rest_route=\/wp\/v2\/media\/32952"}],"wp:attachment":[{"href":"https:\/\/atecordoba.org\/index.php?rest_route=%2Fwp%2Fv2%2Fmedia&parent=32950"}],"wp:term":[{"taxonomy":"category","embeddable":true,"href":"https:\/\/atecordoba.org\/index.php?rest_route=%2Fwp%2Fv2%2Fcategories&post=32950"},{"taxonomy":"post_tag","embeddable":true,"href":"https:\/\/atecordoba.org\/index.php?rest_route=%2Fwp%2Fv2%2Ftags&post=32950"}],"curies":[{"name":"wp","href":"https:\/\/api.w.org\/{rel}","templated":true}]}}