{"id":32935,"date":"2022-08-03T10:36:02","date_gmt":"2022-08-03T13:36:02","guid":{"rendered":"https:\/\/atecordoba.org\/?p=32935"},"modified":"2022-08-03T10:36:07","modified_gmt":"2022-08-03T13:36:07","slug":"inspeccion-en-control-de-enfermedades-transmisibles-constato-condiciones-de-trabajo-con-riesgo-para-la-salud-del-personal","status":"publish","type":"post","link":"https:\/\/atecordoba.org\/?p=32935","title":{"rendered":"Inspecci\u00f3n en Control de Enfermedades Transmisibles constat\u00f3 condiciones de trabajo con riesgo para la salud del personal"},"content":{"rendered":"\n<div class=\"wp-block-image\"><figure class=\"aligncenter size-large is-resized\"><img loading=\"lazy\" decoding=\"async\" src=\"https:\/\/atecordoba.org\/wp-content\/uploads\/2022\/08\/WhatsApp-Image-2022-08-02-at-3.33.33-PM-1024x461.jpeg\" alt=\"\" class=\"wp-image-32936\" width=\"768\" height=\"346\" srcset=\"https:\/\/atecordoba.org\/wp-content\/uploads\/2022\/08\/WhatsApp-Image-2022-08-02-at-3.33.33-PM-1024x461.jpeg 1024w, https:\/\/atecordoba.org\/wp-content\/uploads\/2022\/08\/WhatsApp-Image-2022-08-02-at-3.33.33-PM-300x135.jpeg 300w, https:\/\/atecordoba.org\/wp-content\/uploads\/2022\/08\/WhatsApp-Image-2022-08-02-at-3.33.33-PM-768x346.jpeg 768w, https:\/\/atecordoba.org\/wp-content\/uploads\/2022\/08\/WhatsApp-Image-2022-08-02-at-3.33.33-PM-1536x692.jpeg 1536w, https:\/\/atecordoba.org\/wp-content\/uploads\/2022\/08\/WhatsApp-Image-2022-08-02-at-3.33.33-PM-750x338.jpeg 750w, https:\/\/atecordoba.org\/wp-content\/uploads\/2022\/08\/WhatsApp-Image-2022-08-02-at-3.33.33-PM-1140x514.jpeg 1140w, https:\/\/atecordoba.org\/wp-content\/uploads\/2022\/08\/WhatsApp-Image-2022-08-02-at-3.33.33-PM.jpeg 1600w\" sizes=\"auto, (max-width: 768px) 100vw, 768px\" \/><\/figure><\/div>\n\n\n\n<p>Ante el inminente retorno a la presencialidad en la Direcci\u00f3n Nacional de Control de Enfermedades Transmisibles en C\u00f3rdoba del Ministerio de Salud de la Naci\u00f3n, y frente a la requisitoria de los compa\u00f1eros y compa\u00f1eros del \u00e1rea, miembros del miembros del Departamento de Salud Laboral del Consejo Directivo Provincial de ATE C\u00f3rdoba estuvieron inspeccionando las instalaciones del sector el pasado 15 de julio. <\/p>\n\n\n\n<div class=\"wp-block-image\"><figure class=\"alignright size-large is-resized\"><img loading=\"lazy\" decoding=\"async\" src=\"https:\/\/atecordoba.org\/wp-content\/uploads\/2022\/08\/WhatsApp-Image-2022-07-27-at-1.34.08-PM-1024x1024.jpeg\" alt=\"\" class=\"wp-image-32937\" width=\"190\" height=\"190\" srcset=\"https:\/\/atecordoba.org\/wp-content\/uploads\/2022\/08\/WhatsApp-Image-2022-07-27-at-1.34.08-PM-1024x1024.jpeg 1024w, https:\/\/atecordoba.org\/wp-content\/uploads\/2022\/08\/WhatsApp-Image-2022-07-27-at-1.34.08-PM-300x300.jpeg 300w, https:\/\/atecordoba.org\/wp-content\/uploads\/2022\/08\/WhatsApp-Image-2022-07-27-at-1.34.08-PM-150x150.jpeg 150w, https:\/\/atecordoba.org\/wp-content\/uploads\/2022\/08\/WhatsApp-Image-2022-07-27-at-1.34.08-PM-768x768.jpeg 768w, https:\/\/atecordoba.org\/wp-content\/uploads\/2022\/08\/WhatsApp-Image-2022-07-27-at-1.34.08-PM-560x560.jpeg 560w, https:\/\/atecordoba.org\/wp-content\/uploads\/2022\/08\/WhatsApp-Image-2022-07-27-at-1.34.08-PM-75x75.jpeg 75w, https:\/\/atecordoba.org\/wp-content\/uploads\/2022\/08\/WhatsApp-Image-2022-07-27-at-1.34.08-PM-350x350.jpeg 350w, https:\/\/atecordoba.org\/wp-content\/uploads\/2022\/08\/WhatsApp-Image-2022-07-27-at-1.34.08-PM-750x750.jpeg 750w, https:\/\/atecordoba.org\/wp-content\/uploads\/2022\/08\/WhatsApp-Image-2022-07-27-at-1.34.08-PM-1140x1140.jpeg 1140w, https:\/\/atecordoba.org\/wp-content\/uploads\/2022\/08\/WhatsApp-Image-2022-07-27-at-1.34.08-PM.jpeg 1272w\" sizes=\"auto, (max-width: 190px) 100vw, 190px\" \/><figcaption>Giuliani y Bracamonte.<\/figcaption><\/figure><\/div>\n\n\n\n<p>En la oportunidad estuvieron realizando la inspecci\u00f3n los compa\u00f1eros Mat\u00edas Giuliani y Javier Bracamonte.<\/p>\n\n\n\n<p>Una vez finalizada la tarea, Giuliani dijo que &#8220;el edificio presenta condiciones nefastas, infrahumanas, para realizar tareas. Hace much\u00edsimos a\u00f1os que no tiene mantenimiento preventivo, ni se le ha hecho alg\u00fan tipo de mejora y, adem\u00e1s, hay much\u00edsima presencia de vectores urbanos&#8221;. El dirigente a\u00f1adi\u00f3 que &#8220;el edificio permaneci\u00f3 cerrado mucho tiempo, sumado al tiempo de cierre de la pandemia. Hay falta de orden y limpieza&#8221;. <\/p>\n\n\n\n<p>En consecuencia, desde el Departamento de Salud Labora se relevaron estas condiciones de medio ambiente de trabajo, a los fines de elevar un informe de cumplimiento de la ley, para ser presentado ante las autoridades y quien corresponda para solicitar la mejora de estas condiciones que ponen en peligro la salud y la vida de los compa\u00f1eros.<\/p>\n\n\n\n<figure class=\"wp-block-gallery has-nested-images columns-default is-cropped wp-block-gallery-1 is-layout-flex wp-block-gallery-is-layout-flex\">\n<figure class=\"wp-block-image size-large\"><img loading=\"lazy\" decoding=\"async\" width=\"1024\" height=\"461\" data-id=\"32938\" src=\"https:\/\/atecordoba.org\/wp-content\/uploads\/2022\/08\/WhatsApp-Image-2022-08-02-at-3.33.36-PM-1024x461.jpeg\" alt=\"\" class=\"wp-image-32938\" srcset=\"https:\/\/atecordoba.org\/wp-content\/uploads\/2022\/08\/WhatsApp-Image-2022-08-02-at-3.33.36-PM-1024x461.jpeg 1024w, https:\/\/atecordoba.org\/wp-content\/uploads\/2022\/08\/WhatsApp-Image-2022-08-02-at-3.33.36-PM-300x135.jpeg 300w, https:\/\/atecordoba.org\/wp-content\/uploads\/2022\/08\/WhatsApp-Image-2022-08-02-at-3.33.36-PM-768x346.jpeg 768w, https:\/\/atecordoba.org\/wp-content\/uploads\/2022\/08\/WhatsApp-Image-2022-08-02-at-3.33.36-PM-1536x691.jpeg 1536w, https:\/\/atecordoba.org\/wp-content\/uploads\/2022\/08\/WhatsApp-Image-2022-08-02-at-3.33.36-PM-750x338.jpeg 750w, https:\/\/atecordoba.org\/wp-content\/uploads\/2022\/08\/WhatsApp-Image-2022-08-02-at-3.33.36-PM-1140x513.jpeg 1140w, https:\/\/atecordoba.org\/wp-content\/uploads\/2022\/08\/WhatsApp-Image-2022-08-02-at-3.33.36-PM.jpeg 1600w\" sizes=\"auto, (max-width: 1024px) 100vw, 1024px\" \/><\/figure>\n\n\n\n<figure class=\"wp-block-image size-large\"><img loading=\"lazy\" decoding=\"async\" width=\"461\" height=\"1024\" data-id=\"32939\" src=\"https:\/\/atecordoba.org\/wp-content\/uploads\/2022\/08\/WhatsApp-Image-2022-08-02-at-3.33.33-PM-1-461x1024.jpeg\" alt=\"\" class=\"wp-image-32939\" srcset=\"https:\/\/atecordoba.org\/wp-content\/uploads\/2022\/08\/WhatsApp-Image-2022-08-02-at-3.33.33-PM-1-461x1024.jpeg 461w, https:\/\/atecordoba.org\/wp-content\/uploads\/2022\/08\/WhatsApp-Image-2022-08-02-at-3.33.33-PM-1-135x300.jpeg 135w, https:\/\/atecordoba.org\/wp-content\/uploads\/2022\/08\/WhatsApp-Image-2022-08-02-at-3.33.33-PM-1-691x1536.jpeg 691w, https:\/\/atecordoba.org\/wp-content\/uploads\/2022\/08\/WhatsApp-Image-2022-08-02-at-3.33.33-PM-1.jpeg 720w\" sizes=\"auto, (max-width: 461px) 100vw, 461px\" \/><\/figure>\n\n\n\n<figure class=\"wp-block-image size-large\"><img loading=\"lazy\" decoding=\"async\" width=\"461\" height=\"1024\" data-id=\"32940\" src=\"https:\/\/atecordoba.org\/wp-content\/uploads\/2022\/08\/WhatsApp-Image-2022-08-02-at-3.33.34-PM-1-461x1024.jpeg\" alt=\"\" class=\"wp-image-32940\" srcset=\"https:\/\/atecordoba.org\/wp-content\/uploads\/2022\/08\/WhatsApp-Image-2022-08-02-at-3.33.34-PM-1-461x1024.jpeg 461w, https:\/\/atecordoba.org\/wp-content\/uploads\/2022\/08\/WhatsApp-Image-2022-08-02-at-3.33.34-PM-1-135x300.jpeg 135w, https:\/\/atecordoba.org\/wp-content\/uploads\/2022\/08\/WhatsApp-Image-2022-08-02-at-3.33.34-PM-1-691x1536.jpeg 691w, https:\/\/atecordoba.org\/wp-content\/uploads\/2022\/08\/WhatsApp-Image-2022-08-02-at-3.33.34-PM-1.jpeg 720w\" sizes=\"auto, (max-width: 461px) 100vw, 461px\" \/><\/figure>\n\n\n\n<figure class=\"wp-block-image size-large\"><img loading=\"lazy\" decoding=\"async\" width=\"461\" height=\"1024\" data-id=\"32943\" src=\"https:\/\/atecordoba.org\/wp-content\/uploads\/2022\/08\/WhatsApp-Image-2022-08-02-at-3.33.34-PM-2-461x1024.jpeg\" alt=\"\" class=\"wp-image-32943\" srcset=\"https:\/\/atecordoba.org\/wp-content\/uploads\/2022\/08\/WhatsApp-Image-2022-08-02-at-3.33.34-PM-2-461x1024.jpeg 461w, https:\/\/atecordoba.org\/wp-content\/uploads\/2022\/08\/WhatsApp-Image-2022-08-02-at-3.33.34-PM-2-135x300.jpeg 135w, https:\/\/atecordoba.org\/wp-content\/uploads\/2022\/08\/WhatsApp-Image-2022-08-02-at-3.33.34-PM-2-691x1536.jpeg 691w, https:\/\/atecordoba.org\/wp-content\/uploads\/2022\/08\/WhatsApp-Image-2022-08-02-at-3.33.34-PM-2.jpeg 720w\" sizes=\"auto, (max-width: 461px) 100vw, 461px\" \/><\/figure>\n\n\n\n<figure class=\"wp-block-image size-large\"><img loading=\"lazy\" decoding=\"async\" width=\"1024\" height=\"461\" data-id=\"32941\" src=\"https:\/\/atecordoba.org\/wp-content\/uploads\/2022\/08\/WhatsApp-Image-2022-08-02-at-3.33.34-PM-1024x461.jpeg\" alt=\"\" class=\"wp-image-32941\" srcset=\"https:\/\/atecordoba.org\/wp-content\/uploads\/2022\/08\/WhatsApp-Image-2022-08-02-at-3.33.34-PM-1024x461.jpeg 1024w, https:\/\/atecordoba.org\/wp-content\/uploads\/2022\/08\/WhatsApp-Image-2022-08-02-at-3.33.34-PM-300x135.jpeg 300w, https:\/\/atecordoba.org\/wp-content\/uploads\/2022\/08\/WhatsApp-Image-2022-08-02-at-3.33.34-PM-768x346.jpeg 768w, https:\/\/atecordoba.org\/wp-content\/uploads\/2022\/08\/WhatsApp-Image-2022-08-02-at-3.33.34-PM-1536x691.jpeg 1536w, https:\/\/atecordoba.org\/wp-content\/uploads\/2022\/08\/WhatsApp-Image-2022-08-02-at-3.33.34-PM-750x338.jpeg 750w, https:\/\/atecordoba.org\/wp-content\/uploads\/2022\/08\/WhatsApp-Image-2022-08-02-at-3.33.34-PM-1140x513.jpeg 1140w, https:\/\/atecordoba.org\/wp-content\/uploads\/2022\/08\/WhatsApp-Image-2022-08-02-at-3.33.34-PM.jpeg 1600w\" sizes=\"auto, (max-width: 1024px) 100vw, 1024px\" \/><\/figure>\n\n\n\n<figure class=\"wp-block-image size-large\"><img loading=\"lazy\" decoding=\"async\" width=\"1024\" height=\"461\" data-id=\"32947\" src=\"https:\/\/atecordoba.org\/wp-content\/uploads\/2022\/08\/WhatsApp-Image-2022-08-02-at-3.33.35-PM-1-1024x461.jpeg\" alt=\"\" class=\"wp-image-32947\" srcset=\"https:\/\/atecordoba.org\/wp-content\/uploads\/2022\/08\/WhatsApp-Image-2022-08-02-at-3.33.35-PM-1-1024x461.jpeg 1024w, https:\/\/atecordoba.org\/wp-content\/uploads\/2022\/08\/WhatsApp-Image-2022-08-02-at-3.33.35-PM-1-300x135.jpeg 300w, https:\/\/atecordoba.org\/wp-content\/uploads\/2022\/08\/WhatsApp-Image-2022-08-02-at-3.33.35-PM-1-768x346.jpeg 768w, https:\/\/atecordoba.org\/wp-content\/uploads\/2022\/08\/WhatsApp-Image-2022-08-02-at-3.33.35-PM-1-1536x691.jpeg 1536w, https:\/\/atecordoba.org\/wp-content\/uploads\/2022\/08\/WhatsApp-Image-2022-08-02-at-3.33.35-PM-1-750x338.jpeg 750w, https:\/\/atecordoba.org\/wp-content\/uploads\/2022\/08\/WhatsApp-Image-2022-08-02-at-3.33.35-PM-1-1140x513.jpeg 1140w, https:\/\/atecordoba.org\/wp-content\/uploads\/2022\/08\/WhatsApp-Image-2022-08-02-at-3.33.35-PM-1.jpeg 1600w\" sizes=\"auto, (max-width: 1024px) 100vw, 1024px\" \/><\/figure>\n\n\n\n<figure class=\"wp-block-image size-large\"><img loading=\"lazy\" decoding=\"async\" width=\"461\" height=\"1024\" data-id=\"32945\" src=\"https:\/\/atecordoba.org\/wp-content\/uploads\/2022\/08\/WhatsApp-Image-2022-08-02-at-3.33.35-PM-2-461x1024.jpeg\" alt=\"\" class=\"wp-image-32945\" srcset=\"https:\/\/atecordoba.org\/wp-content\/uploads\/2022\/08\/WhatsApp-Image-2022-08-02-at-3.33.35-PM-2-461x1024.jpeg 461w, https:\/\/atecordoba.org\/wp-content\/uploads\/2022\/08\/WhatsApp-Image-2022-08-02-at-3.33.35-PM-2-135x300.jpeg 135w, https:\/\/atecordoba.org\/wp-content\/uploads\/2022\/08\/WhatsApp-Image-2022-08-02-at-3.33.35-PM-2-691x1536.jpeg 691w, https:\/\/atecordoba.org\/wp-content\/uploads\/2022\/08\/WhatsApp-Image-2022-08-02-at-3.33.35-PM-2.jpeg 720w\" sizes=\"auto, (max-width: 461px) 100vw, 461px\" \/><\/figure>\n\n\n\n<figure class=\"wp-block-image size-large\"><img loading=\"lazy\" decoding=\"async\" width=\"461\" height=\"1024\" data-id=\"32944\" src=\"https:\/\/atecordoba.org\/wp-content\/uploads\/2022\/08\/WhatsApp-Image-2022-08-02-at-3.33.35-PM-461x1024.jpeg\" alt=\"\" class=\"wp-image-32944\" srcset=\"https:\/\/atecordoba.org\/wp-content\/uploads\/2022\/08\/WhatsApp-Image-2022-08-02-at-3.33.35-PM-461x1024.jpeg 461w, https:\/\/atecordoba.org\/wp-content\/uploads\/2022\/08\/WhatsApp-Image-2022-08-02-at-3.33.35-PM-135x300.jpeg 135w, https:\/\/atecordoba.org\/wp-content\/uploads\/2022\/08\/WhatsApp-Image-2022-08-02-at-3.33.35-PM-691x1536.jpeg 691w, https:\/\/atecordoba.org\/wp-content\/uploads\/2022\/08\/WhatsApp-Image-2022-08-02-at-3.33.35-PM.jpeg 720w\" sizes=\"auto, (max-width: 461px) 100vw, 461px\" \/><\/figure>\n\n\n\n<figure class=\"wp-block-image size-large\"><img loading=\"lazy\" decoding=\"async\" width=\"461\" height=\"1024\" data-id=\"32942\" src=\"https:\/\/atecordoba.org\/wp-content\/uploads\/2022\/08\/WhatsApp-Image-2022-08-02-at-3.33.36-PM-1-461x1024.jpeg\" alt=\"\" class=\"wp-image-32942\" srcset=\"https:\/\/atecordoba.org\/wp-content\/uploads\/2022\/08\/WhatsApp-Image-2022-08-02-at-3.33.36-PM-1-461x1024.jpeg 461w, https:\/\/atecordoba.org\/wp-content\/uploads\/2022\/08\/WhatsApp-Image-2022-08-02-at-3.33.36-PM-1-135x300.jpeg 135w, https:\/\/atecordoba.org\/wp-content\/uploads\/2022\/08\/WhatsApp-Image-2022-08-02-at-3.33.36-PM-1-691x1536.jpeg 691w, https:\/\/atecordoba.org\/wp-content\/uploads\/2022\/08\/WhatsApp-Image-2022-08-02-at-3.33.36-PM-1.jpeg 720w\" sizes=\"auto, (max-width: 461px) 100vw, 461px\" \/><\/figure>\n<\/figure>\n","protected":false},"excerpt":{"rendered":"<p>Ante el inminente retorno a la presencialidad en la Direcci\u00f3n Nacional de Control de Enfermedades Transmisibles en C\u00f3rdoba del Ministerio de Salud de la Naci\u00f3n, y frente a la requisitoria de los compa\u00f1eros y compa\u00f1eros del \u00e1rea, miembros del miembros del Departamento de Salud Laboral del Consejo Directivo Provincial de ATE C\u00f3rdoba estuvieron inspeccionando las [&hellip;]<\/p>\n","protected":false},"author":7,"featured_media":32948,"comment_status":"open","ping_status":"open","sticky":false,"template":"","format":"standard","meta":{"_exactmetrics_skip_tracking":false,"_exactmetrics_sitenote_active":false,"_exactmetrics_sitenote_note":"","_exactmetrics_sitenote_category":0,"jnews-multi-image_gallery":[],"jnews_single_post":{"subtitle":"\"El edificio presenta condiciones nefastas, infrahumanas, para realizar tareas. Hace much\u00edsimos a\u00f1os que no tiene mantenimiento preventivo, ni se le ha hecho alg\u00fan tipo de mejora y, adem\u00e1s, hay much\u00edsima presencia de vectores urbanos\", explic\u00f3 Mat\u00edas Giuliani, uno de los responsables del relevamiento.","format":"standard","video":"","gallery":"","source_name":"","source_url":"","via_name":"","via_url":"","override_template":"0","override":[{"template":"1","single_blog_custom":"","parallax":"1","fullscreen":"1","layout":"right-sidebar","sidebar":"default-sidebar","second_sidebar":"default-sidebar","sticky_sidebar":"1","share_position":"top","share_float_style":"share-monocrhome","show_share_counter":"1","show_view_counter":"1","show_featured":"1","show_post_meta":"1","show_post_author":"1","show_post_author_image":"1","show_post_date":"1","post_date_format":"default","post_date_format_custom":"Y\/m\/d","show_post_category":"1","show_post_reading_time":"0","post_reading_time_wpm":"300","show_zoom_button":"0","zoom_button_out_step":"2","zoom_button_in_step":"3","show_post_tag":"1","show_prev_next_post":"1","show_popup_post":"1","number_popup_post":"1","show_author_box":"0","show_post_related":"0","show_inline_post_related":"0"}],"override_image_size":"0","image_override":[{"single_post_thumbnail_size":"crop-500","single_post_gallery_size":"crop-500"}],"trending_post":"0","trending_post_position":"meta","trending_post_label":"Trending","sponsored_post":"0","sponsored_post_label":"Sponsored by","sponsored_post_name":"","sponsored_post_url":"","sponsored_post_logo_enable":"0","sponsored_post_logo":"","sponsored_post_desc":"","disable_ad":"0"},"jnews_primary_category":{"id":""},"jnews_social_meta":{"fb_title":"","fb_description":"","fb_image":"","twitter_title":"","twitter_description":"","twitter_image":""},"jnews_review":[],"enable_review":"0","type":"percentage","name":"","summary":"","brand":"","sku":"","good":[{"good_text":""}],"bad":[{"bad_text":""}],"score_override":"","override_value":"","rating":[{"rating_text":"","rating_number":"10"}],"price":[{"shop":"","price":"","link":"","icon":""}],"jnews_override_counter":{"override_view_counter":"0","view_counter_number":"0","override_share_counter":"0","share_counter_number":"0","override_like_counter":"0","like_counter_number":"0","override_dislike_counter":"0","dislike_counter_number":"0"},"jnews_post_split":{"enable_post_split":"0","post_split":[{"template":"1","tag":"h2","numbering":"asc","mode":"normal","first":"0","enable_toc":"0","toc_type":"normal"}]},"footnotes":""},"categories":[549],"tags":[1172,1173,698],"class_list":["post-32935","post","type-post","status-publish","format-standard","has-post-thumbnail","hentry","category-cymat","tag-direccion-nacional-de-control-de-enfermedades-transmisibles","tag-inspeccion-medio-ambiente-de-trabajo","tag-ministerio-de-salud-de-la-nacion"],"jetpack_featured_media_url":"https:\/\/atecordoba.org\/wp-content\/uploads\/2022\/08\/portadaambientedetrabajo-e1659533703709.jpeg","_links":{"self":[{"href":"https:\/\/atecordoba.org\/index.php?rest_route=\/wp\/v2\/posts\/32935","targetHints":{"allow":["GET"]}}],"collection":[{"href":"https:\/\/atecordoba.org\/index.php?rest_route=\/wp\/v2\/posts"}],"about":[{"href":"https:\/\/atecordoba.org\/index.php?rest_route=\/wp\/v2\/types\/post"}],"author":[{"embeddable":true,"href":"https:\/\/atecordoba.org\/index.php?rest_route=\/wp\/v2\/users\/7"}],"replies":[{"embeddable":true,"href":"https:\/\/atecordoba.org\/index.php?rest_route=%2Fwp%2Fv2%2Fcomments&post=32935"}],"version-history":[{"count":1,"href":"https:\/\/atecordoba.org\/index.php?rest_route=\/wp\/v2\/posts\/32935\/revisions"}],"predecessor-version":[{"id":32949,"href":"https:\/\/atecordoba.org\/index.php?rest_route=\/wp\/v2\/posts\/32935\/revisions\/32949"}],"wp:featuredmedia":[{"embeddable":true,"href":"https:\/\/atecordoba.org\/index.php?rest_route=\/wp\/v2\/media\/32948"}],"wp:attachment":[{"href":"https:\/\/atecordoba.org\/index.php?rest_route=%2Fwp%2Fv2%2Fmedia&parent=32935"}],"wp:term":[{"taxonomy":"category","embeddable":true,"href":"https:\/\/atecordoba.org\/index.php?rest_route=%2Fwp%2Fv2%2Fcategories&post=32935"},{"taxonomy":"post_tag","embeddable":true,"href":"https:\/\/atecordoba.org\/index.php?rest_route=%2Fwp%2Fv2%2Ftags&post=32935"}],"curies":[{"name":"wp","href":"https:\/\/api.w.org\/{rel}","templated":true}]}}