{"id":32914,"date":"2022-08-02T13:14:49","date_gmt":"2022-08-02T16:14:49","guid":{"rendered":"https:\/\/atecordoba.org\/?p=32914"},"modified":"2022-08-02T13:25:48","modified_gmt":"2022-08-02T16:25:48","slug":"asamblea-en-el-corralon-municipal-y-encuentro-de-dirigentes-para-fortalecer-al-seccional","status":"publish","type":"post","link":"https:\/\/atecordoba.org\/?p=32914","title":{"rendered":"Asamblea en el Corral\u00f3n municipal y encuentro de dirigentes para fortalecer la organizaci\u00f3n de cara a las elecciones de CTAA"},"content":{"rendered":"\n<div class=\"wp-block-image\"><figure class=\"aligncenter size-large is-resized\"><img loading=\"lazy\" decoding=\"async\" src=\"https:\/\/atecordoba.org\/wp-content\/uploads\/2022\/08\/296670754_10160077496639805_3239209387834838327_n-1024x767.jpg\" alt=\"\" class=\"wp-image-32917\" width=\"768\" height=\"575\" srcset=\"https:\/\/atecordoba.org\/wp-content\/uploads\/2022\/08\/296670754_10160077496639805_3239209387834838327_n-1024x767.jpg 1024w, https:\/\/atecordoba.org\/wp-content\/uploads\/2022\/08\/296670754_10160077496639805_3239209387834838327_n-300x225.jpg 300w, https:\/\/atecordoba.org\/wp-content\/uploads\/2022\/08\/296670754_10160077496639805_3239209387834838327_n-768x575.jpg 768w, https:\/\/atecordoba.org\/wp-content\/uploads\/2022\/08\/296670754_10160077496639805_3239209387834838327_n-750x562.jpg 750w, https:\/\/atecordoba.org\/wp-content\/uploads\/2022\/08\/296670754_10160077496639805_3239209387834838327_n.jpg 1080w\" sizes=\"auto, (max-width: 768px) 100vw, 768px\" \/><\/figure><\/div>\n\n\n\n<p>Ayer se llev\u00f3 a cabo una asamblea en el Corral\u00f3n de la Municipalidad de San Francisco, que cont\u00f3 con la presencia del secretario General de ATE C\u00f3rdoba, Federico Giuliani, acompa\u00f1ado por dirigentes provinciales, donde hizo de anfitri\u00f3n el secretario General de la seccional ATE San Justo Dar\u00edo Paredes.<\/p>\n\n\n\n<p>La convocatoria se realiz\u00f3 en el marco de las recorridas que los dirigente de ATE vienen realizando en diversos sectores de trabajo con el objetivo de tomar contacto directo con las y los trabajadores de los distintos sectores estatales, atent\u00f3 a la necesidad de tomar el pulso de la realidad de los ingresos frente a la inflaci\u00f3n que destruye el poder adquisitivo de los salarios. <\/p>\n\n\n\n<figure class=\"wp-block-gallery has-nested-images columns-default is-cropped wp-block-gallery-1 is-layout-flex wp-block-gallery-is-layout-flex\">\n<figure class=\"wp-block-image size-large\"><img loading=\"lazy\" decoding=\"async\" width=\"1024\" height=\"537\" data-id=\"32918\" src=\"https:\/\/atecordoba.org\/wp-content\/uploads\/2022\/08\/296366649_10160077496649805_5765174321645648214_n-1024x537.jpg\" alt=\"\" class=\"wp-image-32918\" srcset=\"https:\/\/atecordoba.org\/wp-content\/uploads\/2022\/08\/296366649_10160077496649805_5765174321645648214_n-1024x537.jpg 1024w, https:\/\/atecordoba.org\/wp-content\/uploads\/2022\/08\/296366649_10160077496649805_5765174321645648214_n-300x157.jpg 300w, https:\/\/atecordoba.org\/wp-content\/uploads\/2022\/08\/296366649_10160077496649805_5765174321645648214_n-768x402.jpg 768w, https:\/\/atecordoba.org\/wp-content\/uploads\/2022\/08\/296366649_10160077496649805_5765174321645648214_n-750x393.jpg 750w, https:\/\/atecordoba.org\/wp-content\/uploads\/2022\/08\/296366649_10160077496649805_5765174321645648214_n.jpg 1080w\" sizes=\"auto, (max-width: 1024px) 100vw, 1024px\" \/><\/figure>\n\n\n\n<figure class=\"wp-block-image size-large\"><img loading=\"lazy\" decoding=\"async\" width=\"1024\" height=\"537\" data-id=\"32920\" src=\"https:\/\/atecordoba.org\/wp-content\/uploads\/2022\/08\/296949711_10160077496679805_5805603902131128648_n-1024x537.jpg\" alt=\"\" class=\"wp-image-32920\" srcset=\"https:\/\/atecordoba.org\/wp-content\/uploads\/2022\/08\/296949711_10160077496679805_5805603902131128648_n-1024x537.jpg 1024w, https:\/\/atecordoba.org\/wp-content\/uploads\/2022\/08\/296949711_10160077496679805_5805603902131128648_n-300x157.jpg 300w, https:\/\/atecordoba.org\/wp-content\/uploads\/2022\/08\/296949711_10160077496679805_5805603902131128648_n-768x402.jpg 768w, https:\/\/atecordoba.org\/wp-content\/uploads\/2022\/08\/296949711_10160077496679805_5805603902131128648_n-750x393.jpg 750w, https:\/\/atecordoba.org\/wp-content\/uploads\/2022\/08\/296949711_10160077496679805_5805603902131128648_n.jpg 1080w\" sizes=\"auto, (max-width: 1024px) 100vw, 1024px\" \/><\/figure>\n\n\n\n<figure class=\"wp-block-image size-large\"><img loading=\"lazy\" decoding=\"async\" width=\"1024\" height=\"537\" data-id=\"32919\" src=\"https:\/\/atecordoba.org\/wp-content\/uploads\/2022\/08\/296031907_361763399462817_890169138733946888_n-1-1024x537.jpg\" alt=\"\" class=\"wp-image-32919\" srcset=\"https:\/\/atecordoba.org\/wp-content\/uploads\/2022\/08\/296031907_361763399462817_890169138733946888_n-1-1024x537.jpg 1024w, https:\/\/atecordoba.org\/wp-content\/uploads\/2022\/08\/296031907_361763399462817_890169138733946888_n-1-300x157.jpg 300w, https:\/\/atecordoba.org\/wp-content\/uploads\/2022\/08\/296031907_361763399462817_890169138733946888_n-1-768x402.jpg 768w, https:\/\/atecordoba.org\/wp-content\/uploads\/2022\/08\/296031907_361763399462817_890169138733946888_n-1-750x393.jpg 750w, https:\/\/atecordoba.org\/wp-content\/uploads\/2022\/08\/296031907_361763399462817_890169138733946888_n-1.jpg 1080w\" sizes=\"auto, (max-width: 1024px) 100vw, 1024px\" \/><\/figure>\n<\/figure>\n\n\n\n<p>&#8220;Los dirigentes tienen que tomar contacto d manera permanente con las y los afiliados, con las y los trabajadores que depositan su confianza en nuestro gremio para que cumple con su papel de defender los intereses de la clase trabajadora&#8221;, suele repetir Giuliani en los plenarios y asambleas donde participa activamente. <\/p>\n\n\n\n<p>En  la oportunidad, estuvieron presentes la secretaria de Prensa, Julia Giuliani, su par de Formaci\u00f3n, C\u00e9sar Theaux, de Finanzas, Ricardo Reyna, y los dirigentes Ivana Guevara y Javier Bracamonte.<\/p>\n\n\n\n<div class=\"wp-block-image\"><figure class=\"alignright size-large is-resized\"><img loading=\"lazy\" decoding=\"async\" src=\"https:\/\/atecordoba.org\/wp-content\/uploads\/2022\/08\/IMG-20220801-WA0210-1024x461.jpg\" alt=\"\" class=\"wp-image-32921\" width=\"512\" height=\"231\" srcset=\"https:\/\/atecordoba.org\/wp-content\/uploads\/2022\/08\/IMG-20220801-WA0210-1024x461.jpg 1024w, https:\/\/atecordoba.org\/wp-content\/uploads\/2022\/08\/IMG-20220801-WA0210-300x135.jpg 300w, https:\/\/atecordoba.org\/wp-content\/uploads\/2022\/08\/IMG-20220801-WA0210-768x346.jpg 768w, https:\/\/atecordoba.org\/wp-content\/uploads\/2022\/08\/IMG-20220801-WA0210-750x338.jpg 750w, https:\/\/atecordoba.org\/wp-content\/uploads\/2022\/08\/IMG-20220801-WA0210-1140x513.jpg 1140w, https:\/\/atecordoba.org\/wp-content\/uploads\/2022\/08\/IMG-20220801-WA0210.jpg 1280w\" sizes=\"auto, (max-width: 512px) 100vw, 512px\" \/><\/figure><\/div>\n\n\n\n<p><strong>Elecciones en la CTA Aut\u00f3noma<\/strong><\/p>\n\n\n\n<p>La jornada prosigui\u00f3 con una reuni\u00f3n de dirigentes con miras de a las elecciones de la CTA Aut\u00f3noma para renovar su conducci\u00f3n a nivel nacional, provincial y local el pr\u00f3ximo 11 de agosto. <\/p>\n\n\n\n<p>Junto a Federico Giuliani, la Coordinadora Provincial de la Federaci\u00f3n Nacional Territorial (FeNaT-CTAA) y candidata a Secretaria Adjunta de la CTA-A de la provincia, Silvia Alcoba, tuvo lugar  un encuentro de la militancia de la Lista N\u00ba 1 \u201cGerm\u00e1n Abdala\u201d, estuvieron Dar\u00edo Paredes, candidato a Secretario General de la regional San Francisco, junto al hist\u00f3rico dirigente Antonio \u201cTano\u201d Muratore, Secretario General del C\u00edrculo Sindical de la Prensa y la Comunicaci\u00f3n de C\u00f3rdoba (Cispren-CTAA) Seccional San Francisco y candidato a Secretario Adjunto de la Central en la misma Regional.<\/p>\n\n\n\n<p>Durante el encuentro se pas\u00f3 revista a la situaci\u00f3n del movimiento de los trabajadores y trabajadoras en el este provincial, se ultimaron detalles organizativos para garantizar una votaci\u00f3n masiva de afiliados y afiliadas a la CTA-A el 11 de agosto. <\/p>\n\n\n\n<div class=\"wp-block-image\"><figure class=\"alignleft size-full\"><img loading=\"lazy\" decoding=\"async\" width=\"300\" height=\"225\" src=\"https:\/\/atecordoba.org\/wp-content\/uploads\/2022\/08\/giulinia.jpg\" alt=\"\" class=\"wp-image-32922\" \/><\/figure><\/div>\n\n\n\n<p>Entre las definiciones de cara a la campa\u00f1a electoral, se acord\u00f3 que al ajuste se lo enfrenta en la calle y en unidad y todos los presentes ratificaron el compromiso de aportar desde cada una de las regiones al crecimiento de la Central en todo el territorio de la provincia.<\/p>\n\n\n\n<p><strong>Traspasan contratos Covid a permanentes en el Iturraspe<\/strong><\/p>\n\n\n\n<p>En una entrevista que concedi\u00f3 a una radio local, el titular de ATE San Justo, Dar\u00edo Paredes, inform\u00f3 que el Gobierno de la provincia incorpor\u00f3 cerca de 300 trabajadores sanitarios en los distintos hospitales p\u00fablicos para reforzar el servicio. <\/p>\n\n\n\n<p>&#8220;Los ingresantes estaban nucleados bajo la modalidad de contrato especial de nominado &#8220;Covid&#8221;. Por lo que la incertidumbre de su futuro era grande hasta que lleg\u00f3 la noticia en las \u00faltimas horas que seguir\u00e1n trabajando en los nosocomios y pasar\u00e1n a tener un contrato &#8220;Permanente&#8221;. Es una noticia muy positiva que tendr\u00e1 impacto en nuestros afiliados del Hospital Iturraspe&#8221;, se\u00f1al\u00f3 Paredes.<\/p>\n\n\n\n<div class=\"wp-block-image\"><figure class=\"aligncenter size-full is-resized\"><img loading=\"lazy\" decoding=\"async\" src=\"https:\/\/atecordoba.org\/wp-content\/uploads\/2022\/08\/paredes.png\" alt=\"\" class=\"wp-image-32923\" width=\"629\" height=\"250\" srcset=\"https:\/\/atecordoba.org\/wp-content\/uploads\/2022\/08\/paredes.png 839w, https:\/\/atecordoba.org\/wp-content\/uploads\/2022\/08\/paredes-300x119.png 300w, https:\/\/atecordoba.org\/wp-content\/uploads\/2022\/08\/paredes-768x305.png 768w, https:\/\/atecordoba.org\/wp-content\/uploads\/2022\/08\/paredes-750x298.png 750w\" sizes=\"auto, (max-width: 629px) 100vw, 629px\" \/><\/figure><\/div>\n\n\n\n<p>El dirigente destac\u00f3 que la medida se logr\u00f3 &#8220;tras una lucha de ATE&#8221; y asegur\u00f3 que &#8220;son unos 6 o 7 los trabajadores beneficiados, mientras que a nivel provincial son cerca de 300&#8221;.<\/p>\n","protected":false},"excerpt":{"rendered":"<p>Ayer se llev\u00f3 a cabo una asamblea en el Corral\u00f3n de la Municipalidad de San Francisco, que cont\u00f3 con la presencia del secretario General de ATE C\u00f3rdoba, Federico Giuliani, acompa\u00f1ado por dirigentes provinciales, donde hizo de anfitri\u00f3n el secretario General de la seccional ATE San Justo Dar\u00edo Paredes. La convocatoria se realiz\u00f3 en el marco [&hellip;]<\/p>\n","protected":false},"author":7,"featured_media":32926,"comment_status":"open","ping_status":"open","sticky":false,"template":"","format":"standard","meta":{"_exactmetrics_skip_tracking":false,"_exactmetrics_sitenote_active":false,"_exactmetrics_sitenote_note":"","_exactmetrics_sitenote_category":0,"jnews-multi-image_gallery":[],"jnews_single_post":{"subtitle":"Federico Giuliani, secretario General de ATE C\u00f3rdoba y candidato a secretario General de la CTAA C\u00f3rdoba, recorri\u00f3 el este provincial y tom\u00f3 contacto con nuestros afiliados y los trabajadores municipales de San Francisco.","format":"standard","video":"","gallery":"","source_name":"","source_url":"","via_name":"","via_url":"","override_template":"0","override":[{"template":"1","single_blog_custom":"","parallax":"1","fullscreen":"1","layout":"right-sidebar","sidebar":"default-sidebar","second_sidebar":"default-sidebar","sticky_sidebar":"1","share_position":"top","share_float_style":"share-monocrhome","show_share_counter":"1","show_view_counter":"1","show_featured":"1","show_post_meta":"1","show_post_author":"1","show_post_author_image":"1","show_post_date":"1","post_date_format":"default","post_date_format_custom":"Y\/m\/d","show_post_category":"1","show_post_reading_time":"0","post_reading_time_wpm":"300","show_zoom_button":"0","zoom_button_out_step":"2","zoom_button_in_step":"3","show_post_tag":"1","show_prev_next_post":"1","show_popup_post":"1","number_popup_post":"1","show_author_box":"0","show_post_related":"0","show_inline_post_related":"0"}],"override_image_size":"0","image_override":[{"single_post_thumbnail_size":"crop-500","single_post_gallery_size":"crop-500"}],"trending_post":"0","trending_post_position":"meta","trending_post_label":"Trending","sponsored_post":"0","sponsored_post_label":"Sponsored by","sponsored_post_name":"","sponsored_post_url":"","sponsored_post_logo_enable":"0","sponsored_post_logo":"","sponsored_post_desc":"","disable_ad":"0"},"jnews_primary_category":{"id":""},"jnews_social_meta":{"fb_title":"","fb_description":"","fb_image":"","twitter_title":"","twitter_description":"","twitter_image":""},"jnews_review":[],"enable_review":"0","type":"percentage","name":"","summary":"","brand":"","sku":"","good":[{"good_text":""}],"bad":[{"bad_text":""}],"score_override":"","override_value":"","rating":[{"rating_text":"","rating_number":"10"}],"price":[{"shop":"","price":"","link":"","icon":""}],"jnews_override_counter":{"override_view_counter":"0","view_counter_number":"0","override_share_counter":"0","share_counter_number":"0","override_like_counter":"0","like_counter_number":"0","override_dislike_counter":"0","dislike_counter_number":"0"},"jnews_post_split":{"enable_post_split":"0","post_split":[{"template":"1","tag":"h2","numbering":"asc","mode":"normal","first":"0","enable_toc":"0","toc_type":"normal"}]},"footnotes":""},"categories":[92,20,8,148],"tags":[537],"class_list":["post-32914","post","type-post","status-publish","format-standard","has-post-thumbnail","hentry","category-cta","category-municipales","category-provinciales","category-san-justo","tag-san-francisco"],"jetpack_featured_media_url":"https:\/\/atecordoba.org\/wp-content\/uploads\/2022\/08\/CORRalonsanfrancisco-e1659457458497.jpg","_links":{"self":[{"href":"https:\/\/atecordoba.org\/index.php?rest_route=\/wp\/v2\/posts\/32914","targetHints":{"allow":["GET"]}}],"collection":[{"href":"https:\/\/atecordoba.org\/index.php?rest_route=\/wp\/v2\/posts"}],"about":[{"href":"https:\/\/atecordoba.org\/index.php?rest_route=\/wp\/v2\/types\/post"}],"author":[{"embeddable":true,"href":"https:\/\/atecordoba.org\/index.php?rest_route=\/wp\/v2\/users\/7"}],"replies":[{"embeddable":true,"href":"https:\/\/atecordoba.org\/index.php?rest_route=%2Fwp%2Fv2%2Fcomments&post=32914"}],"version-history":[{"count":3,"href":"https:\/\/atecordoba.org\/index.php?rest_route=\/wp\/v2\/posts\/32914\/revisions"}],"predecessor-version":[{"id":32925,"href":"https:\/\/atecordoba.org\/index.php?rest_route=\/wp\/v2\/posts\/32914\/revisions\/32925"}],"wp:featuredmedia":[{"embeddable":true,"href":"https:\/\/atecordoba.org\/index.php?rest_route=\/wp\/v2\/media\/32926"}],"wp:attachment":[{"href":"https:\/\/atecordoba.org\/index.php?rest_route=%2Fwp%2Fv2%2Fmedia&parent=32914"}],"wp:term":[{"taxonomy":"category","embeddable":true,"href":"https:\/\/atecordoba.org\/index.php?rest_route=%2Fwp%2Fv2%2Fcategories&post=32914"},{"taxonomy":"post_tag","embeddable":true,"href":"https:\/\/atecordoba.org\/index.php?rest_route=%2Fwp%2Fv2%2Ftags&post=32914"}],"curies":[{"name":"wp","href":"https:\/\/api.w.org\/{rel}","templated":true}]}}