{"id":32908,"date":"2022-08-02T12:02:49","date_gmt":"2022-08-02T15:02:49","guid":{"rendered":"https:\/\/atecordoba.org\/?p=32908"},"modified":"2022-08-02T13:30:40","modified_gmt":"2022-08-02T16:30:40","slug":"rio-los-sauces-aumento-salarial-del-634-a-lxs-trabajadorxs","status":"publish","type":"post","link":"https:\/\/atecordoba.org\/?p=32908","title":{"rendered":"Paritarias municipales en el sur cordob\u00e9s\u00a0"},"content":{"rendered":"\n<div class=\"wp-block-image\"><figure class=\"aligncenter size-large is-resized\"><img loading=\"lazy\" decoding=\"async\" src=\"https:\/\/atecordoba.org\/wp-content\/uploads\/2022\/08\/296031907_361763399462817_890169138733946888_n-1024x461.jpg\" alt=\"\" class=\"wp-image-32909\" width=\"768\" height=\"346\" srcset=\"https:\/\/atecordoba.org\/wp-content\/uploads\/2022\/08\/296031907_361763399462817_890169138733946888_n-1024x461.jpg 1024w, https:\/\/atecordoba.org\/wp-content\/uploads\/2022\/08\/296031907_361763399462817_890169138733946888_n-300x135.jpg 300w, https:\/\/atecordoba.org\/wp-content\/uploads\/2022\/08\/296031907_361763399462817_890169138733946888_n-768x346.jpg 768w, https:\/\/atecordoba.org\/wp-content\/uploads\/2022\/08\/296031907_361763399462817_890169138733946888_n-750x338.jpg 750w, https:\/\/atecordoba.org\/wp-content\/uploads\/2022\/08\/296031907_361763399462817_890169138733946888_n-1140x513.jpg 1140w, https:\/\/atecordoba.org\/wp-content\/uploads\/2022\/08\/296031907_361763399462817_890169138733946888_n.jpg 1422w\" sizes=\"auto, (max-width: 768px) 100vw, 768px\" \/><\/figure><\/div>\n\n\n\n<p>Ayer la secretaria General de la seccional ATE R\u00edo Cuarto, Rafaela Alcoba, junto a Juan Rivoiro, delegado local, mantuvieron una reuni\u00f3n con autoridades de R\u00edo De Los Sauces donde se firm\u00f3 un acuerdo salarial del 33,4% para el segundo semestre del 2022.<\/p>\n\n\n\n<p>De esta forma, la recomposici\u00f3n de haberes para el sector alcanza el 63.4%, sumando el 30% acordado en el primer semestre del a\u00f1o. El acuerdo incluye unas nueva convocatoria para analizar el ritmo de la inflaci\u00f3n en octubre del corriente a\u00f1o, para una reapertura de la mesa de relaciones laborales, en aras de defender los ingresos de las y los municipales de la localidad.<\/p>\n\n\n\n<p>A su vez, Alcoba, junto al secretario Gremial de la seccional, Pablo Irusta, participaron de una audiencia que realizaron las y los trabajadores de la Municipalidad de Las Acequias.<\/p>\n\n\n\n<p> <\/p>\n\n\n\n<div class=\"wp-block-image\"><figure class=\"aligncenter size-large is-resized\"><img loading=\"lazy\" decoding=\"async\" src=\"https:\/\/atecordoba.org\/wp-content\/uploads\/2022\/08\/296031907_361763399462817_890169138733946888_n-2-1024x461.jpg\" alt=\"\" class=\"wp-image-32928\" width=\"768\" height=\"346\" srcset=\"https:\/\/atecordoba.org\/wp-content\/uploads\/2022\/08\/296031907_361763399462817_890169138733946888_n-2-1024x461.jpg 1024w, https:\/\/atecordoba.org\/wp-content\/uploads\/2022\/08\/296031907_361763399462817_890169138733946888_n-2-300x135.jpg 300w, https:\/\/atecordoba.org\/wp-content\/uploads\/2022\/08\/296031907_361763399462817_890169138733946888_n-2-768x346.jpg 768w, https:\/\/atecordoba.org\/wp-content\/uploads\/2022\/08\/296031907_361763399462817_890169138733946888_n-2-1536x691.jpg 1536w, https:\/\/atecordoba.org\/wp-content\/uploads\/2022\/08\/296031907_361763399462817_890169138733946888_n-2-750x338.jpg 750w, https:\/\/atecordoba.org\/wp-content\/uploads\/2022\/08\/296031907_361763399462817_890169138733946888_n-2-1140x513.jpg 1140w, https:\/\/atecordoba.org\/wp-content\/uploads\/2022\/08\/296031907_361763399462817_890169138733946888_n-2.jpg 1600w\" sizes=\"auto, (max-width: 768px) 100vw, 768px\" \/><\/figure><\/div>\n\n\n\n<p>De esa forma, ATE consolida el crecimiento organizativo entre los municipales de C\u00f3rdoba, destac\u00e1ndose la seccional ATE R\u00edo Cuarto como uno de los territorios donde el crecimiento de afiliaciones va de la mano con la defensa del salario. <\/p>\n","protected":false},"excerpt":{"rendered":"<p>Ayer la secretaria General de la seccional ATE R\u00edo Cuarto, Rafaela Alcoba, junto a Juan Rivoiro, delegado local, mantuvieron una reuni\u00f3n con autoridades de R\u00edo De Los Sauces donde se firm\u00f3 un acuerdo salarial del 33,4% para el segundo semestre del 2022. De esta forma, la recomposici\u00f3n de haberes para el sector alcanza el 63.4%, [&hellip;]<\/p>\n","protected":false},"author":7,"featured_media":32911,"comment_status":"open","ping_status":"open","sticky":false,"template":"","format":"standard","meta":{"_exactmetrics_skip_tracking":false,"_exactmetrics_sitenote_active":false,"_exactmetrics_sitenote_note":"","_exactmetrics_sitenote_category":0,"jnews-multi-image_gallery":[],"jnews_single_post":{"subtitle":"Desde la secciona ATE R\u00edo Cuarto anunciaron que en octubre se realizar\u00e1 una reuni\u00f3n con las autoridades municipales para evaluar c\u00f3mo se encuentra el nivel de compra de los salarios en funci\u00f3n de la inflaci\u00f3n acumulada.","format":"standard","video":"","gallery":"","source_name":"","source_url":"","via_name":"","via_url":"","override_template":"0","override":[{"template":"1","single_blog_custom":"","parallax":"1","fullscreen":"1","layout":"right-sidebar","sidebar":"default-sidebar","second_sidebar":"default-sidebar","sticky_sidebar":"1","share_position":"top","share_float_style":"share-monocrhome","show_share_counter":"1","show_view_counter":"1","show_featured":"1","show_post_meta":"1","show_post_author":"1","show_post_author_image":"1","show_post_date":"1","post_date_format":"default","post_date_format_custom":"Y\/m\/d","show_post_category":"1","show_post_reading_time":"0","post_reading_time_wpm":"300","show_zoom_button":"0","zoom_button_out_step":"2","zoom_button_in_step":"3","show_post_tag":"1","show_prev_next_post":"1","show_popup_post":"1","number_popup_post":"1","show_author_box":"0","show_post_related":"0","show_inline_post_related":"0"}],"override_image_size":"0","image_override":[{"single_post_thumbnail_size":"crop-500","single_post_gallery_size":"crop-500"}],"trending_post":"0","trending_post_position":"meta","trending_post_label":"Trending","sponsored_post":"0","sponsored_post_label":"Sponsored by","sponsored_post_name":"","sponsored_post_url":"","sponsored_post_logo_enable":"0","sponsored_post_logo":"","sponsored_post_desc":"","disable_ad":"0"},"jnews_primary_category":{"id":""},"jnews_social_meta":{"fb_title":"","fb_description":"","fb_image":"","twitter_title":"","twitter_description":"","twitter_image":""},"jnews_review":[],"enable_review":"0","type":"percentage","name":"","summary":"","brand":"","sku":"","good":[{"good_text":""}],"bad":[{"bad_text":""}],"score_override":"","override_value":"","rating":[{"rating_text":"","rating_number":"10"}],"price":[{"shop":"","price":"","link":"","icon":""}],"jnews_override_counter":{"override_view_counter":"0","view_counter_number":"0","override_share_counter":"0","share_counter_number":"0","override_like_counter":"0","like_counter_number":"0","override_dislike_counter":"0","dislike_counter_number":"0"},"jnews_post_split":{"enable_post_split":"0","post_split":[{"template":"1","tag":"h2","numbering":"asc","mode":"normal","first":"0","enable_toc":"0","toc_type":"normal"}]},"footnotes":""},"categories":[20,12],"tags":[1171],"class_list":["post-32908","post","type-post","status-publish","format-standard","has-post-thumbnail","hentry","category-municipales","category-rio-cuarto","tag-rio-de-los-sauces"],"jetpack_featured_media_url":"https:\/\/atecordoba.org\/wp-content\/uploads\/2022\/08\/riosauces-1-e1659452478841.jpg","_links":{"self":[{"href":"https:\/\/atecordoba.org\/index.php?rest_route=\/wp\/v2\/posts\/32908","targetHints":{"allow":["GET"]}}],"collection":[{"href":"https:\/\/atecordoba.org\/index.php?rest_route=\/wp\/v2\/posts"}],"about":[{"href":"https:\/\/atecordoba.org\/index.php?rest_route=\/wp\/v2\/types\/post"}],"author":[{"embeddable":true,"href":"https:\/\/atecordoba.org\/index.php?rest_route=\/wp\/v2\/users\/7"}],"replies":[{"embeddable":true,"href":"https:\/\/atecordoba.org\/index.php?rest_route=%2Fwp%2Fv2%2Fcomments&post=32908"}],"version-history":[{"count":3,"href":"https:\/\/atecordoba.org\/index.php?rest_route=\/wp\/v2\/posts\/32908\/revisions"}],"predecessor-version":[{"id":32929,"href":"https:\/\/atecordoba.org\/index.php?rest_route=\/wp\/v2\/posts\/32908\/revisions\/32929"}],"wp:featuredmedia":[{"embeddable":true,"href":"https:\/\/atecordoba.org\/index.php?rest_route=\/wp\/v2\/media\/32911"}],"wp:attachment":[{"href":"https:\/\/atecordoba.org\/index.php?rest_route=%2Fwp%2Fv2%2Fmedia&parent=32908"}],"wp:term":[{"taxonomy":"category","embeddable":true,"href":"https:\/\/atecordoba.org\/index.php?rest_route=%2Fwp%2Fv2%2Fcategories&post=32908"},{"taxonomy":"post_tag","embeddable":true,"href":"https:\/\/atecordoba.org\/index.php?rest_route=%2Fwp%2Fv2%2Ftags&post=32908"}],"curies":[{"name":"wp","href":"https:\/\/api.w.org\/{rel}","templated":true}]}}