{"id":32901,"date":"2022-08-01T14:28:37","date_gmt":"2022-08-01T17:28:37","guid":{"rendered":"https:\/\/atecordoba.org\/?p=32901"},"modified":"2022-08-01T14:28:41","modified_gmt":"2022-08-01T17:28:41","slug":"asambleas-ambientales-consiguen-el-compromiso-de-la-justicia-para-acelerar-amparos-demorados-y-cautelares","status":"publish","type":"post","link":"https:\/\/atecordoba.org\/?p=32901","title":{"rendered":"Asambleas ambientales consiguen el compromiso de la Justicia para acelerar amparos demorados y cautelares"},"content":{"rendered":"\n<div class=\"wp-block-image\"><figure class=\"aligncenter size-large is-resized\"><img loading=\"lazy\" decoding=\"async\" src=\"https:\/\/atecordoba.org\/wp-content\/uploads\/2022\/08\/Ambientalistas-en-Tribunales-1024x576.jpeg\" alt=\"\" class=\"wp-image-32902\" width=\"768\" height=\"432\" srcset=\"https:\/\/atecordoba.org\/wp-content\/uploads\/2022\/08\/Ambientalistas-en-Tribunales-1024x576.jpeg 1024w, https:\/\/atecordoba.org\/wp-content\/uploads\/2022\/08\/Ambientalistas-en-Tribunales-300x169.jpeg 300w, https:\/\/atecordoba.org\/wp-content\/uploads\/2022\/08\/Ambientalistas-en-Tribunales-768x432.jpeg 768w, https:\/\/atecordoba.org\/wp-content\/uploads\/2022\/08\/Ambientalistas-en-Tribunales-750x422.jpeg 750w, https:\/\/atecordoba.org\/wp-content\/uploads\/2022\/08\/Ambientalistas-en-Tribunales-1140x642.jpeg 1140w, https:\/\/atecordoba.org\/wp-content\/uploads\/2022\/08\/Ambientalistas-en-Tribunales.jpeg 1279w\" sizes=\"auto, (max-width: 768px) 100vw, 768px\" \/><\/figure><\/div>\n\n\n\n<p>A partir de la lucha ambiental que se viene desarrollando en los valle de Punilla y Paravachasca, en rechazo a la construcci\u00f3n de las autopistas en ambas regiones, sumado a un c\u00famulo de conflictos ambientales donde organizaciones resisten proyectos compa\u00f1eros y compa\u00f1eras integrantes de la organizaciones territoriales y ambientales de la zona se movilizaron el jueves 28 de julio a Tribunales para reclamar que la justicia act\u00fae, frente a los planteos jurid\u00edcos que no obtienen respuesta de parte de funcionarios judiciales.<\/p>\n\n\n\n<div class=\"wp-block-image\"><figure class=\"aligncenter size-large is-resized\"><img loading=\"lazy\" decoding=\"async\" src=\"https:\/\/atecordoba.org\/wp-content\/uploads\/2022\/08\/Ambientalistas-en-Tribunales2-1024x576.jpeg\" alt=\"\" class=\"wp-image-32903\" width=\"768\" height=\"432\" srcset=\"https:\/\/atecordoba.org\/wp-content\/uploads\/2022\/08\/Ambientalistas-en-Tribunales2-1024x576.jpeg 1024w, https:\/\/atecordoba.org\/wp-content\/uploads\/2022\/08\/Ambientalistas-en-Tribunales2-300x169.jpeg 300w, https:\/\/atecordoba.org\/wp-content\/uploads\/2022\/08\/Ambientalistas-en-Tribunales2-768x432.jpeg 768w, https:\/\/atecordoba.org\/wp-content\/uploads\/2022\/08\/Ambientalistas-en-Tribunales2-1536x864.jpeg 1536w, https:\/\/atecordoba.org\/wp-content\/uploads\/2022\/08\/Ambientalistas-en-Tribunales2-750x422.jpeg 750w, https:\/\/atecordoba.org\/wp-content\/uploads\/2022\/08\/Ambientalistas-en-Tribunales2-1140x641.jpeg 1140w, https:\/\/atecordoba.org\/wp-content\/uploads\/2022\/08\/Ambientalistas-en-Tribunales2.jpeg 1595w\" sizes=\"auto, (max-width: 768px) 100vw, 768px\" \/><\/figure><\/div>\n\n\n\n<p>As\u00ed, la Mesa de Asambleas Socioambientales y Comunidades Ind\u00edgenas se hizo presente en Tribunales I para reclamar que el Tribunal Superior de Justicia (TSJ) instrumente el avance de las causas a partir de las denuncias presentadas. &#8220;Hay alrededor de 150 denuncias que est\u00e1n en distintas instancias pero no se terminan de cerrar: desde denuncias por violaciones de DDHH, el desalojo de Molinari, otros desalojos con agresi\u00f3n policiales, la causa Porta. En Punilla todos los d\u00edas metemos denuncias y no se mueve nada. Pero adem\u00e1s hay causas que tiene 10 a\u00f1os presentadas y no se resuelven. Eso es denegaci\u00f3n de justicia&#8221;, explic\u00f3 el referente de la CTA Aut\u00f3noma en el Valle de Punilla Juan Yacobs. <\/p>\n\n\n\n<p>En principio, en Tribunales no dejaron ingresar a los compa\u00f1eros y desde el TSJ ordenaron cerrar los portones. No obstante, pasado el tiempo y ante la evidencia que la manifestaci\u00f3n no ced\u00eda en su reclamo, se permiti\u00f3 el ingreso de un grupo que fue recibi\u00f3 por la secretaria del TSJ Mar\u00eda Pueyrred\u00f3n, que se comprometi\u00f3 a recibir el reclamo y cit\u00f3 para este jueves que viene a una audiencia. <\/p>\n\n\n\n<div class=\"wp-block-image\"><figure class=\"aligncenter size-large is-resized\"><img loading=\"lazy\" decoding=\"async\" src=\"https:\/\/atecordoba.org\/wp-content\/uploads\/2022\/08\/Ambientalistas-en-Tribunales3-1024x576.jpeg\" alt=\"\" class=\"wp-image-32904\" width=\"768\" height=\"432\" srcset=\"https:\/\/atecordoba.org\/wp-content\/uploads\/2022\/08\/Ambientalistas-en-Tribunales3-1024x576.jpeg 1024w, https:\/\/atecordoba.org\/wp-content\/uploads\/2022\/08\/Ambientalistas-en-Tribunales3-300x169.jpeg 300w, https:\/\/atecordoba.org\/wp-content\/uploads\/2022\/08\/Ambientalistas-en-Tribunales3-768x432.jpeg 768w, https:\/\/atecordoba.org\/wp-content\/uploads\/2022\/08\/Ambientalistas-en-Tribunales3-1536x864.jpeg 1536w, https:\/\/atecordoba.org\/wp-content\/uploads\/2022\/08\/Ambientalistas-en-Tribunales3-750x422.jpeg 750w, https:\/\/atecordoba.org\/wp-content\/uploads\/2022\/08\/Ambientalistas-en-Tribunales3-1140x641.jpeg 1140w, https:\/\/atecordoba.org\/wp-content\/uploads\/2022\/08\/Ambientalistas-en-Tribunales3.jpeg 1600w\" sizes=\"auto, (max-width: 768px) 100vw, 768px\" \/><\/figure><\/div>\n\n\n\n<p>Los compa\u00f1eros se quedaron en el lugar hasta las 11.30 de la noche y lograron que una jueza de control, Celeste Ferreyra, se hiciera presente en el lugar para acordar una audiencia para el d\u00eda siguiente, esta vez para abordar casos concretos de imputaciones a activistas ambientales, compa\u00f1eros y compa\u00f1eras que vienen poniendo el cuerpo para resistir el avance de las topadoras y que son acosados con agresiones policiales, pero adem\u00e1s sufriendo apertura de causas. <\/p>\n\n\n\n<p>As\u00ed las cosas, el viernes se llev\u00f3 cabo la audiencia en Tribunales II, donde la jueza Ferreyra recibi\u00f3 a la abogada Eugenia Scarpiello. &#8220;Vamos a plantear que debe aplicarse el Acuerdo de Escaz\u00fa para proteger a los defensores ambientales. No puede ser que estemos siendo acosados por el Estado mientras el poder avanza sobre los territorios, sin tener en cuenta la resistencia de las comunidades&#8221;, concluy\u00f3 Yacobs.<\/p>\n","protected":false},"excerpt":{"rendered":"<p>A partir de la lucha ambiental que se viene desarrollando en los valle de Punilla y Paravachasca, en rechazo a la construcci\u00f3n de las autopistas en ambas regiones, sumado a un c\u00famulo de conflictos ambientales donde organizaciones resisten proyectos compa\u00f1eros y compa\u00f1eras integrantes de la organizaciones territoriales y ambientales de la zona se movilizaron el [&hellip;]<\/p>\n","protected":false},"author":7,"featured_media":32905,"comment_status":"open","ping_status":"open","sticky":false,"template":"","format":"standard","meta":{"_exactmetrics_skip_tracking":false,"_exactmetrics_sitenote_active":false,"_exactmetrics_sitenote_note":"","_exactmetrics_sitenote_category":0,"jnews-multi-image_gallery":[],"jnews_single_post":{"subtitle":"Mesa de Asambleas Socioambientales y Comunidades Ind\u00edgenas se hizo presente en Tribunales I para reclamar que el Tribunal Superior de Justicia (TSJ) instrumente el avance de las causas a partir de las denuncias presentadas. \"Hay alrededor de 150 denuncias que est\u00e1n en distintas instancias pero no se terminan de cerrar\", explic\u00f3 el referente de la CTA Aut\u00f3noma en el Valle de Punilla, Juan Yacobs.","format":"standard","video":"","gallery":"","source_name":"","source_url":"","via_name":"","via_url":"","override_template":"0","override":[{"template":"1","single_blog_custom":"","parallax":"1","fullscreen":"1","layout":"right-sidebar","sidebar":"default-sidebar","second_sidebar":"default-sidebar","sticky_sidebar":"1","share_position":"top","share_float_style":"share-monocrhome","show_share_counter":"1","show_view_counter":"1","show_featured":"1","show_post_meta":"1","show_post_author":"1","show_post_author_image":"1","show_post_date":"1","post_date_format":"default","post_date_format_custom":"Y\/m\/d","show_post_category":"1","show_post_reading_time":"0","post_reading_time_wpm":"300","show_zoom_button":"0","zoom_button_out_step":"2","zoom_button_in_step":"3","show_post_tag":"1","show_prev_next_post":"1","show_popup_post":"1","number_popup_post":"1","show_author_box":"0","show_post_related":"0","show_inline_post_related":"0"}],"override_image_size":"0","image_override":[{"single_post_thumbnail_size":"crop-500","single_post_gallery_size":"crop-500"}],"trending_post":"0","trending_post_position":"meta","trending_post_label":"Trending","sponsored_post":"0","sponsored_post_label":"Sponsored by","sponsored_post_name":"","sponsored_post_url":"","sponsored_post_logo_enable":"0","sponsored_post_logo":"","sponsored_post_desc":"","disable_ad":"0"},"jnews_primary_category":{"id":""},"jnews_social_meta":{"fb_title":"","fb_description":"","fb_image":"","twitter_title":"","twitter_description":"","twitter_image":""},"jnews_review":[],"enable_review":"0","type":"percentage","name":"","summary":"","brand":"","sku":"","good":[{"good_text":""}],"bad":[{"bad_text":""}],"score_override":"","override_value":"","rating":[{"rating_text":"","rating_number":"10"}],"price":[{"shop":"","price":"","link":"","icon":""}],"jnews_override_counter":{"override_view_counter":"0","view_counter_number":"0","override_share_counter":"0","share_counter_number":"0","override_like_counter":"0","like_counter_number":"0","override_dislike_counter":"0","dislike_counter_number":"0"},"jnews_post_split":{"enable_post_split":"0","post_split":[{"template":"1","tag":"h2","numbering":"asc","mode":"normal","first":"0","enable_toc":"0","toc_type":"normal"}]},"footnotes":""},"categories":[92],"tags":[398],"class_list":["post-32901","post","type-post","status-publish","format-standard","has-post-thumbnail","hentry","category-cta","tag-ambiente-provincial"],"jetpack_featured_media_url":"https:\/\/atecordoba.org\/wp-content\/uploads\/2022\/08\/AmbientalistasenTribunales-e1659374907509.jpeg","_links":{"self":[{"href":"https:\/\/atecordoba.org\/index.php?rest_route=\/wp\/v2\/posts\/32901","targetHints":{"allow":["GET"]}}],"collection":[{"href":"https:\/\/atecordoba.org\/index.php?rest_route=\/wp\/v2\/posts"}],"about":[{"href":"https:\/\/atecordoba.org\/index.php?rest_route=\/wp\/v2\/types\/post"}],"author":[{"embeddable":true,"href":"https:\/\/atecordoba.org\/index.php?rest_route=\/wp\/v2\/users\/7"}],"replies":[{"embeddable":true,"href":"https:\/\/atecordoba.org\/index.php?rest_route=%2Fwp%2Fv2%2Fcomments&post=32901"}],"version-history":[{"count":1,"href":"https:\/\/atecordoba.org\/index.php?rest_route=\/wp\/v2\/posts\/32901\/revisions"}],"predecessor-version":[{"id":32906,"href":"https:\/\/atecordoba.org\/index.php?rest_route=\/wp\/v2\/posts\/32901\/revisions\/32906"}],"wp:featuredmedia":[{"embeddable":true,"href":"https:\/\/atecordoba.org\/index.php?rest_route=\/wp\/v2\/media\/32905"}],"wp:attachment":[{"href":"https:\/\/atecordoba.org\/index.php?rest_route=%2Fwp%2Fv2%2Fmedia&parent=32901"}],"wp:term":[{"taxonomy":"category","embeddable":true,"href":"https:\/\/atecordoba.org\/index.php?rest_route=%2Fwp%2Fv2%2Fcategories&post=32901"},{"taxonomy":"post_tag","embeddable":true,"href":"https:\/\/atecordoba.org\/index.php?rest_route=%2Fwp%2Fv2%2Ftags&post=32901"}],"curies":[{"name":"wp","href":"https:\/\/api.w.org\/{rel}","templated":true}]}}