{"id":32891,"date":"2022-07-29T15:02:41","date_gmt":"2022-07-29T18:02:41","guid":{"rendered":"https:\/\/atecordoba.org\/?p=32891"},"modified":"2022-07-29T15:22:26","modified_gmt":"2022-07-29T18:22:26","slug":"organizaciones-y-partidos-politicos-se-solidarizaron-con-las-auxiliares-de-paicor-por-el-brutal-ataque-de-la-patota-de-fittipaldi","status":"publish","type":"post","link":"https:\/\/atecordoba.org\/?p=32891","title":{"rendered":"Organizaciones y partidos pol\u00edticos se solidarizaron con las auxiliares de PAICOR por el brutal ataque de la patota de Fittipaldi"},"content":{"rendered":"\n<div class=\"wp-block-image\"><figure class=\"aligncenter size-large is-resized\"><img loading=\"lazy\" decoding=\"async\" src=\"https:\/\/atecordoba.org\/wp-content\/uploads\/2022\/07\/IMG-20220728-WA0144-1024x576.jpg\" alt=\"\" class=\"wp-image-32839\" width=\"768\" height=\"432\" srcset=\"https:\/\/atecordoba.org\/wp-content\/uploads\/2022\/07\/IMG-20220728-WA0144-1024x576.jpg 1024w, https:\/\/atecordoba.org\/wp-content\/uploads\/2022\/07\/IMG-20220728-WA0144-300x169.jpg 300w, https:\/\/atecordoba.org\/wp-content\/uploads\/2022\/07\/IMG-20220728-WA0144-768x432.jpg 768w, https:\/\/atecordoba.org\/wp-content\/uploads\/2022\/07\/IMG-20220728-WA0144-1536x864.jpg 1536w, https:\/\/atecordoba.org\/wp-content\/uploads\/2022\/07\/IMG-20220728-WA0144-750x422.jpg 750w, https:\/\/atecordoba.org\/wp-content\/uploads\/2022\/07\/IMG-20220728-WA0144-1140x641.jpg 1140w, https:\/\/atecordoba.org\/wp-content\/uploads\/2022\/07\/IMG-20220728-WA0144.jpg 1599w\" sizes=\"auto, (max-width: 768px) 100vw, 768px\" \/><\/figure><\/div>\n\n\n\n<p>Como consecuencia del <a href=\"https:\/\/atecordoba.org\/?p=32828\">ataque criminal que ayer perpetr\u00f3 la patota sindical<\/a> del mandam\u00e1s del gremio de limpieza Sergio Fittipaldi contra las trabajadoras auxiliares del PAiCOR y nuestra ATE, diversas organizaciones, partidos pol\u00edticos y dirigentes se solidarizaron y expresaron su repudio, exigiendo a su vez que la justicia castigue a los culpables.<\/p>\n\n\n\n<p>En tal sentido, la Secretar\u00eda de G\u00e9neros y Diversidades de la CTA Aut\u00f3noma, junto a las secretar\u00edas de g\u00e9nero de las provincias manifestaron &#8220;el m\u00e1s absoluto rechazo al brutal ataque que sufrieron en la jornada de ayer nuestras compa\u00f1eras trabajadoras de PAICOR y organizadas en el marco de ATE y la CTA Aut\u00f3noma. Asimismo, respaldamos y acompa\u00f1amos las movilizaciones a Casa de Gobierno para reclamarle a Schiaretti que reconozca la relaci\u00f3n laboral que tienen en el marco de un programa social, donde cobran salarios por debajo de la l\u00ednea de la indigencia&#8221;.<\/p>\n\n\n\n<p>A su vez, el Cispren R\u00edo Cuarto &#8220;repudia en\u00e9rgicamente el accionar de las patotas de la burocracia sindical que responden al secretario del gremio de la limpieza Sergio Fittipaldi ante las compa\u00f1eras y compa\u00f1eros que fueron al Panal para reclamar su condici\u00f3n de trabajadorxs al gobierno provincial. Lxs auxiliares del Paicor son trabajadorxs del estado provincial por lo cual es necesario y justo su encuadramiento formal. Nos solidarizamos con lxs trabajadorxs, lamentamos estas acciones violentas de actores que responden a los intereses del estado provincial y pedimos un pronto esclarecimiento del hecho&#8221;.<\/p>\n\n\n\n<p>Por su parte, desde Ammar C\u00f3rdoba repudiaron &#8220;el atroz accionar de una patota que responde al secretario general del gremio de limpieza, Sergio Fittipaldi, que atac\u00f3 brutalmente esta ma\u00f1ana a las trabajadoras de PAICOR organizadas en la <a href=\"https:\/\/www.facebook.com\/ctaacordoba\/?__cft__%5b0%5d=AZWqqFV4lHUjDuYvU9AWjxSNYL4Mb8kaf3lSYLfTOvZu0swvX4JQmkhiAi9S2QV4pgVQYU8mbYr3YNFr7dO7UqvjIFPm8jPuDs2A0IB-8pc-RSWcf-0sYvAsp7W0hRECks6J4A4I5IGMbiiJYtx_q-5gbzgk8JKfLe-UZZN7B2r35A&amp;__tn__=kK-R\">CTA-A C\u00f3rdoba<\/a> mientras realizaban una movilizaci\u00f3n para regularizar su situaci\u00f3n laboral y reclamar por sus salarios de indigencia. En el ataque resultaron con heridas 11 compa\u00f1eras y compa\u00f1eros, en su mayor\u00eda mujeres, una de las cuales transcurre un embarazo de cuatro meses&#8221;.<\/p>\n\n\n\n<p>Desde la Asamblea Ni Una Menos C\u00f3rdoba repudiaron, tambi\u00e9n, &#8220;en\u00e9rgicamente los violentos ataques a trabajadorxs nucleadxs en ATE, auxiliares de PAICOR y quienes se desempe\u00f1an en car\u00e1cter de Auxiliares Escolares en las escuelas provinciales, orquestados por la patota sindical del bur\u00f3crata Fittipaldi&#8221;. &#8220;Acompa\u00f1amos la denuncia de las trabajadoras y de ATE y responsabilizamos a Schiaretti y Hacemos por C\u00f3rdoba por la integridad de cada compa\u00f1erx&#8221;, expresaron y repudiaron que &#8220;las auxiliares ya sometidas a todo tipo de violencias econ\u00f3micas e institucionales, ahora sufren ataques f\u00edsicos en nombre de este gobierno&#8221;.<\/p>\n\n\n\n<p>Las Cooperativas de Trabajo Federadas Sur de C\u00f3rdoba (CTF), por su parte expresaron tambi\u00e9n su repudio &#8220;al accionar de la patota de Sergio Fittipaldi que golpe\u00f3 e intent\u00f3 amedrentar a las trabajadoras y trabajadores de PAICOR el d\u00eda de hoy en C\u00f3rdoba&#8221;. &#8220;Apoyamos con fuerza el justo reclamo de las trabajadoras y trabajadores, ante la situaci\u00f3n laboral indignante que atraviesan, con salarios de hambre y condiciones de trabajo paup\u00e9rrimas&#8221;, manifestaron y aseguraron que es &#8220;en estas acciones, como se pone de manifiesto, la forma en que opera el poder econ\u00f3mico y pol\u00edtico de C\u00f3rdoba, intentando frenar la b\u00fasqueda de dignidad que persiguen las trabajadoras&#8221;. &#8220;En nuestra federaci\u00f3n no somos ajenos a estas pr\u00e1cticas, por ello nos solidarizamos y apelamos a que el ministro de trabajo de la provincia de C\u00f3rdoba Omar Sereno atienda el pedido realizado y se les garantice los salarios y condiciones de trabajo que merecen, as\u00ed como tambi\u00e9n apelamos al gobernador Juan Schiaretti para que los responsables de la golpiza sean apresados y juzgados por los actos de violencia&#8221;, ratificaron.<\/p>\n\n\n\n<p>I<strong>zquierda<\/strong> <strong>Socialista<\/strong><\/p>\n\n\n\n<p>Finalmente, con la firma de la legisladora Noelia Ag\u00fcero y las legisladora (MC) e hist\u00f3rica dirigente Liliana Olivero desde Izquierda Socialista en el FIT-Unidad repudiaron en\u00e9rgicamente &#8220;los violentos ataques de la patota sindical del bur\u00f3crata Fitipaldi, que este jueves 28 de julio, embosc\u00f3 a trabajadorxs nucleadxs en ATE, auxiliares de PAICOR y quienes se desempe\u00f1an en car\u00e1cter de Auxiliares Escolares en las escuelas provinciales. Las trabajadoras se movilizaban junto a distintas organizaciones sindicales en reclamo del reconocimiento de la relaci\u00f3n laboral que tienen dentro del programa social, en el cual sus condiciones son completamente precarias, sin reconocimiento de sus derechos laborales. En ese marco, dirigentes del Sindicato Obreros y Empleados de Empresas de Limpieza, Servicios y Afines de C\u00f3rdoba (SOELSAC) impidieron la concentraci\u00f3n emboscando a quienes comenzaban a movilizarse, agredi\u00e9ndolos con palos y armas de fuego, poniendo en riesgo al conjunto de los manifestantes, golpeando a trabajadoras y trabajadores, robando sus pertenencias e irrumpiendo en la sede de ATE. La lucha de las trabajadoras es una m\u00e1s de las que crecen desde abajo frente a la miseria creciente que impone el gobierno de Fernandez junto al FMI y los gobiernos provinciales. Necesitan de la represi\u00f3n para hacer pasar el ajuste y no escatimar\u00e1n en usar a las patotas sindicales que defiendan sus intereses. Repudiamos enf\u00e1ticamente este grav\u00edsimo ataque, acompa\u00f1amos la denuncia de las trabajadoras y de ATE y responsabilizamos a Schiaretti y HxC por la integridad de cada unx de lxs compa\u00f1erxs. Las auxiliares ya sometidas a todo tipo de violencias econ\u00f3micas y simb\u00f3licas por este gobierno, hoy fueron tambi\u00e9n objeto de violencia f\u00edsica en nombre de la pol\u00edtica de Hacemos por C\u00f3rdoba. Nos solidarizamos con ellas y con el conjunto de lxs compa\u00f1erxs agredidxs. Seguiremos acompa\u00f1ando la pelea de las trabajadoras, denunciando la persecuci\u00f3n y la represi\u00f3n, y luchando en las calles codo a codo contra la brutal precarizaci\u00f3n laboral que impone el gobierno de Schiaretti y que los sindicatos traidores dejan pasar, para ello ponemos la banca a completa&nbsp; disposici\u00f3n&#8221;.<\/p>\n\n\n\n<p> <\/p>\n","protected":false},"excerpt":{"rendered":"<p>Como consecuencia del ataque criminal que ayer perpetr\u00f3 la patota sindical del mandam\u00e1s del gremio de limpieza Sergio Fittipaldi contra las trabajadoras auxiliares del PAiCOR y nuestra ATE, diversas organizaciones, partidos pol\u00edticos y dirigentes se solidarizaron y expresaron su repudio, exigiendo a su vez que la justicia castigue a los culpables. En tal sentido, la [&hellip;]<\/p>\n","protected":false},"author":7,"featured_media":32840,"comment_status":"open","ping_status":"open","sticky":false,"template":"","format":"standard","meta":{"_exactmetrics_skip_tracking":false,"_exactmetrics_sitenote_active":false,"_exactmetrics_sitenote_note":"","_exactmetrics_sitenote_category":0,"jnews-multi-image_gallery":[],"jnews_single_post":{"subtitle":"Desde ATE C\u00f3rdoba agradecemos a todas y todos los que exprsaron su apoyo y el reclamo porque la justicia determine las responsabilidades penales por lo sucedido.","format":"standard","video":"","gallery":"","source_name":"","source_url":"","via_name":"","via_url":"","override_template":"0","override":[{"template":"1","single_blog_custom":"","parallax":"1","fullscreen":"1","layout":"right-sidebar","sidebar":"default-sidebar","second_sidebar":"default-sidebar","sticky_sidebar":"1","share_position":"top","share_float_style":"share-monocrhome","show_share_counter":"1","show_view_counter":"1","show_featured":"1","show_post_meta":"1","show_post_author":"1","show_post_author_image":"1","show_post_date":"1","post_date_format":"default","post_date_format_custom":"Y\/m\/d","show_post_category":"1","show_post_reading_time":"0","post_reading_time_wpm":"300","show_zoom_button":"0","zoom_button_out_step":"2","zoom_button_in_step":"3","show_post_tag":"1","show_prev_next_post":"1","show_popup_post":"1","number_popup_post":"1","show_author_box":"0","show_post_related":"0","show_inline_post_related":"0"}],"override_image_size":"0","image_override":[{"single_post_thumbnail_size":"crop-500","single_post_gallery_size":"crop-500"}],"trending_post":"0","trending_post_position":"meta","trending_post_label":"Trending","sponsored_post":"0","sponsored_post_label":"Sponsored by","sponsored_post_name":"","sponsored_post_url":"","sponsored_post_logo_enable":"0","sponsored_post_logo":"","sponsored_post_desc":"","disable_ad":"0"},"jnews_primary_category":{"id":""},"jnews_social_meta":{"fb_title":"","fb_description":"","fb_image":"","twitter_title":"","twitter_description":"","twitter_image":""},"jnews_review":[],"enable_review":"0","type":"percentage","name":"","summary":"","brand":"","sku":"","good":[{"good_text":""}],"bad":[{"bad_text":""}],"score_override":"","override_value":"","rating":[{"rating_text":"","rating_number":"10"}],"price":[{"shop":"","price":"","link":"","icon":""}],"jnews_override_counter":{"override_view_counter":"0","view_counter_number":"0","override_share_counter":"0","share_counter_number":"0","override_like_counter":"0","like_counter_number":"0","override_dislike_counter":"0","dislike_counter_number":"0"},"jnews_post_split":{"enable_post_split":"0","post_split":[{"template":"1","tag":"h2","numbering":"asc","mode":"normal","first":"0","enable_toc":"0","toc_type":"normal"}]},"footnotes":""},"categories":[53],"tags":[1168,1157,1167,1163,420,1170,1141,1166,1162,375,1169],"class_list":["post-32891","post","type-post","status-publish","format-standard","has-post-thumbnail","hentry","category-comunicados-de-prensa","tag-ataque-brutal","tag-auxiliares-paicor","tag-emboscada","tag-fittipaldi","tag-gobierno-de-cordoba","tag-gremio-limpieza","tag-paicor","tag-patota","tag-patota-sindical","tag-schiaretti","tag-sindicato-limpieza"],"jetpack_featured_media_url":"https:\/\/atecordoba.org\/wp-content\/uploads\/2022\/07\/portadapatota-e1659023894738.jpg","_links":{"self":[{"href":"https:\/\/atecordoba.org\/index.php?rest_route=\/wp\/v2\/posts\/32891","targetHints":{"allow":["GET"]}}],"collection":[{"href":"https:\/\/atecordoba.org\/index.php?rest_route=\/wp\/v2\/posts"}],"about":[{"href":"https:\/\/atecordoba.org\/index.php?rest_route=\/wp\/v2\/types\/post"}],"author":[{"embeddable":true,"href":"https:\/\/atecordoba.org\/index.php?rest_route=\/wp\/v2\/users\/7"}],"replies":[{"embeddable":true,"href":"https:\/\/atecordoba.org\/index.php?rest_route=%2Fwp%2Fv2%2Fcomments&post=32891"}],"version-history":[{"count":2,"href":"https:\/\/atecordoba.org\/index.php?rest_route=\/wp\/v2\/posts\/32891\/revisions"}],"predecessor-version":[{"id":32895,"href":"https:\/\/atecordoba.org\/index.php?rest_route=\/wp\/v2\/posts\/32891\/revisions\/32895"}],"wp:featuredmedia":[{"embeddable":true,"href":"https:\/\/atecordoba.org\/index.php?rest_route=\/wp\/v2\/media\/32840"}],"wp:attachment":[{"href":"https:\/\/atecordoba.org\/index.php?rest_route=%2Fwp%2Fv2%2Fmedia&parent=32891"}],"wp:term":[{"taxonomy":"category","embeddable":true,"href":"https:\/\/atecordoba.org\/index.php?rest_route=%2Fwp%2Fv2%2Fcategories&post=32891"},{"taxonomy":"post_tag","embeddable":true,"href":"https:\/\/atecordoba.org\/index.php?rest_route=%2Fwp%2Fv2%2Ftags&post=32891"}],"curies":[{"name":"wp","href":"https:\/\/api.w.org\/{rel}","templated":true}]}}