{"id":32855,"date":"2022-07-28T15:45:31","date_gmt":"2022-07-28T18:45:31","guid":{"rendered":"https:\/\/atecordoba.org\/?p=32855"},"modified":"2022-07-29T10:46:21","modified_gmt":"2022-07-29T13:46:21","slug":"adelia-maria-avanzamos-con-categorizaciones-en-todos-los-municipios","status":"publish","type":"post","link":"https:\/\/atecordoba.org\/?p=32855","title":{"rendered":"Adelia Mar\u00eda: &#8220;avanzamos con categorizaciones en todos los municipios&#8221;"},"content":{"rendered":"\n<div class=\"wp-block-image\"><figure class=\"aligncenter size-large is-resized\"><img loading=\"lazy\" decoding=\"async\" src=\"https:\/\/atecordoba.org\/wp-content\/uploads\/2022\/07\/diego-villegas-1024x594.jpeg\" alt=\"\" class=\"wp-image-32856\" width=\"768\" height=\"446\" srcset=\"https:\/\/atecordoba.org\/wp-content\/uploads\/2022\/07\/diego-villegas-1024x594.jpeg 1024w, https:\/\/atecordoba.org\/wp-content\/uploads\/2022\/07\/diego-villegas-300x174.jpeg 300w, https:\/\/atecordoba.org\/wp-content\/uploads\/2022\/07\/diego-villegas-768x446.jpeg 768w, https:\/\/atecordoba.org\/wp-content\/uploads\/2022\/07\/diego-villegas-750x435.jpeg 750w, https:\/\/atecordoba.org\/wp-content\/uploads\/2022\/07\/diego-villegas-1140x662.jpeg 1140w, https:\/\/atecordoba.org\/wp-content\/uploads\/2022\/07\/diego-villegas.jpeg 1204w\" sizes=\"auto, (max-width: 768px) 100vw, 768px\" \/><\/figure><\/div>\n\n\n\n<p>En una entrevista que brind\u00f3 al programa radial Entre Todos y Todas,que realiza cada martes a las 18 horas la Secretar\u00eda de Prensa de ATE C\u00f3rdoba en GEN FM 107.5, el secretario General de ATE Adelia Mar\u00eda, Diego Villegas, cont\u00f3 como se desarrolla la tarea gremial en dicha seccional del sur provincial. <\/p>\n\n\n\n<p>&#8220;Estamos en muchas localidades: Sampacho, Vertientes, Chajan, Bulnes, San Basilio, Adelia Mar\u00eda, Huanchilla, La Carlota, Laboulaye, Serrano, Jovita, Del Campillo, Villa Valeria y Pincen&#8221;, dijo Villegas y agreg\u00f3 &#8220;gracias a dios estamos haciendo un buen trabajo, con la pandemia frenamos un poco pero podemos seguir laburando y estando al lado del trabajador&#8221;.<\/p>\n\n\n\n<p>Para dirigente &#8220;el trabajador municipal es el m\u00e1s castigado del Estado, el que menos cobra y el mas precarizado. En los municipios no se tienen en cuenta las categor\u00edas, que impactan mucho a la hora de jubilarse. Pero hemos avanzado en los diferentes municipios actualizando las categor\u00edas. Antes se daban a dedo las categorizaciones, pero estamos logrando que se ordene y los que tienen m\u00e1s antig\u00fcedad est\u00e1n recibiendo esas actualizaciones para que tengan al menos mejores jubilaciones&#8221;, apunt\u00f3.<\/p>\n\n\n\n<p>Y celebr\u00f3 que &#8220;ahora contamos con representaci\u00f3n del sector provincial en Laboulaye, en el hospital local&#8221;.<\/p>\n","protected":false},"excerpt":{"rendered":"<p>En una entrevista que brind\u00f3 al programa radial Entre Todos y Todas,que realiza cada martes a las 18 horas la Secretar\u00eda de Prensa de ATE C\u00f3rdoba en GEN FM 107.5, el secretario General de ATE Adelia Mar\u00eda, Diego Villegas, cont\u00f3 como se desarrolla la tarea gremial en dicha seccional del sur provincial. &#8220;Estamos en muchas [&hellip;]<\/p>\n","protected":false},"author":7,"featured_media":32857,"comment_status":"open","ping_status":"open","sticky":false,"template":"","format":"standard","meta":{"_exactmetrics_skip_tracking":false,"_exactmetrics_sitenote_active":false,"_exactmetrics_sitenote_note":"","_exactmetrics_sitenote_category":0,"jnews-multi-image_gallery":[],"jnews_single_post":{"subtitle":"Se est\u00e1 logrando un ordenamiento y los que tienen m\u00e1s antig\u00fcedad reciben esas actualizaciones, explic\u00f3 el secretario General de la seccional. ","format":"standard","video":"","gallery":"","source_name":"","source_url":"","via_name":"","via_url":"","override_template":"0","override":[{"template":"1","single_blog_custom":"","parallax":"1","fullscreen":"1","layout":"right-sidebar","sidebar":"default-sidebar","second_sidebar":"default-sidebar","sticky_sidebar":"1","share_position":"top","share_float_style":"share-monocrhome","show_share_counter":"1","show_view_counter":"1","show_featured":"1","show_post_meta":"1","show_post_author":"1","show_post_author_image":"1","show_post_date":"1","post_date_format":"default","post_date_format_custom":"Y\/m\/d","show_post_category":"1","show_post_reading_time":"0","post_reading_time_wpm":"300","show_zoom_button":"0","zoom_button_out_step":"2","zoom_button_in_step":"3","show_post_tag":"1","show_prev_next_post":"1","show_popup_post":"1","number_popup_post":"1","show_author_box":"0","show_post_related":"0","show_inline_post_related":"0"}],"override_image_size":"0","image_override":[{"single_post_thumbnail_size":"crop-500","single_post_gallery_size":"crop-500"}],"trending_post":"0","trending_post_position":"meta","trending_post_label":"Trending","sponsored_post":"0","sponsored_post_label":"Sponsored by","sponsored_post_name":"","sponsored_post_url":"","sponsored_post_logo_enable":"0","sponsored_post_logo":"","sponsored_post_desc":"","disable_ad":"0"},"jnews_primary_category":{"id":""},"jnews_social_meta":{"fb_title":"","fb_description":"","fb_image":"","twitter_title":"","twitter_description":"","twitter_image":""},"jnews_review":[],"enable_review":"0","type":"percentage","name":"","summary":"","brand":"","sku":"","good":[{"good_text":""}],"bad":[{"bad_text":""}],"score_override":"","override_value":"","rating":[{"rating_text":"","rating_number":"10"}],"price":[{"shop":"","price":"","link":"","icon":""}],"jnews_override_counter":{"override_view_counter":"0","view_counter_number":"0","override_share_counter":"0","share_counter_number":"0","override_like_counter":"0","like_counter_number":"0","override_dislike_counter":"0","dislike_counter_number":"0"},"jnews_post_split":{"enable_post_split":"0","post_split":[{"template":"1","tag":"h2","numbering":"asc","mode":"normal","first":"0","enable_toc":"0","toc_type":"normal"}]},"footnotes":""},"categories":[149,20],"tags":[1165],"class_list":["post-32855","post","type-post","status-publish","format-standard","has-post-thumbnail","hentry","category-adelia-maria","category-municipales","tag-diego-villegas"],"jetpack_featured_media_url":"https:\/\/atecordoba.org\/wp-content\/uploads\/2022\/07\/diegovillegas-e1659033917145.jpeg","_links":{"self":[{"href":"https:\/\/atecordoba.org\/index.php?rest_route=\/wp\/v2\/posts\/32855","targetHints":{"allow":["GET"]}}],"collection":[{"href":"https:\/\/atecordoba.org\/index.php?rest_route=\/wp\/v2\/posts"}],"about":[{"href":"https:\/\/atecordoba.org\/index.php?rest_route=\/wp\/v2\/types\/post"}],"author":[{"embeddable":true,"href":"https:\/\/atecordoba.org\/index.php?rest_route=\/wp\/v2\/users\/7"}],"replies":[{"embeddable":true,"href":"https:\/\/atecordoba.org\/index.php?rest_route=%2Fwp%2Fv2%2Fcomments&post=32855"}],"version-history":[{"count":2,"href":"https:\/\/atecordoba.org\/index.php?rest_route=\/wp\/v2\/posts\/32855\/revisions"}],"predecessor-version":[{"id":32877,"href":"https:\/\/atecordoba.org\/index.php?rest_route=\/wp\/v2\/posts\/32855\/revisions\/32877"}],"wp:featuredmedia":[{"embeddable":true,"href":"https:\/\/atecordoba.org\/index.php?rest_route=\/wp\/v2\/media\/32857"}],"wp:attachment":[{"href":"https:\/\/atecordoba.org\/index.php?rest_route=%2Fwp%2Fv2%2Fmedia&parent=32855"}],"wp:term":[{"taxonomy":"category","embeddable":true,"href":"https:\/\/atecordoba.org\/index.php?rest_route=%2Fwp%2Fv2%2Fcategories&post=32855"},{"taxonomy":"post_tag","embeddable":true,"href":"https:\/\/atecordoba.org\/index.php?rest_route=%2Fwp%2Fv2%2Ftags&post=32855"}],"curies":[{"name":"wp","href":"https:\/\/api.w.org\/{rel}","templated":true}]}}