{"id":32828,"date":"2022-07-28T12:58:19","date_gmt":"2022-07-28T15:58:19","guid":{"rendered":"https:\/\/atecordoba.org\/?p=32828"},"modified":"2022-07-28T13:48:21","modified_gmt":"2022-07-28T16:48:21","slug":"una-patota-de-sergio-fittipaldi-ataco-a-las-trabajadoras-de-paicor-cuando-marchaban-hacia-el-panal","status":"publish","type":"post","link":"https:\/\/atecordoba.org\/?p=32828","title":{"rendered":"Una patota de Sergio Fittipaldi atac\u00f3 a las trabajadoras de PAICOR cuando marchaban hac\u00eda El Panal"},"content":{"rendered":"\n<div class=\"wp-block-image\"><figure class=\"aligncenter size-large\"><img loading=\"lazy\" decoding=\"async\" width=\"1024\" height=\"576\" src=\"https:\/\/atecordoba.org\/wp-content\/uploads\/2022\/07\/IMG-20220728-WA0144-1024x576.jpg\" alt=\"\" class=\"wp-image-32839\" srcset=\"https:\/\/atecordoba.org\/wp-content\/uploads\/2022\/07\/IMG-20220728-WA0144-1024x576.jpg 1024w, https:\/\/atecordoba.org\/wp-content\/uploads\/2022\/07\/IMG-20220728-WA0144-300x169.jpg 300w, https:\/\/atecordoba.org\/wp-content\/uploads\/2022\/07\/IMG-20220728-WA0144-768x432.jpg 768w, https:\/\/atecordoba.org\/wp-content\/uploads\/2022\/07\/IMG-20220728-WA0144-1536x864.jpg 1536w, https:\/\/atecordoba.org\/wp-content\/uploads\/2022\/07\/IMG-20220728-WA0144-750x422.jpg 750w, https:\/\/atecordoba.org\/wp-content\/uploads\/2022\/07\/IMG-20220728-WA0144-1140x641.jpg 1140w, https:\/\/atecordoba.org\/wp-content\/uploads\/2022\/07\/IMG-20220728-WA0144.jpg 1599w\" sizes=\"auto, (max-width: 1024px) 100vw, 1024px\" \/><\/figure><\/div>\n\n\n\n<p>Una patota que responde al secretario General del gremio de limp\u00edeza, Sergio Fittipaldi, atac\u00f3 brutalmente esta ma\u00f1ana a las trabajadoras de PAICOR que se organizan en ATE y la CTA Aut\u00f3noma y que hoy realizan una movilizaci\u00f3n a Casa de Gobierno para reclamarle a Schiaretti que reconozca la relaci\u00f3n laboral que tienen con el programa social, donde cobran salarios por debajo de la l\u00ednea de la indigencia. <\/p>\n\n\n\n<p>La patota forma parte de la barra brava del club Argentino Pe\u00f1arol, que a su vez es propiedad de Fittipaldi. <\/p>\n\n\n\n<p>El ataque se relaciona con la defensa de los intereses de las empresas proveedoras de PAICOR, \u00edntimamente ligadas al mandam\u00e1s del gremio de limpieza y a funcionarios provinciales, que se niegan a reconocer a las 6 mil trabajadoras como dependientes del Estado provincial, compa\u00f1eras que cobran entre 13 y 22 mil pesos mensuales. <\/p>\n\n\n\n<p>En el ataque resultaron con heridas 11 compa\u00f1eras y compa\u00f1eros, en su mayor\u00eda mujeres, una de las cuales transcurre un embarazo de cuatro meses, para agregar dramatismo a la situaci\u00f3n. <\/p>\n\n\n\n<p>Cabe se\u00f1alar que algunos polic\u00edas se encontraban apostados en la puerta de ingreso del local de ATE C\u00f3rdoba,  cito en calle Entre R\u00edos 450, que dejaron claramente zona liberada alrededor de las 10.30, cuando la patota se hizo presente en el lugar, sin que los efectivos de la provincia hicieran nada para evitar el ataque.<\/p>\n\n\n\n<p>El gremio de Fittipaldi se encuentra en la cuadra siguiente, Entre R\u00edos 372, por lo que la patota solo debi\u00f3 caminar una cuadra para perpetrar el ataque. <\/p>\n\n\n\n<p>Tres de los integrantes de la patota pudieron ser vistos con armas de fuego -que no tuvieron inconvenientes en blandir ostensiblemente- en tanto otros se presentaron con palos, con los que golpearon a las y los compa\u00f1eros presentes. <\/p>\n\n\n\n<p>La abogada de ATE Mar\u00eda Terragno, que tambi\u00e9n fue parte del grupo de compa\u00f1eras que sufri\u00f3 la golpiza, se encuentra realizando las denuncias penales correspondientes, en tanto un servicio de emergencia m\u00e9dica est\u00e1 atendiendo a los contusos. En al ocasi\u00f3n, tambi\u00e9n se produjeron robos de tel\u00e9fonos celulares, mochilas y objetos personales. <\/p>\n\n\n\n<p>ATE C\u00f3rdoba repudi\u00f3 los hechos y acus\u00f3 a &#8220;la patota sindical de Fittipaldi&#8221; de acatar a las compa\u00f1eras &#8220;para garantizar el negocio de las empresas que explotan las trabajadoras en condiciones indignas&#8221;. &#8220;Parece que en C\u00f3rdoba los bur\u00f3cratas tiene impunidad para atacar a un sindicato, a las trabajadoras que se organizan,sin que la polic\u00eda haga nada&#8221;.<\/p>\n\n\n\n<p><em>(noticia en desarrollo)<\/em><\/p>\n\n\n\n<p><strong>Video de la agresi\u00f3n<\/strong> \/ imagen sin audio<\/p>\n\n\n\n<figure class=\"wp-block-video\"><video controls src=\"https:\/\/atecordoba.org\/wp-content\/uploads\/2022\/07\/VID-20220728-WA0173.mp4\"><\/video><\/figure>\n\n\n\n<figure class=\"wp-block-gallery has-nested-images columns-default is-cropped wp-block-gallery-1 is-layout-flex wp-block-gallery-is-layout-flex\">\n<figure class=\"wp-block-image size-large\"><a href=\"https:\/\/atecordoba.org\/wp-content\/uploads\/2022\/07\/20220728_115640-scaled.jpg\"><img loading=\"lazy\" decoding=\"async\" width=\"1024\" height=\"768\" data-id=\"32833\" src=\"https:\/\/atecordoba.org\/wp-content\/uploads\/2022\/07\/20220728_115640-1024x768.jpg\" alt=\"\" class=\"wp-image-32833\" srcset=\"https:\/\/atecordoba.org\/wp-content\/uploads\/2022\/07\/20220728_115640-1024x768.jpg 1024w, https:\/\/atecordoba.org\/wp-content\/uploads\/2022\/07\/20220728_115640-300x225.jpg 300w, https:\/\/atecordoba.org\/wp-content\/uploads\/2022\/07\/20220728_115640-768x576.jpg 768w, https:\/\/atecordoba.org\/wp-content\/uploads\/2022\/07\/20220728_115640-1536x1152.jpg 1536w, https:\/\/atecordoba.org\/wp-content\/uploads\/2022\/07\/20220728_115640-2048x1536.jpg 2048w, https:\/\/atecordoba.org\/wp-content\/uploads\/2022\/07\/20220728_115640-750x563.jpg 750w, https:\/\/atecordoba.org\/wp-content\/uploads\/2022\/07\/20220728_115640-1140x855.jpg 1140w\" sizes=\"auto, (max-width: 1024px) 100vw, 1024px\" \/><\/a><\/figure>\n\n\n\n<figure class=\"wp-block-image size-large\"><a href=\"https:\/\/atecordoba.org\/wp-content\/uploads\/2022\/07\/20220728_115646-scaled.jpg\"><img loading=\"lazy\" decoding=\"async\" width=\"1024\" height=\"768\" data-id=\"32832\" src=\"https:\/\/atecordoba.org\/wp-content\/uploads\/2022\/07\/20220728_115646-1024x768.jpg\" alt=\"\" class=\"wp-image-32832\" srcset=\"https:\/\/atecordoba.org\/wp-content\/uploads\/2022\/07\/20220728_115646-1024x768.jpg 1024w, https:\/\/atecordoba.org\/wp-content\/uploads\/2022\/07\/20220728_115646-300x225.jpg 300w, https:\/\/atecordoba.org\/wp-content\/uploads\/2022\/07\/20220728_115646-768x576.jpg 768w, https:\/\/atecordoba.org\/wp-content\/uploads\/2022\/07\/20220728_115646-1536x1152.jpg 1536w, https:\/\/atecordoba.org\/wp-content\/uploads\/2022\/07\/20220728_115646-2048x1536.jpg 2048w, https:\/\/atecordoba.org\/wp-content\/uploads\/2022\/07\/20220728_115646-750x563.jpg 750w, https:\/\/atecordoba.org\/wp-content\/uploads\/2022\/07\/20220728_115646-1140x855.jpg 1140w\" sizes=\"auto, (max-width: 1024px) 100vw, 1024px\" \/><\/a><\/figure>\n\n\n\n<figure class=\"wp-block-image size-large\"><a href=\"https:\/\/atecordoba.org\/wp-content\/uploads\/2022\/07\/20220728_115703-scaled.jpg\"><img loading=\"lazy\" decoding=\"async\" width=\"1024\" height=\"768\" data-id=\"32838\" src=\"https:\/\/atecordoba.org\/wp-content\/uploads\/2022\/07\/20220728_115703-1024x768.jpg\" alt=\"\" class=\"wp-image-32838\" srcset=\"https:\/\/atecordoba.org\/wp-content\/uploads\/2022\/07\/20220728_115703-1024x768.jpg 1024w, https:\/\/atecordoba.org\/wp-content\/uploads\/2022\/07\/20220728_115703-300x225.jpg 300w, https:\/\/atecordoba.org\/wp-content\/uploads\/2022\/07\/20220728_115703-768x576.jpg 768w, https:\/\/atecordoba.org\/wp-content\/uploads\/2022\/07\/20220728_115703-1536x1152.jpg 1536w, https:\/\/atecordoba.org\/wp-content\/uploads\/2022\/07\/20220728_115703-2048x1536.jpg 2048w, https:\/\/atecordoba.org\/wp-content\/uploads\/2022\/07\/20220728_115703-750x563.jpg 750w, https:\/\/atecordoba.org\/wp-content\/uploads\/2022\/07\/20220728_115703-1140x855.jpg 1140w\" sizes=\"auto, (max-width: 1024px) 100vw, 1024px\" \/><\/a><\/figure>\n\n\n\n<figure class=\"wp-block-image size-large\"><a href=\"https:\/\/atecordoba.org\/wp-content\/uploads\/2022\/07\/20220728_115811-scaled.jpg\"><img loading=\"lazy\" decoding=\"async\" width=\"1024\" height=\"768\" data-id=\"32835\" src=\"https:\/\/atecordoba.org\/wp-content\/uploads\/2022\/07\/20220728_115811-1024x768.jpg\" alt=\"\" class=\"wp-image-32835\" srcset=\"https:\/\/atecordoba.org\/wp-content\/uploads\/2022\/07\/20220728_115811-1024x768.jpg 1024w, https:\/\/atecordoba.org\/wp-content\/uploads\/2022\/07\/20220728_115811-300x225.jpg 300w, https:\/\/atecordoba.org\/wp-content\/uploads\/2022\/07\/20220728_115811-768x576.jpg 768w, https:\/\/atecordoba.org\/wp-content\/uploads\/2022\/07\/20220728_115811-1536x1152.jpg 1536w, https:\/\/atecordoba.org\/wp-content\/uploads\/2022\/07\/20220728_115811-2048x1536.jpg 2048w, https:\/\/atecordoba.org\/wp-content\/uploads\/2022\/07\/20220728_115811-750x563.jpg 750w, https:\/\/atecordoba.org\/wp-content\/uploads\/2022\/07\/20220728_115811-1140x855.jpg 1140w\" sizes=\"auto, (max-width: 1024px) 100vw, 1024px\" \/><\/a><\/figure>\n\n\n\n<figure class=\"wp-block-image size-large\"><a href=\"https:\/\/atecordoba.org\/wp-content\/uploads\/2022\/07\/20220728_120113-1-scaled.jpg\"><img loading=\"lazy\" decoding=\"async\" width=\"768\" height=\"1024\" data-id=\"32846\" src=\"https:\/\/atecordoba.org\/wp-content\/uploads\/2022\/07\/20220728_120113-1-768x1024.jpg\" alt=\"\" class=\"wp-image-32846\" srcset=\"https:\/\/atecordoba.org\/wp-content\/uploads\/2022\/07\/20220728_120113-1-768x1024.jpg 768w, https:\/\/atecordoba.org\/wp-content\/uploads\/2022\/07\/20220728_120113-1-225x300.jpg 225w, https:\/\/atecordoba.org\/wp-content\/uploads\/2022\/07\/20220728_120113-1-1152x1536.jpg 1152w, https:\/\/atecordoba.org\/wp-content\/uploads\/2022\/07\/20220728_120113-1-1536x2048.jpg 1536w, https:\/\/atecordoba.org\/wp-content\/uploads\/2022\/07\/20220728_120113-1-750x1000.jpg 750w, https:\/\/atecordoba.org\/wp-content\/uploads\/2022\/07\/20220728_120113-1-1140x1520.jpg 1140w, https:\/\/atecordoba.org\/wp-content\/uploads\/2022\/07\/20220728_120113-1-scaled.jpg 1920w\" sizes=\"auto, (max-width: 768px) 100vw, 768px\" \/><\/a><\/figure>\n\n\n\n<figure class=\"wp-block-image size-large\"><a href=\"https:\/\/atecordoba.org\/wp-content\/uploads\/2022\/07\/20220728_115929-scaled.jpg\"><img loading=\"lazy\" decoding=\"async\" width=\"1024\" height=\"768\" data-id=\"32834\" src=\"https:\/\/atecordoba.org\/wp-content\/uploads\/2022\/07\/20220728_115929-1024x768.jpg\" alt=\"\" class=\"wp-image-32834\" srcset=\"https:\/\/atecordoba.org\/wp-content\/uploads\/2022\/07\/20220728_115929-1024x768.jpg 1024w, https:\/\/atecordoba.org\/wp-content\/uploads\/2022\/07\/20220728_115929-300x225.jpg 300w, https:\/\/atecordoba.org\/wp-content\/uploads\/2022\/07\/20220728_115929-768x576.jpg 768w, https:\/\/atecordoba.org\/wp-content\/uploads\/2022\/07\/20220728_115929-1536x1152.jpg 1536w, https:\/\/atecordoba.org\/wp-content\/uploads\/2022\/07\/20220728_115929-2048x1536.jpg 2048w, https:\/\/atecordoba.org\/wp-content\/uploads\/2022\/07\/20220728_115929-750x563.jpg 750w, https:\/\/atecordoba.org\/wp-content\/uploads\/2022\/07\/20220728_115929-1140x855.jpg 1140w\" sizes=\"auto, (max-width: 1024px) 100vw, 1024px\" \/><\/a><\/figure>\n<\/figure>\n\n\n\n\n\n\n\n\n\n\n\n\n\n\n\n\n","protected":false},"excerpt":{"rendered":"<p>Una patota que responde al secretario General del gremio de limp\u00edeza, Sergio Fittipaldi, atac\u00f3 brutalmente esta ma\u00f1ana a las trabajadoras de PAICOR que se organizan en ATE y la CTA Aut\u00f3noma y que hoy realizan una movilizaci\u00f3n a Casa de Gobierno para reclamarle a Schiaretti que reconozca la relaci\u00f3n laboral que tienen con el programa [&hellip;]<\/p>\n","protected":false},"author":7,"featured_media":32840,"comment_status":"open","ping_status":"open","sticky":false,"template":"","format":"standard","meta":{"_exactmetrics_skip_tracking":false,"_exactmetrics_sitenote_active":false,"_exactmetrics_sitenote_note":"","_exactmetrics_sitenote_category":0,"jnews-multi-image_gallery":[],"jnews_single_post":{"subtitle":"El mandamas del gremio de la limpieza envi\u00f3 un grupo de barras bravas a amedrentar a las manifestantes para que no lleven su protesta a Casa de Gobierno.","format":"standard","video":"","gallery":"","source_name":"","source_url":"","via_name":"","via_url":"","override_template":"0","override":[{"template":"1","single_blog_custom":"","parallax":"1","fullscreen":"1","layout":"right-sidebar","sidebar":"default-sidebar","second_sidebar":"default-sidebar","sticky_sidebar":"1","share_position":"top","share_float_style":"share-monocrhome","show_share_counter":"1","show_view_counter":"1","show_featured":"1","show_post_meta":"1","show_post_author":"1","show_post_author_image":"1","show_post_date":"1","post_date_format":"default","post_date_format_custom":"Y\/m\/d","show_post_category":"1","show_post_reading_time":"0","post_reading_time_wpm":"300","show_zoom_button":"0","zoom_button_out_step":"2","zoom_button_in_step":"3","show_post_tag":"1","show_prev_next_post":"1","show_popup_post":"1","number_popup_post":"1","show_author_box":"0","show_post_related":"0","show_inline_post_related":"0"}],"override_image_size":"0","image_override":[{"single_post_thumbnail_size":"crop-500","single_post_gallery_size":"crop-500"}],"trending_post":"0","trending_post_position":"meta","trending_post_label":"Trending","sponsored_post":"0","sponsored_post_label":"Sponsored by","sponsored_post_name":"","sponsored_post_url":"","sponsored_post_logo_enable":"0","sponsored_post_logo":"","sponsored_post_desc":"","disable_ad":"0"},"jnews_primary_category":{"id":""},"jnews_social_meta":{"fb_title":"","fb_description":"","fb_image":"","twitter_title":"","twitter_description":"","twitter_image":""},"jnews_review":[],"enable_review":"0","type":"percentage","name":"","summary":"","brand":"","sku":"","good":[{"good_text":""}],"bad":[{"bad_text":""}],"score_override":"","override_value":"","rating":[{"rating_text":"","rating_number":"10"}],"price":[{"shop":"","price":"","link":"","icon":""}],"jnews_override_counter":{"override_view_counter":"0","view_counter_number":"0","override_share_counter":"0","share_counter_number":"0","override_like_counter":"0","like_counter_number":"0","override_dislike_counter":"0","dislike_counter_number":"0"},"jnews_post_split":{"enable_post_split":"0","post_split":[{"template":"1","tag":"h2","numbering":"asc","mode":"normal","first":"0","enable_toc":"0","toc_type":"normal"}]},"footnotes":""},"categories":[341],"tags":[1157,1163,1141,1162],"class_list":["post-32828","post","type-post","status-publish","format-standard","has-post-thumbnail","hentry","category-cdp","tag-auxiliares-paicor","tag-fittipaldi","tag-paicor","tag-patota-sindical"],"jetpack_featured_media_url":"https:\/\/atecordoba.org\/wp-content\/uploads\/2022\/07\/portadapatota-e1659023894738.jpg","_links":{"self":[{"href":"https:\/\/atecordoba.org\/index.php?rest_route=\/wp\/v2\/posts\/32828","targetHints":{"allow":["GET"]}}],"collection":[{"href":"https:\/\/atecordoba.org\/index.php?rest_route=\/wp\/v2\/posts"}],"about":[{"href":"https:\/\/atecordoba.org\/index.php?rest_route=\/wp\/v2\/types\/post"}],"author":[{"embeddable":true,"href":"https:\/\/atecordoba.org\/index.php?rest_route=\/wp\/v2\/users\/7"}],"replies":[{"embeddable":true,"href":"https:\/\/atecordoba.org\/index.php?rest_route=%2Fwp%2Fv2%2Fcomments&post=32828"}],"version-history":[{"count":10,"href":"https:\/\/atecordoba.org\/index.php?rest_route=\/wp\/v2\/posts\/32828\/revisions"}],"predecessor-version":[{"id":32854,"href":"https:\/\/atecordoba.org\/index.php?rest_route=\/wp\/v2\/posts\/32828\/revisions\/32854"}],"wp:featuredmedia":[{"embeddable":true,"href":"https:\/\/atecordoba.org\/index.php?rest_route=\/wp\/v2\/media\/32840"}],"wp:attachment":[{"href":"https:\/\/atecordoba.org\/index.php?rest_route=%2Fwp%2Fv2%2Fmedia&parent=32828"}],"wp:term":[{"taxonomy":"category","embeddable":true,"href":"https:\/\/atecordoba.org\/index.php?rest_route=%2Fwp%2Fv2%2Fcategories&post=32828"},{"taxonomy":"post_tag","embeddable":true,"href":"https:\/\/atecordoba.org\/index.php?rest_route=%2Fwp%2Fv2%2Ftags&post=32828"}],"curies":[{"name":"wp","href":"https:\/\/api.w.org\/{rel}","templated":true}]}}