{"id":32818,"date":"2022-07-28T11:24:44","date_gmt":"2022-07-28T14:24:44","guid":{"rendered":"https:\/\/atecordoba.org\/?p=32818"},"modified":"2022-07-28T11:24:48","modified_gmt":"2022-07-28T14:24:48","slug":"marcha-a-el-panal-las-trabajadoras-de-paicor-viven-situaciones-esclavizantes-impropias-del-siglo-xxi","status":"publish","type":"post","link":"https:\/\/atecordoba.org\/?p=32818","title":{"rendered":"Marcha a El Panal: &#8220;las trabajadoras de PAICOR viven situaciones esclavizantes, impropias del siglo XXI&#8221;"},"content":{"rendered":"\n<div class=\"wp-block-image\"><figure class=\"aligncenter size-large is-resized\"><img loading=\"lazy\" decoding=\"async\" src=\"https:\/\/atecordoba.org\/wp-content\/uploads\/2022\/07\/julia-entrevista3-1024x563.png\" alt=\"\" class=\"wp-image-32819\" width=\"768\" height=\"422\" srcset=\"https:\/\/atecordoba.org\/wp-content\/uploads\/2022\/07\/julia-entrevista3-1024x563.png 1024w, https:\/\/atecordoba.org\/wp-content\/uploads\/2022\/07\/julia-entrevista3-300x165.png 300w, https:\/\/atecordoba.org\/wp-content\/uploads\/2022\/07\/julia-entrevista3-768x423.png 768w, https:\/\/atecordoba.org\/wp-content\/uploads\/2022\/07\/julia-entrevista3-750x413.png 750w, https:\/\/atecordoba.org\/wp-content\/uploads\/2022\/07\/julia-entrevista3.png 1034w\" sizes=\"auto, (max-width: 768px) 100vw, 768px\" \/><\/figure><\/div>\n\n\n\n<p>En una entrevista concedida al canal 4 de Villa Dolores, del Valle de Traslasierra, la secretaria de Prensa de ATE C\u00f3rdoba, Julia Giuliani, explic\u00f3 las causas de la movilizaci\u00f3n que hoy ATE y CTAA llevar\u00e1n a cabo frente a Casa de Gobierno para exigir a la administraci\u00f3n de Juan Schiaretti que regularice la situaci\u00f3n de 6 mil trabajadoras, donde casi el 80% cobran salarios de miseria -que oscilan entre 13 y 22 mil pesos-, carecen de cargos de planta y de los derechos b\u00e1sicos como licencias por maternidad y enfermedad, no cobran aguinaldo ni el sueldo durante las vacaciones.<\/p>\n\n\n\n<p>&#8220;Las trabajadoras de PAICOR viven situaciones esclavizantes, impropias del siglo XXI&#8221;, dijo Giuliani al programa Enfoque Zonal. <\/p>\n\n\n\n<p>La dirigente explic\u00f3 este jueves &#8220;desde ATE y CTAA, vamos a realizar una marcha al Panal junto a las trabajadoras de PAICOR, auxiliares de escuela que dependen del gobierno provincial y se encuentran totalmente precarizadas, con salarios de entre 13 mil y 22 mil pesos, directamente bajo la l\u00ednea de la indigencia&#8221;.<\/p>\n\n\n\n<p>Frente a la consulta sobre los canales de di\u00e1logo vigente, Giuliani dijo que que &#8220;no tuvimos una instancia formal donde sentarnos con funcionarios de primera l\u00ednea que tomen definiciones respecto a mejorar la situaci\u00f3n de estas trabajadoras del Estado provincial. Los salarios vienen a p\u00e9rdida hace much\u00edsimos a\u00f1os, mucho antes de este proceso inflacionario, ante de la pandemia, y esto se ve reflejado en la situaci\u00f3n de desborde que venimos viendo, principalmente en el sector de salud donde hay precarizaci\u00f3n laboral, salarios de pobreza y faltante de personal. Ante esto es que reclamamos que se abran instancias formales de negociaci\u00f3n para solucionar este panorama&#8221;.<\/p>\n\n\n\n<div class=\"wp-block-image\"><figure class=\"aligncenter size-large is-resized\"><img loading=\"lazy\" decoding=\"async\" src=\"https:\/\/atecordoba.org\/wp-content\/uploads\/2022\/07\/julia-entrevista2-1024x572.png\" alt=\"\" class=\"wp-image-32820\" width=\"768\" height=\"429\" srcset=\"https:\/\/atecordoba.org\/wp-content\/uploads\/2022\/07\/julia-entrevista2-1024x572.png 1024w, https:\/\/atecordoba.org\/wp-content\/uploads\/2022\/07\/julia-entrevista2-300x168.png 300w, https:\/\/atecordoba.org\/wp-content\/uploads\/2022\/07\/julia-entrevista2-768x429.png 768w, https:\/\/atecordoba.org\/wp-content\/uploads\/2022\/07\/julia-entrevista2-750x419.png 750w, https:\/\/atecordoba.org\/wp-content\/uploads\/2022\/07\/julia-entrevista2.png 1041w\" sizes=\"auto, (max-width: 768px) 100vw, 768px\" \/><\/figure><\/div>\n\n\n\n<p><strong>Miles en situaci\u00f3n precaria<\/strong><\/p>\n\n\n\n<p>La Secretaria de Prensa describi\u00f3 un panorama penoso en el sector: &#8220;hay cerca de 6 mil trabajadoras de PAICOR, que garantizan la comida a las ni\u00f1as y ni\u00f1os que est\u00e1n en las barriadas m\u00e1s populares y marginales a los largo y ancho de la provincia. menos del 20% son trabajadoras de planta, el resto trabaja bajo la figura de pasant\u00edas, becas y convenios, trabajadoras que no cobran su salario en periodo estival, no tienen aguinaldo, no tienen licencias por maternidad, muchas situaciones precarizadas&#8221;.<\/p>\n\n\n\n<p>Por eso se\u00f1al\u00f3 que &#8220;vamos a presentar un petitorio en casa de gobierno para que el Estado provincial reconozca a estas trabajadoras como propias&#8221;.<\/p>\n\n\n\n<p>Las trabajadoras comenzaron a organizarse en R\u00edo Tercero y este reclamo se extendi\u00f3 al sur de la provincia, al Valle de Traslasierra, en C\u00f3rdoba Capital. &#8220;Son procesos que van madurando. Algunas trabajadoras recibieron amenazas y presiones despu\u00e9s de comenzar a organizarse. Consideramos que es una cuesti\u00f3n de esfuerzo y convicci\u00f3n utilizar a ATE como herramienta sindical de las y los trabajadores del Estado, que nos organizamos para defender nuestros derechos laborales y garantizar los derechos de la sociedad porque somos quienes cada llevamos adelante las pol\u00edticas p\u00fablicas de los distintos gobiernos. Tal es el caso del derecho a la alimentaci\u00f3n para m\u00e1s de 300 mil infancias de C\u00f3rdoba, que en muchos casos es la \u00fanica comida elaborada que reciben&#8221;, concluy\u00f3. <\/p>\n","protected":false},"excerpt":{"rendered":"<p>En una entrevista concedida al canal 4 de Villa Dolores, del Valle de Traslasierra, la secretaria de Prensa de ATE C\u00f3rdoba, Julia Giuliani, explic\u00f3 las causas de la movilizaci\u00f3n que hoy ATE y CTAA llevar\u00e1n a cabo frente a Casa de Gobierno para exigir a la administraci\u00f3n de Juan Schiaretti que regularice la situaci\u00f3n de [&hellip;]<\/p>\n","protected":false},"author":7,"featured_media":32821,"comment_status":"open","ping_status":"open","sticky":false,"template":"","format":"standard","meta":{"_exactmetrics_skip_tracking":false,"_exactmetrics_sitenote_active":false,"_exactmetrics_sitenote_note":"","_exactmetrics_sitenote_category":0,"jnews-multi-image_gallery":[],"jnews_single_post":{"subtitle":"ATE y CTAA llevar\u00e1n a cabo hoy una marcha frente a Casa de Gobierno para exigir a la administraci\u00f3n de Juan Schiaretti que regularice la situaci\u00f3n de 6 mil trabajadoras, donde casi el 80% cobran salarios de miseria -que oscilan entre 13 y 22 mil pesos-, carecen de cargos de planta y de los derechos b\u00e1sicos como licencias por maternidad y enfermedad, no cobran aguinaldo ni el sueldo durante las vacaciones","format":"standard","video":"","gallery":"","source_name":"","source_url":"","via_name":"","via_url":"","override_template":"0","override":[{"template":"1","single_blog_custom":"","parallax":"1","fullscreen":"1","layout":"right-sidebar","sidebar":"default-sidebar","second_sidebar":"default-sidebar","sticky_sidebar":"1","share_position":"top","share_float_style":"share-monocrhome","show_share_counter":"1","show_view_counter":"1","show_featured":"1","show_post_meta":"1","show_post_author":"1","show_post_author_image":"1","show_post_date":"1","post_date_format":"default","post_date_format_custom":"Y\/m\/d","show_post_category":"1","show_post_reading_time":"0","post_reading_time_wpm":"300","show_zoom_button":"0","zoom_button_out_step":"2","zoom_button_in_step":"3","show_post_tag":"1","show_prev_next_post":"1","show_popup_post":"1","number_popup_post":"1","show_author_box":"0","show_post_related":"0","show_inline_post_related":"0"}],"override_image_size":"0","image_override":[{"single_post_thumbnail_size":"crop-500","single_post_gallery_size":"crop-500"}],"trending_post":"0","trending_post_position":"meta","trending_post_label":"Trending","sponsored_post":"0","sponsored_post_label":"Sponsored by","sponsored_post_name":"","sponsored_post_url":"","sponsored_post_logo_enable":"0","sponsored_post_logo":"","sponsored_post_desc":"","disable_ad":"0"},"jnews_primary_category":{"id":""},"jnews_social_meta":{"fb_title":"","fb_description":"","fb_image":"","twitter_title":"","twitter_description":"","twitter_image":""},"jnews_review":[],"enable_review":"0","type":"percentage","name":"","summary":"","brand":"","sku":"","good":[{"good_text":""}],"bad":[{"bad_text":""}],"score_override":"","override_value":"","rating":[{"rating_text":"","rating_number":"10"}],"price":[{"shop":"","price":"","link":"","icon":""}],"jnews_override_counter":{"override_view_counter":"0","view_counter_number":"0","override_share_counter":"0","share_counter_number":"0","override_like_counter":"0","like_counter_number":"0","override_dislike_counter":"0","dislike_counter_number":"0"},"jnews_post_split":{"enable_post_split":"0","post_split":[{"template":"1","tag":"h2","numbering":"asc","mode":"normal","first":"0","enable_toc":"0","toc_type":"normal"}]},"footnotes":""},"categories":[92],"tags":[422,1157,1160,1141,375],"class_list":["post-32818","post","type-post","status-publish","format-standard","has-post-thumbnail","hentry","category-cta","tag-ajuste-schiaretti","tag-auxiliares-paicor","tag-cordoba-2","tag-paicor","tag-schiaretti"],"jetpack_featured_media_url":"https:\/\/atecordoba.org\/wp-content\/uploads\/2022\/07\/juliaentrevista2-e1659018229454.png","_links":{"self":[{"href":"https:\/\/atecordoba.org\/index.php?rest_route=\/wp\/v2\/posts\/32818","targetHints":{"allow":["GET"]}}],"collection":[{"href":"https:\/\/atecordoba.org\/index.php?rest_route=\/wp\/v2\/posts"}],"about":[{"href":"https:\/\/atecordoba.org\/index.php?rest_route=\/wp\/v2\/types\/post"}],"author":[{"embeddable":true,"href":"https:\/\/atecordoba.org\/index.php?rest_route=\/wp\/v2\/users\/7"}],"replies":[{"embeddable":true,"href":"https:\/\/atecordoba.org\/index.php?rest_route=%2Fwp%2Fv2%2Fcomments&post=32818"}],"version-history":[{"count":1,"href":"https:\/\/atecordoba.org\/index.php?rest_route=\/wp\/v2\/posts\/32818\/revisions"}],"predecessor-version":[{"id":32822,"href":"https:\/\/atecordoba.org\/index.php?rest_route=\/wp\/v2\/posts\/32818\/revisions\/32822"}],"wp:featuredmedia":[{"embeddable":true,"href":"https:\/\/atecordoba.org\/index.php?rest_route=\/wp\/v2\/media\/32821"}],"wp:attachment":[{"href":"https:\/\/atecordoba.org\/index.php?rest_route=%2Fwp%2Fv2%2Fmedia&parent=32818"}],"wp:term":[{"taxonomy":"category","embeddable":true,"href":"https:\/\/atecordoba.org\/index.php?rest_route=%2Fwp%2Fv2%2Fcategories&post=32818"},{"taxonomy":"post_tag","embeddable":true,"href":"https:\/\/atecordoba.org\/index.php?rest_route=%2Fwp%2Fv2%2Ftags&post=32818"}],"curies":[{"name":"wp","href":"https:\/\/api.w.org\/{rel}","templated":true}]}}