{"id":32810,"date":"2022-07-27T12:12:29","date_gmt":"2022-07-27T15:12:29","guid":{"rendered":"https:\/\/atecordoba.org\/?p=32810"},"modified":"2022-07-27T14:29:37","modified_gmt":"2022-07-27T17:29:37","slug":"afrodescendientes-estatales-presentes-en-la-legislatura","status":"publish","type":"post","link":"https:\/\/atecordoba.org\/?p=32810","title":{"rendered":"Afrodescendientes: estatales presentes en la Legislatura"},"content":{"rendered":"\n<div class=\"wp-block-image\"><figure class=\"aligncenter size-large is-resized\"><img loading=\"lazy\" decoding=\"async\" src=\"https:\/\/atecordoba.org\/wp-content\/uploads\/2022\/07\/WhatsApp-Image-2022-07-27-at-11.27.35-AM-1024x473.jpeg\" alt=\"\" class=\"wp-image-32811\" width=\"768\" height=\"355\" srcset=\"https:\/\/atecordoba.org\/wp-content\/uploads\/2022\/07\/WhatsApp-Image-2022-07-27-at-11.27.35-AM-1024x473.jpeg 1024w, https:\/\/atecordoba.org\/wp-content\/uploads\/2022\/07\/WhatsApp-Image-2022-07-27-at-11.27.35-AM-300x139.jpeg 300w, https:\/\/atecordoba.org\/wp-content\/uploads\/2022\/07\/WhatsApp-Image-2022-07-27-at-11.27.35-AM-768x355.jpeg 768w, https:\/\/atecordoba.org\/wp-content\/uploads\/2022\/07\/WhatsApp-Image-2022-07-27-at-11.27.35-AM-1536x709.jpeg 1536w, https:\/\/atecordoba.org\/wp-content\/uploads\/2022\/07\/WhatsApp-Image-2022-07-27-at-11.27.35-AM-750x346.jpeg 750w, https:\/\/atecordoba.org\/wp-content\/uploads\/2022\/07\/WhatsApp-Image-2022-07-27-at-11.27.35-AM-1140x527.jpeg 1140w, https:\/\/atecordoba.org\/wp-content\/uploads\/2022\/07\/WhatsApp-Image-2022-07-27-at-11.27.35-AM.jpeg 1600w\" sizes=\"auto, (max-width: 768px) 100vw, 768px\" \/><figcaption>Carina Arg\u00fcello, delegada de ATE, en el centro, junto a dos participantes del encuentro.<\/figcaption><\/figure><\/div>\n\n\n\n<p>El fin de semana se realiz\u00f3 en la Legislatura provincial el VIII Encuentro de Mujeres Afroamericanas, Afrocaribe\u00f1as, Afrolatinas y de la Di\u00e1spora impulsado por la Mesa, titulado &#8216;Hacedoras de Memoria&#8217;, organizado por la Mesa Afro C\u00f3rdoba.<\/p>\n\n\n\n<p>En la ocasi\u00f3n estuvo participando de la actividad la compa\u00f1era Carina Arg\u00fcello, delegada de ATE ANAC, que se reconoce como afrodescendiente y viene participando del espacio que reivindica &#8216;la negritud&#8217;, como llama a la b\u00fasqueda de la identidad que tienen en C\u00f3rdoba las y los descendientes de las y los africanos esclavizados durante el sistema colonial imperante en nuestro pa\u00eds, pero que tambi\u00e9n se extendi\u00f3 una vez alcanzada la independencia nacional y durante el siglo XIX, m\u00e1s all\u00e1 que formalmente se aboliera la esclavitud en 1853, como lo estableci\u00f3 la Constituci\u00f3n nacional.<\/p>\n\n\n\n<div class=\"wp-block-image\"><figure class=\"alignright size-large is-resized\"><img loading=\"lazy\" decoding=\"async\" src=\"https:\/\/atecordoba.org\/wp-content\/uploads\/2022\/07\/WhatsApp-Image-2022-07-27-at-11.33.31-AM-1024x473.jpeg\" alt=\"\" class=\"wp-image-32812\" width=\"512\" height=\"237\" srcset=\"https:\/\/atecordoba.org\/wp-content\/uploads\/2022\/07\/WhatsApp-Image-2022-07-27-at-11.33.31-AM-1024x473.jpeg 1024w, https:\/\/atecordoba.org\/wp-content\/uploads\/2022\/07\/WhatsApp-Image-2022-07-27-at-11.33.31-AM-300x139.jpeg 300w, https:\/\/atecordoba.org\/wp-content\/uploads\/2022\/07\/WhatsApp-Image-2022-07-27-at-11.33.31-AM-768x355.jpeg 768w, https:\/\/atecordoba.org\/wp-content\/uploads\/2022\/07\/WhatsApp-Image-2022-07-27-at-11.33.31-AM-1536x709.jpeg 1536w, https:\/\/atecordoba.org\/wp-content\/uploads\/2022\/07\/WhatsApp-Image-2022-07-27-at-11.33.31-AM-750x346.jpeg 750w, https:\/\/atecordoba.org\/wp-content\/uploads\/2022\/07\/WhatsApp-Image-2022-07-27-at-11.33.31-AM-1140x527.jpeg 1140w, https:\/\/atecordoba.org\/wp-content\/uploads\/2022\/07\/WhatsApp-Image-2022-07-27-at-11.33.31-AM.jpeg 1600w\" sizes=\"auto, (max-width: 512px) 100vw, 512px\" \/><\/figure><\/div>\n\n\n\n<p>Entrevistada por el programa radial Entre Todos y Todas, que emite la Secretaria de Prensa de ATE C\u00f3rdoba por GEN FM 107.5 los martes a las 18 horas, Arg\u00fcello explic\u00f3 que &#8220;estoy tratando de encontrar el origen de mis ancestros a pesar que ya tengo muy claro que soy afrodescendiente, para descubrir nuestras identidades. La Mesa Afro de C\u00f3rdoba trabaja en ese camino para visibilizar lo negro en la cultura cordobesa&#8221;.<\/p>\n\n\n\n<p>La delegada de ATE ANAC dijo que &#8220;participaron compa\u00f1eras de otras provincias como Chaco (AfroChac), una compa\u00f1era m\u00e9dica colombiana que hablo sobre la salud mental de los afrodescendientes. Y terminamos con una actividad de danza para celebrar a nuestros ancestros generando una energ\u00eda re linda. Hay que seguir visibilizando la C\u00f3rdoba negra, militar la negritud, desde la reivindicaci\u00f3n hist\u00f3rica, cultural y entender tambi\u00e9n que el racismo est\u00e1 instalado en las instituciones&#8221;.<\/p>\n\n\n\n<p>En la Legislatura se dio un espacio para el arte y compa\u00f1eras afrodescendientes hicieron muestras, al tiempo que hubo lugar para la m\u00fasica. &#8220;Hay que recuperar tambi\u00e9n el valor del tambor como instrumento de comunicaci\u00f3n de nuestros antepasados y el caj\u00f3n peruano tambi\u00e9n&#8221;, apunta. <\/p>\n\n\n\n<p>Y consider\u00f3 que muy sorprendentemente hay una explosi\u00f3n de participaci\u00f3n de mujeres en estos espacios.<\/p>\n\n\n\n<div class=\"wp-block-image\"><figure class=\"aligncenter size-large is-resized\"><img loading=\"lazy\" decoding=\"async\" src=\"https:\/\/atecordoba.org\/wp-content\/uploads\/2022\/07\/WhatsApp-Image-2022-07-27-at-11.29.27-AM-1024x473.jpeg\" alt=\"\" class=\"wp-image-32813\" width=\"768\" height=\"355\" srcset=\"https:\/\/atecordoba.org\/wp-content\/uploads\/2022\/07\/WhatsApp-Image-2022-07-27-at-11.29.27-AM-1024x473.jpeg 1024w, https:\/\/atecordoba.org\/wp-content\/uploads\/2022\/07\/WhatsApp-Image-2022-07-27-at-11.29.27-AM-300x139.jpeg 300w, https:\/\/atecordoba.org\/wp-content\/uploads\/2022\/07\/WhatsApp-Image-2022-07-27-at-11.29.27-AM-768x355.jpeg 768w, https:\/\/atecordoba.org\/wp-content\/uploads\/2022\/07\/WhatsApp-Image-2022-07-27-at-11.29.27-AM-1536x709.jpeg 1536w, https:\/\/atecordoba.org\/wp-content\/uploads\/2022\/07\/WhatsApp-Image-2022-07-27-at-11.29.27-AM-750x346.jpeg 750w, https:\/\/atecordoba.org\/wp-content\/uploads\/2022\/07\/WhatsApp-Image-2022-07-27-at-11.29.27-AM-1140x527.jpeg 1140w, https:\/\/atecordoba.org\/wp-content\/uploads\/2022\/07\/WhatsApp-Image-2022-07-27-at-11.29.27-AM.jpeg 1600w\" sizes=\"auto, (max-width: 768px) 100vw, 768px\" \/><\/figure><\/div>\n\n\n\n<p>&#8220;Parece que la negritud tiene que ser justificada con registros, con libros, con fechas, porque sino parece que no es v\u00e1lido, pero descubr\u00ed que hay otras organizaciones que visibilizan de diferentes maneras la presencia de los negros. Es el caso de los chicos de \u2018Conversa Negra\u2019 que se dedicaron a dar a conocer sobre las \u2018tejas musleras\u2019, que se denominan as\u00ed porque est\u00e1n hechas sobre los muslos de nuestros ancestros con barro. Creo que eso fue la parte m\u00e1s fuerte y conmovedora porque va a la fibra \u00edntima&#8221;, a\u00f1adi\u00f3 . <\/p>\n\n\n\n<p>Y concluy\u00f3 &#8220;ahora sabemos que hubo gente que pon\u00eda sus dos piernas para construir las estancias jesu\u00edticas, que la alba\u00f1iler\u00eda fue un oficio ejercido por los negros y podemos cuestionar que todas las riquezas de las estancias se debieron precisamente al trabajo de personas esclavizadas. Esto no sucedi\u00f3 porque hubiera gente que estuviera dispuesta a migrar a nuestra tierra, sino que hubo un tr\u00e1fico de personas, una esclavizaci\u00f3n y que eso fue durante mucho tiempo, despu\u00e9s de la liberaci\u00f3n de los esclavos en 1853 manteniendo ese tipo de opresi\u00f3n&#8221;.<\/p>\n","protected":false},"excerpt":{"rendered":"<p>El fin de semana se realiz\u00f3 en la Legislatura provincial el VIII Encuentro de Mujeres Afroamericanas, Afrocaribe\u00f1as, Afrolatinas y de la Di\u00e1spora impulsado por la Mesa, titulado &#8216;Hacedoras de Memoria&#8217;, organizado por la Mesa Afro C\u00f3rdoba. En la ocasi\u00f3n estuvo participando de la actividad la compa\u00f1era Carina Arg\u00fcello, delegada de ATE ANAC, que se reconoce [&hellip;]<\/p>\n","protected":false},"author":7,"featured_media":32814,"comment_status":"open","ping_status":"open","sticky":false,"template":"","format":"standard","meta":{"_exactmetrics_skip_tracking":false,"_exactmetrics_sitenote_active":false,"_exactmetrics_sitenote_note":"","_exactmetrics_sitenote_category":0,"jnews-multi-image_gallery":[],"jnews_single_post":{"subtitle":"Se trat\u00f3 de una actividad que busca afianzar la identidad negra de las y los descendientes de las personas esclavizadas de C\u00f3rdoba.","format":"standard","video":"","gallery":"","source_name":"","source_url":"","via_name":"","via_url":"","override_template":"0","override":[{"template":"1","single_blog_custom":"","parallax":"1","fullscreen":"1","layout":"right-sidebar","sidebar":"default-sidebar","second_sidebar":"default-sidebar","sticky_sidebar":"1","share_position":"top","share_float_style":"share-monocrhome","show_share_counter":"1","show_view_counter":"1","show_featured":"1","show_post_meta":"1","show_post_author":"1","show_post_author_image":"1","show_post_date":"1","post_date_format":"default","post_date_format_custom":"Y\/m\/d","show_post_category":"1","show_post_reading_time":"0","post_reading_time_wpm":"300","show_zoom_button":"0","zoom_button_out_step":"2","zoom_button_in_step":"3","show_post_tag":"1","show_prev_next_post":"1","show_popup_post":"1","number_popup_post":"1","show_author_box":"0","show_post_related":"0","show_inline_post_related":"0"}],"override_image_size":"0","image_override":[{"single_post_thumbnail_size":"crop-500","single_post_gallery_size":"crop-500"}],"trending_post":"0","trending_post_position":"meta","trending_post_label":"Trending","sponsored_post":"0","sponsored_post_label":"Sponsored by","sponsored_post_name":"","sponsored_post_url":"","sponsored_post_logo_enable":"0","sponsored_post_logo":"","sponsored_post_desc":"","disable_ad":"0"},"jnews_primary_category":{"id":""},"jnews_social_meta":{"fb_title":"","fb_description":"","fb_image":"","twitter_title":"","twitter_description":"","twitter_image":""},"jnews_review":[],"enable_review":"0","type":"percentage","name":"","summary":"","brand":"","sku":"","good":[{"good_text":""}],"bad":[{"bad_text":""}],"score_override":"","override_value":"","rating":[{"rating_text":"","rating_number":"10"}],"price":[{"shop":"","price":"","link":"","icon":""}],"jnews_override_counter":{"override_view_counter":"0","view_counter_number":"0","override_share_counter":"0","share_counter_number":"0","override_like_counter":"0","like_counter_number":"0","override_dislike_counter":"0","dislike_counter_number":"0"},"jnews_post_split":{"enable_post_split":"0","post_split":[{"template":"1","tag":"h2","numbering":"asc","mode":"normal","first":"0","enable_toc":"0","toc_type":"normal"}]},"footnotes":""},"categories":[341],"tags":[1158,1159],"class_list":["post-32810","post","type-post","status-publish","format-standard","has-post-thumbnail","hentry","category-cdp","tag-afrodescendientes","tag-negros-en-cordoba"],"jetpack_featured_media_url":"https:\/\/atecordoba.org\/wp-content\/uploads\/2022\/07\/portadanegritud-e1658934641352.jpeg","_links":{"self":[{"href":"https:\/\/atecordoba.org\/index.php?rest_route=\/wp\/v2\/posts\/32810","targetHints":{"allow":["GET"]}}],"collection":[{"href":"https:\/\/atecordoba.org\/index.php?rest_route=\/wp\/v2\/posts"}],"about":[{"href":"https:\/\/atecordoba.org\/index.php?rest_route=\/wp\/v2\/types\/post"}],"author":[{"embeddable":true,"href":"https:\/\/atecordoba.org\/index.php?rest_route=\/wp\/v2\/users\/7"}],"replies":[{"embeddable":true,"href":"https:\/\/atecordoba.org\/index.php?rest_route=%2Fwp%2Fv2%2Fcomments&post=32810"}],"version-history":[{"count":2,"href":"https:\/\/atecordoba.org\/index.php?rest_route=\/wp\/v2\/posts\/32810\/revisions"}],"predecessor-version":[{"id":32817,"href":"https:\/\/atecordoba.org\/index.php?rest_route=\/wp\/v2\/posts\/32810\/revisions\/32817"}],"wp:featuredmedia":[{"embeddable":true,"href":"https:\/\/atecordoba.org\/index.php?rest_route=\/wp\/v2\/media\/32814"}],"wp:attachment":[{"href":"https:\/\/atecordoba.org\/index.php?rest_route=%2Fwp%2Fv2%2Fmedia&parent=32810"}],"wp:term":[{"taxonomy":"category","embeddable":true,"href":"https:\/\/atecordoba.org\/index.php?rest_route=%2Fwp%2Fv2%2Fcategories&post=32810"},{"taxonomy":"post_tag","embeddable":true,"href":"https:\/\/atecordoba.org\/index.php?rest_route=%2Fwp%2Fv2%2Ftags&post=32810"}],"curies":[{"name":"wp","href":"https:\/\/api.w.org\/{rel}","templated":true}]}}