{"id":32779,"date":"2022-07-15T12:58:49","date_gmt":"2022-07-15T15:58:49","guid":{"rendered":"https:\/\/atecordoba.org\/?p=32779"},"modified":"2022-07-15T14:29:51","modified_gmt":"2022-07-15T17:29:51","slug":"primera-eleccion-de-delegados-de-ate-en-la-conae-tuvo-importante-participacion-del-sector","status":"publish","type":"post","link":"https:\/\/atecordoba.org\/?p=32779","title":{"rendered":"Primera elecci\u00f3n de delegados de ATE en la CONAE tuvo importante participaci\u00f3n del sector"},"content":{"rendered":"\n<div class=\"wp-block-image\"><figure class=\"aligncenter size-large is-resized\"><img loading=\"lazy\" decoding=\"async\" src=\"https:\/\/atecordoba.org\/wp-content\/uploads\/2022\/07\/IMG-20220715-WA0018-1-1024x461.jpg\" alt=\"\" class=\"wp-image-32787\" width=\"768\" height=\"346\" srcset=\"https:\/\/atecordoba.org\/wp-content\/uploads\/2022\/07\/IMG-20220715-WA0018-1-1024x461.jpg 1024w, https:\/\/atecordoba.org\/wp-content\/uploads\/2022\/07\/IMG-20220715-WA0018-1-300x135.jpg 300w, https:\/\/atecordoba.org\/wp-content\/uploads\/2022\/07\/IMG-20220715-WA0018-1-768x346.jpg 768w, https:\/\/atecordoba.org\/wp-content\/uploads\/2022\/07\/IMG-20220715-WA0018-1-1536x691.jpg 1536w, https:\/\/atecordoba.org\/wp-content\/uploads\/2022\/07\/IMG-20220715-WA0018-1-750x338.jpg 750w, https:\/\/atecordoba.org\/wp-content\/uploads\/2022\/07\/IMG-20220715-WA0018-1-1140x513.jpg 1140w, https:\/\/atecordoba.org\/wp-content\/uploads\/2022\/07\/IMG-20220715-WA0018-1.jpg 1600w\" sizes=\"auto, (max-width: 768px) 100vw, 768px\" \/><\/figure><\/div>\n\n\n\n<p>Ayer se llev\u00f3 a cabo la primera elecci\u00f3n de delegados en la Comisi\u00f3n Nacional de Actividades Espaciales (CONAE) marcando un hito fundamental para proseguir la organizaci\u00f3n gremial del sector.<\/p>\n\n\n\n<p>En la oportunidad, se ubicaron dos urnas: una en la sede de Falda del Carmen y la restante en la sede de CABA del organismo, en el edificio de Paseo Col\u00f3n.<\/p>\n\n\n\n<p>Se trat\u00f3 de una jornada electoral con amplia participaci\u00f3n de las y los compa\u00f1eros del organismo fundamental para el complejo cient\u00edfico-t\u00e9cnico nacional, donde fueron elegidos los compa\u00f1eros Emiliano Baum y Juan Gomez. <\/p>\n\n\n\n<p>&#8220;Estamos muy contentos por la participaci\u00f3n en este elecci\u00f3n, tanto de las y los afiliados como de las y los no afiliados&#8221;, resumi\u00f3 Emiliano Baum. <\/p>\n\n\n\n<figure class=\"wp-block-gallery has-nested-images columns-3 is-cropped wp-block-gallery-1 is-layout-flex wp-block-gallery-is-layout-flex\">\n<figure class=\"wp-block-image size-large\"><img loading=\"lazy\" decoding=\"async\" width=\"768\" height=\"1024\" data-id=\"32788\" src=\"https:\/\/atecordoba.org\/wp-content\/uploads\/2022\/07\/IMG-20220715-WA0014-1-768x1024.jpg\" alt=\"\" class=\"wp-image-32788\" srcset=\"https:\/\/atecordoba.org\/wp-content\/uploads\/2022\/07\/IMG-20220715-WA0014-1-768x1024.jpg 768w, https:\/\/atecordoba.org\/wp-content\/uploads\/2022\/07\/IMG-20220715-WA0014-1-225x300.jpg 225w, https:\/\/atecordoba.org\/wp-content\/uploads\/2022\/07\/IMG-20220715-WA0014-1-750x1000.jpg 750w, https:\/\/atecordoba.org\/wp-content\/uploads\/2022\/07\/IMG-20220715-WA0014-1.jpg 960w\" sizes=\"auto, (max-width: 768px) 100vw, 768px\" \/><\/figure>\n\n\n\n<figure class=\"wp-block-image size-large\"><img loading=\"lazy\" decoding=\"async\" width=\"576\" height=\"1024\" data-id=\"32791\" src=\"https:\/\/atecordoba.org\/wp-content\/uploads\/2022\/07\/IMG-20220715-WA0016-1-576x1024.jpg\" alt=\"\" class=\"wp-image-32791\" srcset=\"https:\/\/atecordoba.org\/wp-content\/uploads\/2022\/07\/IMG-20220715-WA0016-1-576x1024.jpg 576w, https:\/\/atecordoba.org\/wp-content\/uploads\/2022\/07\/IMG-20220715-WA0016-1-169x300.jpg 169w, https:\/\/atecordoba.org\/wp-content\/uploads\/2022\/07\/IMG-20220715-WA0016-1-768x1366.jpg 768w, https:\/\/atecordoba.org\/wp-content\/uploads\/2022\/07\/IMG-20220715-WA0016-1-864x1536.jpg 864w, https:\/\/atecordoba.org\/wp-content\/uploads\/2022\/07\/IMG-20220715-WA0016-1-750x1334.jpg 750w, https:\/\/atecordoba.org\/wp-content\/uploads\/2022\/07\/IMG-20220715-WA0016-1.jpg 899w\" sizes=\"auto, (max-width: 576px) 100vw, 576px\" \/><\/figure>\n\n\n\n<figure class=\"wp-block-image size-large\"><img loading=\"lazy\" decoding=\"async\" width=\"768\" height=\"1024\" data-id=\"32789\" src=\"https:\/\/atecordoba.org\/wp-content\/uploads\/2022\/07\/IMG-20220715-WA0017-1-768x1024.jpg\" alt=\"\" class=\"wp-image-32789\" srcset=\"https:\/\/atecordoba.org\/wp-content\/uploads\/2022\/07\/IMG-20220715-WA0017-1-768x1024.jpg 768w, https:\/\/atecordoba.org\/wp-content\/uploads\/2022\/07\/IMG-20220715-WA0017-1-225x300.jpg 225w, https:\/\/atecordoba.org\/wp-content\/uploads\/2022\/07\/IMG-20220715-WA0017-1-750x1000.jpg 750w, https:\/\/atecordoba.org\/wp-content\/uploads\/2022\/07\/IMG-20220715-WA0017-1.jpg 960w\" sizes=\"auto, (max-width: 768px) 100vw, 768px\" \/><\/figure>\n<\/figure>\n","protected":false},"excerpt":{"rendered":"<p>Ayer se llev\u00f3 a cabo la primera elecci\u00f3n de delegados en la Comisi\u00f3n Nacional de Actividades Espaciales (CONAE) marcando un hito fundamental para proseguir la organizaci\u00f3n gremial del sector. En la oportunidad, se ubicaron dos urnas: una en la sede de Falda del Carmen y la restante en la sede de CABA del organismo, en [&hellip;]<\/p>\n","protected":false},"author":7,"featured_media":32793,"comment_status":"open","ping_status":"open","sticky":false,"template":"","format":"standard","meta":{"_exactmetrics_skip_tracking":false,"_exactmetrics_sitenote_active":false,"_exactmetrics_sitenote_note":"","_exactmetrics_sitenote_category":0,"jnews-multi-image_gallery":[],"jnews_single_post":{"subtitle":"\"Estamos muy contentos por la participaci\u00f3n en este elecci\u00f3n, tanto de las y los afiliados como de las y los no afiliados\", resumi\u00f3 el nuevo delegado Emiliano Baum. ","format":"standard","video":"","gallery":"","source_name":"","source_url":"","via_name":"","via_url":"","override_template":"0","override":[{"template":"1","single_blog_custom":"","parallax":"1","fullscreen":"1","layout":"right-sidebar","sidebar":"default-sidebar","second_sidebar":"default-sidebar","sticky_sidebar":"1","share_position":"top","share_float_style":"share-monocrhome","show_share_counter":"1","show_view_counter":"1","show_featured":"1","show_post_meta":"1","show_post_author":"1","show_post_author_image":"1","show_post_date":"1","post_date_format":"default","post_date_format_custom":"Y\/m\/d","show_post_category":"1","show_post_reading_time":"0","post_reading_time_wpm":"300","show_zoom_button":"0","zoom_button_out_step":"2","zoom_button_in_step":"3","show_post_tag":"1","show_prev_next_post":"1","show_popup_post":"1","number_popup_post":"1","show_author_box":"0","show_post_related":"0","show_inline_post_related":"0"}],"override_image_size":"0","image_override":[{"single_post_thumbnail_size":"crop-500","single_post_gallery_size":"crop-500"}],"trending_post":"0","trending_post_position":"meta","trending_post_label":"Trending","sponsored_post":"0","sponsored_post_label":"Sponsored by","sponsored_post_name":"","sponsored_post_url":"","sponsored_post_logo_enable":"0","sponsored_post_logo":"","sponsored_post_desc":"","disable_ad":"0"},"jnews_primary_category":{"id":""},"jnews_social_meta":{"fb_title":"NACIONALES: Primera elecci\u00f3n de delegados de ATE en la CONAE tuvo importante participaci\u00f3n del sector","fb_description":"","fb_image":"","twitter_title":"","twitter_description":"","twitter_image":""},"jnews_review":[],"enable_review":"0","type":"percentage","name":"","summary":"","brand":"","sku":"","good":[{"good_text":""}],"bad":[{"bad_text":""}],"score_override":"","override_value":"","rating":[{"rating_text":"","rating_number":"10"}],"price":[{"shop":"","price":"","link":"","icon":""}],"jnews_override_counter":{"override_view_counter":"0","view_counter_number":"0","override_share_counter":"0","share_counter_number":"0","override_like_counter":"0","like_counter_number":"0","override_dislike_counter":"0","dislike_counter_number":"0"},"jnews_post_split":{"enable_post_split":"0","post_split":[{"template":"1","tag":"h2","numbering":"asc","mode":"normal","first":"0","enable_toc":"0","toc_type":"normal"}]},"footnotes":""},"categories":[341,18],"tags":[],"class_list":["post-32779","post","type-post","status-publish","format-standard","has-post-thumbnail","hentry","category-cdp","category-nacionales"],"jetpack_featured_media_url":"https:\/\/atecordoba.org\/wp-content\/uploads\/2022\/07\/portadaconae-e1657906183201.jpg","_links":{"self":[{"href":"https:\/\/atecordoba.org\/index.php?rest_route=\/wp\/v2\/posts\/32779","targetHints":{"allow":["GET"]}}],"collection":[{"href":"https:\/\/atecordoba.org\/index.php?rest_route=\/wp\/v2\/posts"}],"about":[{"href":"https:\/\/atecordoba.org\/index.php?rest_route=\/wp\/v2\/types\/post"}],"author":[{"embeddable":true,"href":"https:\/\/atecordoba.org\/index.php?rest_route=\/wp\/v2\/users\/7"}],"replies":[{"embeddable":true,"href":"https:\/\/atecordoba.org\/index.php?rest_route=%2Fwp%2Fv2%2Fcomments&post=32779"}],"version-history":[{"count":1,"href":"https:\/\/atecordoba.org\/index.php?rest_route=\/wp\/v2\/posts\/32779\/revisions"}],"predecessor-version":[{"id":32792,"href":"https:\/\/atecordoba.org\/index.php?rest_route=\/wp\/v2\/posts\/32779\/revisions\/32792"}],"wp:featuredmedia":[{"embeddable":true,"href":"https:\/\/atecordoba.org\/index.php?rest_route=\/wp\/v2\/media\/32793"}],"wp:attachment":[{"href":"https:\/\/atecordoba.org\/index.php?rest_route=%2Fwp%2Fv2%2Fmedia&parent=32779"}],"wp:term":[{"taxonomy":"category","embeddable":true,"href":"https:\/\/atecordoba.org\/index.php?rest_route=%2Fwp%2Fv2%2Fcategories&post=32779"},{"taxonomy":"post_tag","embeddable":true,"href":"https:\/\/atecordoba.org\/index.php?rest_route=%2Fwp%2Fv2%2Ftags&post=32779"}],"curies":[{"name":"wp","href":"https:\/\/api.w.org\/{rel}","templated":true}]}}