{"id":32772,"date":"2022-07-15T10:07:35","date_gmt":"2022-07-15T13:07:35","guid":{"rendered":"https:\/\/atecordoba.org\/?p=32772"},"modified":"2022-07-15T12:29:55","modified_gmt":"2022-07-15T15:29:55","slug":"inedita-inspeccion-de-condiciones-y-medio-ambiente-de-trabajo-en-el-aeropuerto-internacional-cordoba","status":"publish","type":"post","link":"https:\/\/atecordoba.org\/?p=32772","title":{"rendered":"In\u00e9dita inspecci\u00f3n de condiciones y medio ambiente de trabajo en el Aeropuerto Internacional C\u00f3rdoba"},"content":{"rendered":"\n<div class=\"wp-block-image\"><figure class=\"aligncenter size-large is-resized\"><img loading=\"lazy\" decoding=\"async\" src=\"https:\/\/atecordoba.org\/wp-content\/uploads\/2022\/07\/portadaaeropuerto-1024x768.jpg\" alt=\"\" class=\"wp-image-32773\" width=\"768\" height=\"576\" \/><\/figure><\/div>\n\n\n\n<p>Matias Giuliani y Marcela Ch\u00e1vez, miembros del Departamento de Salud Laboral de ATE C\u00f3rdoba se hicieron presentes en las instalaciones del organismo de la Administraci\u00f3n Nacional de Aviaci\u00f3n Civil en el Aeropuerto Internacional C\u00f3rdoba para relevar las condiciones y medio ambiente de trabajo de las y los trabajadores del sector. La recorrida se llev\u00f3 adelante junto a las y los delegados de ATE ANAC Carina Arg\u00fcello y Juan Jos\u00e9 Juarez,<\/p>\n\n\n\n<p>El prop\u00f3sito es elevar un informe sobre el nivel de cumplimiento de la legislaci\u00f3n vigente en materia de higiene y seguridad laboral, que ser\u00e1 presentado a la patronal oportunamente para obtener las reformas correspondientes.<\/p>\n\n\n\n<p>\u201cLos delegados sectoriales informan que la inspecci\u00f3n es un hecho pol\u00edtico hist\u00f3rico porque es la primera vez que un sindicato realiza una medida de este tipo\u201d, destac\u00f3 Giuliani.<\/p>\n\n\n\n<p>Se inspeccionaron los sectores como el Servicio de Salvamento y Extinci\u00f3n de Incendios (SSEI), oficinas del Control Terrestre y en oficinas de Sanidad.<\/p>\n\n\n\n<figure class=\"wp-block-gallery has-nested-images columns-default is-cropped wp-block-gallery-1 is-layout-flex wp-block-gallery-is-layout-flex\">\n<figure class=\"wp-block-image size-large\"><a href=\"https:\/\/atecordoba.org\/wp-content\/uploads\/2022\/07\/FB_IMG_1657826765189.jpg\"><img loading=\"lazy\" decoding=\"async\" width=\"768\" height=\"1024\" data-id=\"32775\" src=\"https:\/\/atecordoba.org\/wp-content\/uploads\/2022\/07\/FB_IMG_1657826765189-768x1024.jpg\" alt=\"\" class=\"wp-image-32775\" srcset=\"https:\/\/atecordoba.org\/wp-content\/uploads\/2022\/07\/FB_IMG_1657826765189-768x1024.jpg 768w, https:\/\/atecordoba.org\/wp-content\/uploads\/2022\/07\/FB_IMG_1657826765189-225x300.jpg 225w, https:\/\/atecordoba.org\/wp-content\/uploads\/2022\/07\/FB_IMG_1657826765189-750x1000.jpg 750w, https:\/\/atecordoba.org\/wp-content\/uploads\/2022\/07\/FB_IMG_1657826765189.jpg 867w\" sizes=\"auto, (max-width: 768px) 100vw, 768px\" \/><\/a><\/figure>\n\n\n\n<figure class=\"wp-block-image size-large\"><a href=\"https:\/\/atecordoba.org\/wp-content\/uploads\/2022\/07\/FB_IMG_1657826774484.jpg\"><img loading=\"lazy\" decoding=\"async\" width=\"1024\" height=\"473\" data-id=\"32774\" src=\"https:\/\/atecordoba.org\/wp-content\/uploads\/2022\/07\/FB_IMG_1657826774484-1024x473.jpg\" alt=\"\" class=\"wp-image-32774\" srcset=\"https:\/\/atecordoba.org\/wp-content\/uploads\/2022\/07\/FB_IMG_1657826774484-1024x473.jpg 1024w, https:\/\/atecordoba.org\/wp-content\/uploads\/2022\/07\/FB_IMG_1657826774484-300x139.jpg 300w, https:\/\/atecordoba.org\/wp-content\/uploads\/2022\/07\/FB_IMG_1657826774484-768x355.jpg 768w, https:\/\/atecordoba.org\/wp-content\/uploads\/2022\/07\/FB_IMG_1657826774484-750x347.jpg 750w, https:\/\/atecordoba.org\/wp-content\/uploads\/2022\/07\/FB_IMG_1657826774484.jpg 1080w\" sizes=\"auto, (max-width: 1024px) 100vw, 1024px\" \/><\/a><\/figure>\n\n\n\n<figure class=\"wp-block-image size-large\"><a href=\"https:\/\/atecordoba.org\/wp-content\/uploads\/2022\/07\/FB_IMG_1657826761420.jpg\"><img loading=\"lazy\" decoding=\"async\" width=\"768\" height=\"1024\" data-id=\"32776\" src=\"https:\/\/atecordoba.org\/wp-content\/uploads\/2022\/07\/FB_IMG_1657826761420-768x1024.jpg\" alt=\"\" class=\"wp-image-32776\" srcset=\"https:\/\/atecordoba.org\/wp-content\/uploads\/2022\/07\/FB_IMG_1657826761420-768x1024.jpg 768w, https:\/\/atecordoba.org\/wp-content\/uploads\/2022\/07\/FB_IMG_1657826761420-225x300.jpg 225w, https:\/\/atecordoba.org\/wp-content\/uploads\/2022\/07\/FB_IMG_1657826761420-750x1000.jpg 750w, https:\/\/atecordoba.org\/wp-content\/uploads\/2022\/07\/FB_IMG_1657826761420.jpg 1080w\" sizes=\"auto, (max-width: 768px) 100vw, 768px\" \/><\/a><\/figure>\n<\/figure>\n","protected":false},"excerpt":{"rendered":"<p>Matias Giuliani y Marcela Ch\u00e1vez, miembros del Departamento de Salud Laboral de ATE C\u00f3rdoba se hicieron presentes en las instalaciones del organismo de la Administraci\u00f3n Nacional de Aviaci\u00f3n Civil en el Aeropuerto Internacional C\u00f3rdoba para relevar las condiciones y medio ambiente de trabajo de las y los trabajadores del sector. La recorrida se llev\u00f3 adelante [&hellip;]<\/p>\n","protected":false},"author":7,"featured_media":32773,"comment_status":"open","ping_status":"open","sticky":false,"template":"","format":"standard","meta":{"_exactmetrics_skip_tracking":false,"_exactmetrics_sitenote_active":false,"_exactmetrics_sitenote_note":"","_exactmetrics_sitenote_category":0,"jnews-multi-image_gallery":[],"jnews_single_post":{"subtitle":"\u201cLas y los delegados sectoriales informan que la inspecci\u00f3n es un hecho pol\u00edtico hist\u00f3rico porque es la primera vez que un sindicato realiza una medida de este tipo\u201d, destac\u00f3 Mat\u00edas Giuliani, del Departamento de Higiene y Salud Laboral del CDP..","format":"standard","video":"","gallery":"","source_name":"","source_url":"","via_name":"","via_url":"","override_template":"0","override":[{"template":"1","single_blog_custom":"","parallax":"1","fullscreen":"1","layout":"right-sidebar","sidebar":"default-sidebar","second_sidebar":"default-sidebar","sticky_sidebar":"1","share_position":"top","share_float_style":"share-monocrhome","show_share_counter":"1","show_view_counter":"1","show_featured":"1","show_post_meta":"1","show_post_author":"1","show_post_author_image":"1","show_post_date":"1","post_date_format":"default","post_date_format_custom":"Y\/m\/d","show_post_category":"1","show_post_reading_time":"0","post_reading_time_wpm":"300","show_zoom_button":"0","zoom_button_out_step":"2","zoom_button_in_step":"3","show_post_tag":"1","show_prev_next_post":"1","show_popup_post":"1","number_popup_post":"1","show_author_box":"0","show_post_related":"0","show_inline_post_related":"0"}],"override_image_size":"0","image_override":[{"single_post_thumbnail_size":"crop-500","single_post_gallery_size":"crop-500"}],"trending_post":"0","trending_post_position":"meta","trending_post_label":"Trending","sponsored_post":"0","sponsored_post_label":"Sponsored by","sponsored_post_name":"","sponsored_post_url":"","sponsored_post_logo_enable":"0","sponsored_post_logo":"","sponsored_post_desc":"","disable_ad":"0"},"jnews_primary_category":{"id":""},"jnews_social_meta":{"fb_title":"","fb_description":"","fb_image":"","twitter_title":"","twitter_description":"","twitter_image":""},"jnews_review":[],"enable_review":"0","type":"percentage","name":"","summary":"","brand":"","sku":"","good":[{"good_text":""}],"bad":[{"bad_text":""}],"score_override":"","override_value":"","rating":[{"rating_text":"","rating_number":"10"}],"price":[{"shop":"","price":"","link":"","icon":""}],"jnews_override_counter":{"override_view_counter":"0","view_counter_number":"0","override_share_counter":"0","share_counter_number":"0","override_like_counter":"0","like_counter_number":"0","override_dislike_counter":"0","dislike_counter_number":"0"},"jnews_post_split":{"enable_post_split":"0","post_split":[{"template":"1","tag":"h2","numbering":"asc","mode":"normal","first":"0","enable_toc":"0","toc_type":"normal"}]},"footnotes":""},"categories":[549],"tags":[565],"class_list":["post-32772","post","type-post","status-publish","format-standard","has-post-thumbnail","hentry","category-cymat","tag-aeropuerto-cordoba"],"jetpack_featured_media_url":"https:\/\/atecordoba.org\/wp-content\/uploads\/2022\/07\/portadaaeropuerto-e1657890448566.jpg","_links":{"self":[{"href":"https:\/\/atecordoba.org\/index.php?rest_route=\/wp\/v2\/posts\/32772","targetHints":{"allow":["GET"]}}],"collection":[{"href":"https:\/\/atecordoba.org\/index.php?rest_route=\/wp\/v2\/posts"}],"about":[{"href":"https:\/\/atecordoba.org\/index.php?rest_route=\/wp\/v2\/types\/post"}],"author":[{"embeddable":true,"href":"https:\/\/atecordoba.org\/index.php?rest_route=\/wp\/v2\/users\/7"}],"replies":[{"embeddable":true,"href":"https:\/\/atecordoba.org\/index.php?rest_route=%2Fwp%2Fv2%2Fcomments&post=32772"}],"version-history":[{"count":2,"href":"https:\/\/atecordoba.org\/index.php?rest_route=\/wp\/v2\/posts\/32772\/revisions"}],"predecessor-version":[{"id":32778,"href":"https:\/\/atecordoba.org\/index.php?rest_route=\/wp\/v2\/posts\/32772\/revisions\/32778"}],"wp:featuredmedia":[{"embeddable":true,"href":"https:\/\/atecordoba.org\/index.php?rest_route=\/wp\/v2\/media\/32773"}],"wp:attachment":[{"href":"https:\/\/atecordoba.org\/index.php?rest_route=%2Fwp%2Fv2%2Fmedia&parent=32772"}],"wp:term":[{"taxonomy":"category","embeddable":true,"href":"https:\/\/atecordoba.org\/index.php?rest_route=%2Fwp%2Fv2%2Fcategories&post=32772"},{"taxonomy":"post_tag","embeddable":true,"href":"https:\/\/atecordoba.org\/index.php?rest_route=%2Fwp%2Fv2%2Ftags&post=32772"}],"curies":[{"name":"wp","href":"https:\/\/api.w.org\/{rel}","templated":true}]}}