{"id":32768,"date":"2022-07-14T15:20:47","date_gmt":"2022-07-14T18:20:47","guid":{"rendered":"https:\/\/atecordoba.org\/?p=32768"},"modified":"2022-07-14T15:20:51","modified_gmt":"2022-07-14T18:20:51","slug":"auxiliares-de-paicor-nosotras-somos-la-patria-y-hoy-la-patria-demanda","status":"publish","type":"post","link":"https:\/\/atecordoba.org\/?p=32768","title":{"rendered":"Auxiliares de PAICOR: &#8220;nosotras somos la patria y hoy la patria demanda&#8221;"},"content":{"rendered":"\n<div class=\"wp-block-image\"><figure class=\"aligncenter size-large is-resized\"><img loading=\"lazy\" decoding=\"async\" src=\"https:\/\/atecordoba.org\/wp-content\/uploads\/2022\/07\/WhatsApp-Image-2022-07-14-at-9.46.52-AM-1-1024x589.jpeg\" alt=\"\" class=\"wp-image-32769\" width=\"768\" height=\"442\" srcset=\"https:\/\/atecordoba.org\/wp-content\/uploads\/2022\/07\/WhatsApp-Image-2022-07-14-at-9.46.52-AM-1-1024x589.jpeg 1024w, https:\/\/atecordoba.org\/wp-content\/uploads\/2022\/07\/WhatsApp-Image-2022-07-14-at-9.46.52-AM-1-300x173.jpeg 300w, https:\/\/atecordoba.org\/wp-content\/uploads\/2022\/07\/WhatsApp-Image-2022-07-14-at-9.46.52-AM-1-768x442.jpeg 768w, https:\/\/atecordoba.org\/wp-content\/uploads\/2022\/07\/WhatsApp-Image-2022-07-14-at-9.46.52-AM-1-750x431.jpeg 750w, https:\/\/atecordoba.org\/wp-content\/uploads\/2022\/07\/WhatsApp-Image-2022-07-14-at-9.46.52-AM-1-1140x656.jpeg 1140w, https:\/\/atecordoba.org\/wp-content\/uploads\/2022\/07\/WhatsApp-Image-2022-07-14-at-9.46.52-AM-1.jpeg 1250w\" sizes=\"auto, (max-width: 768px) 100vw, 768px\" \/><\/figure><\/div>\n\n\n\n<p>Tras la realizaci\u00f3n de la asamblea fundante en R\u00edo Tercero<a href=\"https:\/\/atecordoba.org\/?p=32696\"> el pasado fin de semana<\/a>, que congreg\u00f3 a auxiliares de PAICOR de varias localidades de la provincia, el programa radial Entre Todos y Todas, que emite la Secretaria de Prensa de ATE C\u00f3rdoba todos los martes a las 18 horas por GEN FM 107.5, entrevist\u00f3 a la trabajadora Ruth Deniz, para que hacer un balance de la jornada, que anticipa la marcha a casa de gobierno en reclamo de mejoras salariales y de condiciones  de trabajo. La movilizaci\u00f3n se realizar\u00e1 el 28 de julio. <\/p>\n\n\n\n<p>&#8220;Este mes cobr\u00e9 21.200&#8221;, comienza Ruth para relatar su historia. &#8220;No tenemos absolutamente nada, ni aportes previsionales, ni alg\u00fan otro beneficio social. Nos dicen que somos un plan social y es mentira simplemente estamos en negro&#8221;, cuenta.<\/p>\n\n\n\n<p>Seg\u00fan la referente de R\u00edo Tercero, &#8220;entramos como auxiliares de PAICOR, a cargo de la limpieza y una ayuda para los chicos pero hoy terminamos haciendo todo, cocinando, tareas de administraci\u00f3n, limpieza. Ac\u00e1 en R\u00edo Tercero son 16 planta permanente que se est\u00e1n jubilando y en vez de reponer personal con las que venimos trabajando, cada vez nos tienen en peores condiciones. Claro que al gobierno le conviene porque, por el mismo trabajo, una planta permanente cobra cuatro veces m\u00e1s que nosotras&#8221;.<\/p>\n\n\n\n<p><strong>Alimentaci\u00f3n indispensable<\/strong><\/p>\n\n\n\n<p>&#8220;En mi colegio somos tres para darle de comer a 181 chicos, pero otro colegio primario tiene 400 chicos con cuatro auxiliares. Es incre\u00edble ver como aument\u00f3 el padr\u00f3n de chicos despu\u00e9s de la pandemia. Cuando iniciamos el a\u00f1o los chicos van entrando al padr\u00f3n por tandas, cada vez que se abre entran m\u00e1s chicos. Se siente much\u00edsimo. Te das cuenta que los chicos est\u00e1n desesp\u00e9rados porque llegue el lunes para comer, y te piden repetir dos o tres veces, se toma dos tasas de leche o se come cuatro o cinco biscochos. Por ya viene con hambre de la casa&#8221;, explica Deniz.<\/p>\n\n\n\n<p><strong>Aprietes y solidaridades<\/strong><\/p>\n\n\n\n<p>Durante la entrevista cuenta Ruth que &#8220;el gobierno provincial manda a los intendentes a presionar a las compa\u00f1eras para que no se quejen por la situaci\u00f3n penosa que atravesamos. Pero la patria somos nosotras, las que nos levantamos cada ma\u00f1ana a darle de comer a los chicos. Y la patria hoy demanda. Los pol\u00edticos tienen que resolverlo, si no qui\u00e9n?&#8221;<\/p>\n\n\n\n<p>Y agradeci\u00f3 la solidaridad &#8220;de los petroqu\u00edmicos, los aceiteros de Tancacha y poco a poco fuimos juntando apoyos hasta que llegamos a la CTA Aut\u00f3noma&#8221;.<\/p>\n","protected":false},"excerpt":{"rendered":"<p>Tras la realizaci\u00f3n de la asamblea fundante en R\u00edo Tercero el pasado fin de semana, que congreg\u00f3 a auxiliares de PAICOR de varias localidades de la provincia, el programa radial Entre Todos y Todas, que emite la Secretaria de Prensa de ATE C\u00f3rdoba todos los martes a las 18 horas por GEN FM 107.5, entrevist\u00f3 [&hellip;]<\/p>\n","protected":false},"author":7,"featured_media":32770,"comment_status":"open","ping_status":"open","sticky":false,"template":"","format":"standard","meta":{"_exactmetrics_skip_tracking":false,"_exactmetrics_sitenote_active":false,"_exactmetrics_sitenote_note":"","_exactmetrics_sitenote_category":0,"jnews-multi-image_gallery":[],"jnews_single_post":{"subtitle":"En la asamblea realizada el fin de semana en R\u00edo Tercero, las trabajadoras resolvieron movilizar a la Casa de Gobierno para pedir mejoras salariales y pase a planta permanente. Cobran 22 mil pesos y en negro.","format":"standard","video":"","gallery":"","source_name":"","source_url":"","via_name":"","via_url":"","override_template":"0","override":[{"template":"1","single_blog_custom":"","parallax":"1","fullscreen":"1","layout":"right-sidebar","sidebar":"default-sidebar","second_sidebar":"default-sidebar","sticky_sidebar":"1","share_position":"top","share_float_style":"share-monocrhome","show_share_counter":"1","show_view_counter":"1","show_featured":"1","show_post_meta":"1","show_post_author":"1","show_post_author_image":"1","show_post_date":"1","post_date_format":"default","post_date_format_custom":"Y\/m\/d","show_post_category":"1","show_post_reading_time":"0","post_reading_time_wpm":"300","show_zoom_button":"0","zoom_button_out_step":"2","zoom_button_in_step":"3","show_post_tag":"1","show_prev_next_post":"1","show_popup_post":"1","number_popup_post":"1","show_author_box":"0","show_post_related":"0","show_inline_post_related":"0"}],"override_image_size":"0","image_override":[{"single_post_thumbnail_size":"crop-500","single_post_gallery_size":"crop-500"}],"trending_post":"0","trending_post_position":"meta","trending_post_label":"Trending","sponsored_post":"0","sponsored_post_label":"Sponsored by","sponsored_post_name":"","sponsored_post_url":"","sponsored_post_logo_enable":"0","sponsored_post_logo":"","sponsored_post_desc":"","disable_ad":"0"},"jnews_primary_category":{"id":""},"jnews_social_meta":{"fb_title":"","fb_description":"","fb_image":"","twitter_title":"","twitter_description":"","twitter_image":""},"jnews_review":[],"enable_review":"0","type":"percentage","name":"","summary":"","brand":"","sku":"","good":[{"good_text":""}],"bad":[{"bad_text":""}],"score_override":"","override_value":"","rating":[{"rating_text":"","rating_number":"10"}],"price":[{"shop":"","price":"","link":"","icon":""}],"jnews_override_counter":{"override_view_counter":"0","view_counter_number":"0","override_share_counter":"0","share_counter_number":"0","override_like_counter":"0","like_counter_number":"0","override_dislike_counter":"0","dislike_counter_number":"0"},"jnews_post_split":{"enable_post_split":"0","post_split":[{"template":"1","tag":"h2","numbering":"asc","mode":"normal","first":"0","enable_toc":"0","toc_type":"normal"}]},"footnotes":""},"categories":[92],"tags":[1157,480],"class_list":["post-32768","post","type-post","status-publish","format-standard","has-post-thumbnail","hentry","category-cta","tag-auxiliares-paicor","tag-ctaa"],"jetpack_featured_media_url":"https:\/\/atecordoba.org\/wp-content\/uploads\/2022\/07\/auciportada-e1657822688781.jpeg","_links":{"self":[{"href":"https:\/\/atecordoba.org\/index.php?rest_route=\/wp\/v2\/posts\/32768","targetHints":{"allow":["GET"]}}],"collection":[{"href":"https:\/\/atecordoba.org\/index.php?rest_route=\/wp\/v2\/posts"}],"about":[{"href":"https:\/\/atecordoba.org\/index.php?rest_route=\/wp\/v2\/types\/post"}],"author":[{"embeddable":true,"href":"https:\/\/atecordoba.org\/index.php?rest_route=\/wp\/v2\/users\/7"}],"replies":[{"embeddable":true,"href":"https:\/\/atecordoba.org\/index.php?rest_route=%2Fwp%2Fv2%2Fcomments&post=32768"}],"version-history":[{"count":1,"href":"https:\/\/atecordoba.org\/index.php?rest_route=\/wp\/v2\/posts\/32768\/revisions"}],"predecessor-version":[{"id":32771,"href":"https:\/\/atecordoba.org\/index.php?rest_route=\/wp\/v2\/posts\/32768\/revisions\/32771"}],"wp:featuredmedia":[{"embeddable":true,"href":"https:\/\/atecordoba.org\/index.php?rest_route=\/wp\/v2\/media\/32770"}],"wp:attachment":[{"href":"https:\/\/atecordoba.org\/index.php?rest_route=%2Fwp%2Fv2%2Fmedia&parent=32768"}],"wp:term":[{"taxonomy":"category","embeddable":true,"href":"https:\/\/atecordoba.org\/index.php?rest_route=%2Fwp%2Fv2%2Fcategories&post=32768"},{"taxonomy":"post_tag","embeddable":true,"href":"https:\/\/atecordoba.org\/index.php?rest_route=%2Fwp%2Fv2%2Ftags&post=32768"}],"curies":[{"name":"wp","href":"https:\/\/api.w.org\/{rel}","templated":true}]}}