{"id":32750,"date":"2022-07-14T12:26:12","date_gmt":"2022-07-14T15:26:12","guid":{"rendered":"https:\/\/atecordoba.org\/?p=32750"},"modified":"2022-07-14T12:26:16","modified_gmt":"2022-07-14T15:26:16","slug":"sectores-nacionales-en-cordoba-rechazan-anuncios-de-la-ministra-batakis-y-anuncian-mas-conflictividad","status":"publish","type":"post","link":"https:\/\/atecordoba.org\/?p=32750","title":{"rendered":"Sectores nacionales en C\u00f3rdoba rechazan anuncios de la ministra Batakis y anuncian m\u00e1s conflictividad"},"content":{"rendered":"\n<div class=\"wp-block-image\"><figure class=\"aligncenter size-full is-resized\"><img loading=\"lazy\" decoding=\"async\" src=\"https:\/\/atecordoba.org\/wp-content\/uploads\/2022\/07\/flyer-saf-14-7.jpg\" alt=\"\" class=\"wp-image-32751\" width=\"720\" height=\"540\" srcset=\"https:\/\/atecordoba.org\/wp-content\/uploads\/2022\/07\/flyer-saf-14-7.jpg 960w, https:\/\/atecordoba.org\/wp-content\/uploads\/2022\/07\/flyer-saf-14-7-300x225.jpg 300w, https:\/\/atecordoba.org\/wp-content\/uploads\/2022\/07\/flyer-saf-14-7-768x576.jpg 768w, https:\/\/atecordoba.org\/wp-content\/uploads\/2022\/07\/flyer-saf-14-7-750x563.jpg 750w\" sizes=\"auto, (max-width: 720px) 100vw, 720px\" \/><\/figure><\/div>\n\n\n\n<p>Tras las primeras declaraciones que realiz\u00f3 la nueva ministra de Econom\u00eda Silvia Batakis, <a href=\"https:\/\/www.telam.com.ar\/notas\/202207\/598161-una-a-una-las-medidas-anunciadas-por-batakis.html\">donde fij\u00f3 metas de continuidad del programa que llevaba adelante su antecesor Mart\u00edn Guzm\u00e1n en funci\u00f3n del programa impuesto por el FMI a Argentin<\/a>a pero adicion\u00e1ndole medidas como el congelamiento de vacantes en el Estado nacional y un freno a la recuperaci\u00f3n salarial, distintos organismos anuncian estado de alerta o ya directamente avanzan con medidas de fuerza. <\/p>\n\n\n\n<p>Por caso, la Secretaria de Agricultura Familiar (SAF) se encuentra moviliz\u00e1ndose hoy en una Jornada Nacional de Lucha, que en C\u00f3rdoba tuvo se expresi\u00f3n la participaci\u00f3n de ATE-SAF en la marcha de Unidad Piquetera que se concentran frente al Patio Olmos. <\/p>\n\n\n\n<div class=\"wp-block-image\"><figure class=\"alignright size-large is-resized\"><img loading=\"lazy\" decoding=\"async\" src=\"https:\/\/atecordoba.org\/wp-content\/uploads\/2022\/07\/WhatsApp-Image-2022-07-14-at-9.46.51-AM-1024x575.jpeg\" alt=\"\" class=\"wp-image-32752\" width=\"512\" height=\"288\" srcset=\"https:\/\/atecordoba.org\/wp-content\/uploads\/2022\/07\/WhatsApp-Image-2022-07-14-at-9.46.51-AM-1024x575.jpeg 1024w, https:\/\/atecordoba.org\/wp-content\/uploads\/2022\/07\/WhatsApp-Image-2022-07-14-at-9.46.51-AM-300x168.jpeg 300w, https:\/\/atecordoba.org\/wp-content\/uploads\/2022\/07\/WhatsApp-Image-2022-07-14-at-9.46.51-AM-768x431.jpeg 768w, https:\/\/atecordoba.org\/wp-content\/uploads\/2022\/07\/WhatsApp-Image-2022-07-14-at-9.46.51-AM-750x421.jpeg 750w, https:\/\/atecordoba.org\/wp-content\/uploads\/2022\/07\/WhatsApp-Image-2022-07-14-at-9.46.51-AM-1140x640.jpeg 1140w, https:\/\/atecordoba.org\/wp-content\/uploads\/2022\/07\/WhatsApp-Image-2022-07-14-at-9.46.51-AM.jpeg 1266w\" sizes=\"auto, (max-width: 512px) 100vw, 512px\" \/><figcaption>El delegado de ATE SAF, Carlos Rang (izquieda).<\/figcaption><\/figure><\/div>\n\n\n\n<p>El delegado de ATE en el organismo, Carlos Rang, dijo que &#8220;nos movilizamos porque en plenarios y asambleas sectoriales evaluamos que estar al l\u00edmite en una negociaci\u00f3n que no avanza.  No podemos conseguir las conquistas m\u00ednimas como las recategorizaciones de trabajadores que cobran por debajo de la l\u00ednea de la indigencia, con menos de 50 mil pesos, faltan reincorporaciones y la precarizaci\u00f3n ya que tenemos el 98% de la planta sin estabilidad laboral. Sabemos que el sector ya fue castigado durante el gobierno anterior cuando despidieron a casi 1000 trabajadores. Por eso resolvieron hacer una jornada de lucha nacional con paro de actividades y visibilizaci\u00f3n en cada provincia. En C\u00f3rdoba marchamos junto a la Unidad Piquetera, frente a los anuncios de la ministra de Econom\u00eda sobre el congelamiento de la planta, el ajuste fiscal todas las medidas para cumplir con el programa del FMI&#8221;.<\/p>\n\n\n\n<p>Adem\u00e1s, el delegado se\u00f1al\u00f3 que &#8220;acompa\u00f1amos el reclamo piquetero por el mejoramiento de su calidad de vida, reclamamos por nuestro sector y por el conjunto de la clase trabajadora que se encuentra muy mal&#8221;.<\/p>\n\n\n\n<p><strong>Ministerio de Trabajo<\/strong><\/p>\n\n\n\n<p>En tanto, en la Agencia Territorial C\u00f3rdoba de la cartera laboral, la delegada de ATE, Malena Berger, dijo que el sector en C\u00f3rdoba se encuentra en \u2018estado de alerta\u2019 frente a las declaraciones de congelamiento de vacantes y ajuste en el estado que hizo la ministra de Econom\u00eda. &#8220;son pol\u00edticas que siguen en la misma l\u00ednea que adopt\u00f3 el gobierno desde un primer momento, si bien mostr\u00f3 tener una predisposici\u00f3n hacia las y los trabajadores, despu\u00e9s le dicen a otros sectores lo que quieren escuchar y a fin de cuentas no se define bien cu\u00e1l es la posici\u00f3n real&#8221;. <\/p>\n\n\n\n<p>Berger evalu\u00f3 que &#8220;como sector nacional tuvimos dos instancias paritarias y una revisi\u00f3n donde el Estado se comprometi\u00f3 como parte de esa negociaci\u00f3n el pase a planta de la mayor\u00eda de las y los compa\u00f1eros que est\u00e1n contratados hace m\u00e1s de 10 a\u00f1os. Entendemos que al haberse congelado las convocatorias una vez realizadas en el Ministerio de Trabajo, van a seguir. Pero no podemos asegurar el nombramiento efectivo y el resto de los beneficios que vienen posteriormente. Por eso hay que estar alertas y entender a quien va dirigido ese discurso: para adentro hablar de una manera y para afuera de otra&#8221;.<\/p>\n\n\n\n<div class=\"wp-block-image\"><figure class=\"alignleft size-large is-resized\"><img loading=\"lazy\" decoding=\"async\" src=\"https:\/\/atecordoba.org\/wp-content\/uploads\/2022\/07\/WhatsApp-Image-2022-07-14-at-9.46.51-AM-1-1024x582.jpeg\" alt=\"\" class=\"wp-image-32753\" width=\"512\" height=\"291\" srcset=\"https:\/\/atecordoba.org\/wp-content\/uploads\/2022\/07\/WhatsApp-Image-2022-07-14-at-9.46.51-AM-1-1024x582.jpeg 1024w, https:\/\/atecordoba.org\/wp-content\/uploads\/2022\/07\/WhatsApp-Image-2022-07-14-at-9.46.51-AM-1-300x170.jpeg 300w, https:\/\/atecordoba.org\/wp-content\/uploads\/2022\/07\/WhatsApp-Image-2022-07-14-at-9.46.51-AM-1-768x436.jpeg 768w, https:\/\/atecordoba.org\/wp-content\/uploads\/2022\/07\/WhatsApp-Image-2022-07-14-at-9.46.51-AM-1-750x426.jpeg 750w, https:\/\/atecordoba.org\/wp-content\/uploads\/2022\/07\/WhatsApp-Image-2022-07-14-at-9.46.51-AM-1-1140x647.jpeg 1140w, https:\/\/atecordoba.org\/wp-content\/uploads\/2022\/07\/WhatsApp-Image-2022-07-14-at-9.46.51-AM-1.jpeg 1266w\" sizes=\"auto, (max-width: 512px) 100vw, 512px\" \/><figcaption>La delegada de ATE Desarrollo Social, Cintia Conesta.<\/figcaption><\/figure><\/div>\n\n\n\n<p><strong>Desarrollo Social<\/strong><\/p>\n\n\n\n<p>A su vez, en las dependencias del Ministerio de Desarrollo Social en C\u00f3rdoba se sinti\u00f3 el impacto de la declaraci\u00f3n de la ministra. La delegada de ATE, Cintia Conesta, explic\u00f3 que &#8220;nos encontramos en medio de un proceso de concurso. Tenemos 70% de contratados en el Ministerio y esto no cay\u00f3 bien. Cabe aclarar que tras los concursos estamos un a\u00f1o a prueba para ingresar definitivamente al Estado nacional, cuando el requisito para concursar era tener una antig\u00fcedad m\u00ednima de 10 a\u00f1os. Hoy tenemos cumpliendo esas condiciones 641 trabajadores, la mayor\u00eda administrativos y t\u00e9cnicos pero es un porcentaje m\u00ednimo de los que estamos contratados y resta el concursos de los profesionales. En la cartera son 4500 quienes deber\u00edan pasar a planta permanente&#8221;.<\/p>\n\n\n\n<p>Respecto al nivel salarial, Conesta dijo que &#8220;tenemos convenio Sinep y somos uno de los sectores m\u00e1s precarizados y de los salarios m\u00e1s bajos del Estado. La paritaria de este a\u00f1o parec\u00eda que mejoraba respecto a los anteriores, pero nuestros salarios siempre est\u00e1n por debajo de la inflaci\u00f3n. Hay compa\u00f1eros que ganan 60 mil pesos, no alcanzan para nada&#8221;. <\/p>\n\n\n\n<p>Y apunt\u00f3 a las condiciones de trabajo porque &#8220;desde la pandemia venimos con una situaci\u00f3n de falta de herramientas para trabajar, de falta de condiciones que el Ministerio no resolvi\u00f3 durante la pandemia, ahora tampoco fue resuelto al volver la presencialidad&#8221;.<\/p>\n\n\n\n<div class=\"wp-block-image\"><figure class=\"alignright size-large is-resized\"><img loading=\"lazy\" decoding=\"async\" src=\"https:\/\/atecordoba.org\/wp-content\/uploads\/2022\/07\/WhatsApp-Image-2022-07-14-at-9.46.52-AM-1024x581.jpeg\" alt=\"\" class=\"wp-image-32754\" width=\"512\" height=\"291\" srcset=\"https:\/\/atecordoba.org\/wp-content\/uploads\/2022\/07\/WhatsApp-Image-2022-07-14-at-9.46.52-AM-1024x581.jpeg 1024w, https:\/\/atecordoba.org\/wp-content\/uploads\/2022\/07\/WhatsApp-Image-2022-07-14-at-9.46.52-AM-300x170.jpeg 300w, https:\/\/atecordoba.org\/wp-content\/uploads\/2022\/07\/WhatsApp-Image-2022-07-14-at-9.46.52-AM-768x435.jpeg 768w, https:\/\/atecordoba.org\/wp-content\/uploads\/2022\/07\/WhatsApp-Image-2022-07-14-at-9.46.52-AM-750x425.jpeg 750w, https:\/\/atecordoba.org\/wp-content\/uploads\/2022\/07\/WhatsApp-Image-2022-07-14-at-9.46.52-AM-1140x646.jpeg 1140w, https:\/\/atecordoba.org\/wp-content\/uploads\/2022\/07\/WhatsApp-Image-2022-07-14-at-9.46.52-AM.jpeg 1254w\" sizes=\"auto, (max-width: 512px) 100vw, 512px\" \/><figcaption>El paritario de Personal Civil V\u00edctor Lecuona (izquierda).<\/figcaption><\/figure><\/div>\n\n\n\n<p>Conesta concluy\u00f3 se\u00f1alando que &#8220;estamos en un proceso de asamblea pero es una situaci\u00f3n compleja. Que se suma a la impresi\u00f3n que dejaron las declaraciones de Batakis, donde los estatales somos un gasto. En C\u00f3rdoba somos 158 trabajadores, de los cuales solo 15 son planta permanente&#8221;.<\/p>\n\n\n\n<p><strong>IOSFA<\/strong><\/p>\n\n\n\n<p>Por \u00faltimo, en el Instituto Obra Social de las Fuerzas Armadas (IOSFA) el delegado paritario V\u00edctor Lecuona denunci\u00f3 que &#8220;el congelamiento de los pases a planta golpea fuerte en nuestro sector. M\u00e1s teniendo en cuenta que el somos alrededor de 4600 trabajadores en todo el pa\u00eds, con 50% est\u00e1 precarizado, cuando el convenio colectivo 214 dice que no pueden superar el 10% los trabajadores en esa condici\u00f3n&#8221;.<\/p>\n\n\n\n<p>Por eso ATE est\u00e1 haciendo asambleas &#8220;mientras vemos que resuelve el organismo, porque al ser un ente descentralizado y aut\u00e1rquico tiene manejo de su presupuesto. Si la patronal tiene predisposici\u00f3n a seguir negociando es una cosa y sino ser\u00e1 otra, pero de brazos cruzados no nos vamos a quedar&#8221;, dijo el paritario.<\/p>\n\n\n\n<p> <\/p>\n","protected":false},"excerpt":{"rendered":"<p>Tras las primeras declaraciones que realiz\u00f3 la nueva ministra de Econom\u00eda Silvia Batakis, donde fij\u00f3 metas de continuidad del programa que llevaba adelante su antecesor Mart\u00edn Guzm\u00e1n en funci\u00f3n del programa impuesto por el FMI a Argentina pero adicion\u00e1ndole medidas como el congelamiento de vacantes en el Estado nacional y un freno a la recuperaci\u00f3n [&hellip;]<\/p>\n","protected":false},"author":7,"featured_media":32755,"comment_status":"open","ping_status":"open","sticky":false,"template":"","format":"standard","meta":{"_exactmetrics_skip_tracking":false,"_exactmetrics_sitenote_active":false,"_exactmetrics_sitenote_note":"","_exactmetrics_sitenote_category":0,"jnews-multi-image_gallery":[],"jnews_single_post":{"subtitle":"Agricultura Familiar, Ministerio de Trabajo, IOSFA y Desarrollo Social son algunos de los organismos afectados por los anuncios de congelamientos de vacantes de la reemplazante de Mart\u00edn Guzm\u00e1n.","format":"standard","video":"","gallery":"","source_name":"","source_url":"","via_name":"","via_url":"","override_template":"0","override":[{"template":"1","single_blog_custom":"","parallax":"1","fullscreen":"1","layout":"right-sidebar","sidebar":"default-sidebar","second_sidebar":"default-sidebar","sticky_sidebar":"1","share_position":"top","share_float_style":"share-monocrhome","show_share_counter":"1","show_view_counter":"1","show_featured":"1","show_post_meta":"1","show_post_author":"1","show_post_author_image":"1","show_post_date":"1","post_date_format":"default","post_date_format_custom":"Y\/m\/d","show_post_category":"1","show_post_reading_time":"0","post_reading_time_wpm":"300","show_zoom_button":"0","zoom_button_out_step":"2","zoom_button_in_step":"3","show_post_tag":"1","show_prev_next_post":"1","show_popup_post":"1","number_popup_post":"1","show_author_box":"0","show_post_related":"0","show_inline_post_related":"0"}],"override_image_size":"0","image_override":[{"single_post_thumbnail_size":"crop-500","single_post_gallery_size":"crop-500"}],"trending_post":"0","trending_post_position":"meta","trending_post_label":"Trending","sponsored_post":"0","sponsored_post_label":"Sponsored by","sponsored_post_name":"","sponsored_post_url":"","sponsored_post_logo_enable":"0","sponsored_post_logo":"","sponsored_post_desc":"","disable_ad":"0"},"jnews_primary_category":{"id":""},"jnews_social_meta":{"fb_title":"","fb_description":"","fb_image":"","twitter_title":"","twitter_description":"","twitter_image":""},"jnews_review":[],"enable_review":"0","type":"percentage","name":"","summary":"","brand":"","sku":"","good":[{"good_text":""}],"bad":[{"bad_text":""}],"score_override":"","override_value":"","rating":[{"rating_text":"","rating_number":"10"}],"price":[{"shop":"","price":"","link":"","icon":""}],"jnews_override_counter":{"override_view_counter":"0","view_counter_number":"0","override_share_counter":"0","share_counter_number":"0","override_like_counter":"0","like_counter_number":"0","override_dislike_counter":"0","dislike_counter_number":"0"},"jnews_post_split":{"enable_post_split":"0","post_split":[{"template":"1","tag":"h2","numbering":"asc","mode":"normal","first":"0","enable_toc":"0","toc_type":"normal"}]},"footnotes":""},"categories":[341,18],"tags":[1156,618],"class_list":["post-32750","post","type-post","status-publish","format-standard","has-post-thumbnail","hentry","category-cdp","category-nacionales","tag-batakis","tag-plan-de-lucha"],"jetpack_featured_media_url":"https:\/\/atecordoba.org\/wp-content\/uploads\/2022\/07\/safportada-e1657812270571.jpg","_links":{"self":[{"href":"https:\/\/atecordoba.org\/index.php?rest_route=\/wp\/v2\/posts\/32750","targetHints":{"allow":["GET"]}}],"collection":[{"href":"https:\/\/atecordoba.org\/index.php?rest_route=\/wp\/v2\/posts"}],"about":[{"href":"https:\/\/atecordoba.org\/index.php?rest_route=\/wp\/v2\/types\/post"}],"author":[{"embeddable":true,"href":"https:\/\/atecordoba.org\/index.php?rest_route=\/wp\/v2\/users\/7"}],"replies":[{"embeddable":true,"href":"https:\/\/atecordoba.org\/index.php?rest_route=%2Fwp%2Fv2%2Fcomments&post=32750"}],"version-history":[{"count":1,"href":"https:\/\/atecordoba.org\/index.php?rest_route=\/wp\/v2\/posts\/32750\/revisions"}],"predecessor-version":[{"id":32756,"href":"https:\/\/atecordoba.org\/index.php?rest_route=\/wp\/v2\/posts\/32750\/revisions\/32756"}],"wp:featuredmedia":[{"embeddable":true,"href":"https:\/\/atecordoba.org\/index.php?rest_route=\/wp\/v2\/media\/32755"}],"wp:attachment":[{"href":"https:\/\/atecordoba.org\/index.php?rest_route=%2Fwp%2Fv2%2Fmedia&parent=32750"}],"wp:term":[{"taxonomy":"category","embeddable":true,"href":"https:\/\/atecordoba.org\/index.php?rest_route=%2Fwp%2Fv2%2Fcategories&post=32750"},{"taxonomy":"post_tag","embeddable":true,"href":"https:\/\/atecordoba.org\/index.php?rest_route=%2Fwp%2Fv2%2Ftags&post=32750"}],"curies":[{"name":"wp","href":"https:\/\/api.w.org\/{rel}","templated":true}]}}